{"id":6121,"date":"2021-01-15T10:03:22","date_gmt":"2021-01-15T10:03:22","guid":{"rendered":"https:\/\/www.spaininvestorsday.com\/?p=6121"},"modified":"2021-11-30T14:17:40","modified_gmt":"2021-11-30T14:17:40","slug":"arancha-gonzalez-laya-ministra-de-exteriores-recuerda-que-espana-esta-en-buena-posicion-para-encarar-los-retos-del-futuro","status":"publish","type":"post","link":"https:\/\/www.spaininvestorsday.com\/en\/arancha-gonzalez-laya-ministra-de-exteriores-recuerda-que-espana-esta-en-buena-posicion-para-encarar-los-retos-del-futuro\/","title":{"rendered":"ARANCHA GONZ\u00c1LEZ LAYA, MINISTRA DE EXTERIORES RECUERDA \u201cQUE ESPA\u00d1A EST\u00c1 EN BUENA POSICI\u00d3N PARA ENCARAR LOS RETOS DEL FUTURO\u201d"},"content":{"rendered":"<ul>\n<li>Isabel D\u00edaz Ayuso, presidenta de la Comunidad de Madrid, ha presentado a la regi\u00f3n como \u201cel motor de la recuperaci\u00f3n de la econom\u00eda espa\u00f1ola\u201d<\/li>\n<li>Xiana Margarida M\u00e9ndez, secretaria de Estado de Comercio y presidenta del ICEX ha explicado que \u201cla internacionalizaci\u00f3n ser\u00e1 parte de la soluci\u00f3n a esta dif\u00edcil situaci\u00f3n econ\u00f3mica\u201d.<\/li>\n<li>Pablo Hern\u00e1ndez de Cos, gobernador del Banco de Espa\u00f1a ha enfatizado que \u201cel papel del sector bancario es fundamental para la econom\u00eda espa\u00f1ola y m\u00e1xime en un periodo de crisis como el actual\u201d<\/li>\n<li>Rodrigo Buenaventura, presidente de la Comisi\u00f3n Nacional del Mercado de Valores, espera que \u201cen un futuro pr\u00f3ximo algunas empresas espa\u00f1olas se animen a solicitar su cotizaci\u00f3n en bolsa\u201d y romper as\u00ed con la sequ\u00eda actual<\/li>\n<li>Benito Berceruelo, presidente del SID ha afirmado que \u201csi se explica a los inversores internacionales la solvencia, internacionalizaci\u00f3n y gobernanza de las empresas espa\u00f1olas, estos confiar\u00e1n en nosotros\u201d<\/li>\n<\/ul>\n<p>14\/01\/2021. La ministra de Exteriores, Uni\u00f3n Europa y Cooperaci\u00f3n, Arancha Gonz\u00e1lez Laya ha presidido la sesi\u00f3n de clausura de la XI edici\u00f3n del Foro econ\u00f3mico <strong><em>Spain Investors Day <\/em><\/strong>(SID) celebrado en Madrid y ha destacado la importancia del encuentro a la hora de diagnosticar \u201clas fortalezas, debilidades y oportunidades de Espa\u00f1a como destino inversor\u201d.<\/p>\n<p>Asimismo, ha aseverado que \u201cla econom\u00eda espa\u00f1ola es s\u00f3lida y fiable\u201d y que el pa\u00eds trabaja para mejorar su competitividad y su peso internacional en un contexto lleno de oportunidades invirtiendo en los sectores que marcar\u00e1n el futuro: \u201cEspa\u00f1a lidera la inversi\u00f3n en hidr\u00f3geno verde, el despliegue de la red 5G y es una potencia en infraestructuras\u201d.<\/p>\n<p>En la clausura del foro, celebrado siguiendo todas las recomendaciones sanitarias, la ministra de Exteriores, Uni\u00f3n Europea y Cooperaci\u00f3n, Arancha Gonz\u00e1lez Laya ha destacado la importancia de la inversi\u00f3n extranjera en Espa\u00f1a: \u201cHay 12.500 empresas internacionales implantadas en nuestro pa\u00eds\u201d.<\/p>\n<p>Por su parte, Isabel D\u00edaz Ayuso, presidenta de la Comunidad de Madrid, ha afirmado que en esta regi\u00f3n \u201cse concentra el talento, las infraestructuras y el respeto a las empresas\u201d por lo que \u201catrae inversiones, empresas y personas\u201d. La presidenta ha enfatizado que Madrid recibe el 80% de la inversi\u00f3n extranjera en Espa\u00f1a y ha defendido la colaboraci\u00f3n p\u00fablico-privada y la fiscalidad competitiva \u201ccomo eje de la recuperaci\u00f3n econ\u00f3mica\u201d.<\/p>\n<p>Xiana Margarida M\u00e9ndez, secretaria de Estado de Comercio y presidenta del ICEX, ha enfatizado que en este ejercicio econ\u00f3mico reci\u00e9n iniciado se prev\u00e9 \u201cun repunte del comercio internacional del 7,2%\u201d, en l\u00ednea con la recuperaci\u00f3n de las exportaciones espa\u00f1olas que \u201cen octubre de 2020 aumentaron un 8,7% respecto al mismo per\u00edodo del a\u00f1o anterior, lo que pone de manifiesto \u201cuna clara recuperaci\u00f3n en el segundo semestre de 2020\u201d.<\/p>\n<p><strong>Presencia de los reguladores en el SID<\/strong><\/p>\n<p>Pablo Hern\u00e1ndez de Cos, gobernador del Banco de Espa\u00f1a, ha subrayado que en Espa\u00f1a \u201ces especialmente importante que los bancos resistan los efectos de la crisis\u201d para conseguir que \u201cla banca mantenga su papel como financiador del mercado\u201d al tiempo que alab\u00f3 \u201cel enfoque prudente en la pol\u00edtica de dividendos de la banca, en l\u00ednea con las recomendaciones de los supervisores europeos\u201d. Hern\u00e1ndez de Cos record\u00f3 tambi\u00e9n que, en este momento, los bancos disfrutan \u201cde condiciones de financiaci\u00f3n privilegiadas\u201d.<\/p>\n<p>Por su parte, en su primera intervenci\u00f3n p\u00fablica como presidente de la CNMV, Rodrigo Buenaventura ha expuesto la buena salud del mercado de capitales espa\u00f1ol que, a pesar de desarrollar su actividad en un entorno muy complejo: \u201cLas compa\u00f1\u00edas espa\u00f1olas han captado 5.800 millones de euros en Ofertas P\u00fablicas de Adquisici\u00f3n (OPAs) y varias compa\u00f1\u00edas cotizadas han conseguido demandas de ampliaci\u00f3n de capital por valor de 7.000 millones de euros\u201d. Buenaventura record\u00f3 tambi\u00e9n que -en el \u00faltimo a\u00f1o- \u201cdos de las tres mayores ampliaciones de capital en la Uni\u00f3n Europea, han sido protagonizadas por empresas espa\u00f1olas\u201d.<\/p>\n<p>El presidente de la CNMV apost\u00f3 tambi\u00e9n por \u201cla diversificaci\u00f3n y la profesionalizaci\u00f3n\u201d como la receta id\u00f3nea para incrementar la presencia de PYMES en el mercado de capitales\u201d.<\/p>\n<p>Finalmente, Benito Berceruelo, presidente del Spain Investors Day, ha afirmado que \u201c2020 ha sido un a\u00f1o dif\u00edcil para Espa\u00f1a\u201d debido a la contracci\u00f3n del sector tur\u00edstico nacional, por lo que es vital que, a trav\u00e9s de la celebraci\u00f3n de foros como el <em>SID,<\/em> \u201cse recupere la confianza en las compa\u00f1\u00edas espa\u00f1olas y en la econom\u00eda nacional\u201d.<\/p>\n<p>El encuentro ha reunido a 248 inversores internacionales de Alemania, Australia, B\u00e9lgica, Canad\u00e1, EE.UU, Emiratos \u00c1rabes, Espa\u00f1a, Francia, Irlandas, Italia, Malasia, Reino Unido, Suecia y Suiza con los principales ejecutivos de 46 cotizadas espa\u00f1olas, que explicar\u00e1n la situaci\u00f3n de sus empresas y los planes para el ejercicio que ahora comienza.\u00a0 Desde la primera edici\u00f3n, el Rey ha sido presidente de Honor del Foro.<\/p>\n<p>Las compa\u00f1\u00edas que han acudido este a\u00f1o al SID son: ACCIONA, ACERINOX, AENA, ALMIRALL, \u00c1RIMA, ATRESMEDIA, AUDAX, BANKINTER, CAIXABANK, CATALANA OCCIDENTE, CECABANK, CIE AUTOMOTIVE, CORPORACI\u00d3N ALBA, EBRO FOODS, ENAG\u00c1S, ENCE, ENDESA, EUSKALTEL, FCC, FERROVIAL, FLUIDRA, GESTAMP, GRIFOLS, GRUPO ACS, IBERDROLA, INDRA, INMOBILIARIA COLONIAL, INTERNATIONAL AIRLINES GROUP, LIBERBANK, MAPFRE, MEDIASET ESPA\u00d1A, MERLIN PROPERTIES, PRISA, PROSEGUR, PROSEGUR CASH, RED EL\u00c9CTRICA DE ESPA\u00d1A, REPSOL, ROVI, SABADELL, SACYR, SOLARIA, T\u00c9CNICAS REUNIDAS, TELEF\u00d3NICA, UNICAJA BANCO, VIDRALA y VOCENTO. Todos los sectores de la actividad empresarial quedan as\u00ed representados en esta nueva edici\u00f3n del SID.<\/p>\n<p><strong><em>Spain Investors Day <\/em><\/strong>cuenta con <strong>BNP PARIBAS<\/strong>, <strong>EXANE BNP PARIBAS como asociados<\/strong>; <strong>GRANT THORNTON, ENDESA<\/strong>, <strong>CECABANK, PRISA como patrocinadores; y BME-SIX<\/strong>,\u00a0 <strong>ICEX-Invest<\/strong> <strong>in Spain<\/strong>,\u00a0 <strong>ICO, LINKLATERS, EQUIPO ECON\u00d3MICO, AON<\/strong> y <strong>AYUNTAMIENTO DE MADRID como colaboradores<\/strong>. El SID es una empresa de ESTUDIO DE COMUNICACI\u00d3N.<\/p>\n","protected":false},"excerpt":{"rendered":"<p>Isabel D\u00edaz Ayuso, presidenta de la Comunidad de Madrid, ha presentado a la regi\u00f3n como \u201cel motor de la recuperaci\u00f3n de la econom\u00eda espa\u00f1ola\u201d Xiana Margarida M\u00e9ndez, secretaria de Estado de Comercio y presidenta del ICEX ha explicado que \u201cla internacionalizaci\u00f3n ser\u00e1 parte de la soluci\u00f3n a esta dif\u00edcil situaci\u00f3n econ\u00f3mica\u201d. Pablo Hern\u00e1ndez de Cos,&hellip; <a class=\"more-link\" href=\"https:\/\/www.spaininvestorsday.com\/en\/arancha-gonzalez-laya-ministra-de-exteriores-recuerda-que-espana-esta-en-buena-posicion-para-encarar-los-retos-del-futuro\/\">Continue reading <span class=\"screen-reader-text\">ARANCHA GONZ\u00c1LEZ LAYA, MINISTRA DE EXTERIORES RECUERDA \u201cQUE ESPA\u00d1A EST\u00c1 EN BUENA POSICI\u00d3N PARA ENCARAR LOS RETOS DEL FUTURO\u201d<\/span><\/a><\/p>\n","protected":false},"author":1,"featured_media":6851,"comment_status":"open","ping_status":"open","sticky":false,"template":"","format":"standard","meta":{"inline_featured_image":false,"footnotes":""},"categories":[16,24,7,5],"tags":[38,39,49,40,60,43,45,22,46,34,26],"class_list":["post-6121","post","type-post","status-publish","format-standard","has-post-thumbnail","hentry","category-16","category-24","category-notas-de-prensa","category-ultimas-noticias","tag-arancha-gonzalez-laya","tag-banco-de-espana","tag-benito-berceruelo","tag-cnmv","tag-isabel-diaz-ayuso","tag-pablo-hernandez-de-cos","tag-rodrigo-buenaventura","tag-sid","tag-sid-xi","tag-spain-investors-day","tag-xiana-margarida-mendez","entry"],"yoast_head":"<!-- This site is optimized with the Yoast SEO plugin v26.6 - https:\/\/yoast.com\/wordpress\/plugins\/seo\/ -->\n<title>ARANCHA GONZ\u00c1LEZ LAYA, MINISTRA DE EXTERIORES RECUERDA \u201cQUE ESPA\u00d1A EST\u00c1 EN BUENA POSICI\u00d3N PARA ENCARAR LOS RETOS DEL FUTURO\u201d - Spain Investors Day<\/title>\n<meta name=\"robots\" content=\"index, follow, max-snippet:-1, max-image-preview:large, max-video-preview:-1\" \/>\n<link rel=\"canonical\" href=\"https:\/\/www.spaininvestorsday.com\/arancha-gonzalez-laya-ministra-de-exteriores-recuerda-que-espana-esta-en-buena-posicion-para-encarar-los-retos-del-futuro\/\" \/>\n<meta property=\"og:locale\" content=\"en_US\" \/>\n<meta property=\"og:type\" content=\"article\" \/>\n<meta property=\"og:title\" content=\"ARANCHA GONZ\u00c1LEZ LAYA, MINISTRA DE EXTERIORES RECUERDA \u201cQUE ESPA\u00d1A EST\u00c1 EN BUENA POSICI\u00d3N PARA ENCARAR LOS RETOS DEL FUTURO\u201d - Spain Investors Day\" \/>\n<meta property=\"og:description\" content=\"Isabel D\u00edaz Ayuso, presidenta de la Comunidad de Madrid, ha presentado a la regi\u00f3n como \u201cel motor de la recuperaci\u00f3n de la econom\u00eda espa\u00f1ola\u201d Xiana Margarida M\u00e9ndez, secretaria de Estado de Comercio y presidenta del ICEX ha explicado que \u201cla internacionalizaci\u00f3n ser\u00e1 parte de la soluci\u00f3n a esta dif\u00edcil situaci\u00f3n econ\u00f3mica\u201d. Pablo Hern\u00e1ndez de Cos,&hellip; Continue reading ARANCHA GONZ\u00c1LEZ LAYA, MINISTRA DE EXTERIORES RECUERDA \u201cQUE ESPA\u00d1A EST\u00c1 EN BUENA POSICI\u00d3N PARA ENCARAR LOS RETOS DEL FUTURO\u201d\" \/>\n<meta property=\"og:url\" content=\"https:\/\/www.spaininvestorsday.com\/arancha-gonzalez-laya-ministra-de-exteriores-recuerda-que-espana-esta-en-buena-posicion-para-encarar-los-retos-del-futuro\/\" \/>\n<meta property=\"og:site_name\" content=\"Spain Investors Day\" \/>\n<meta property=\"article:published_time\" content=\"2021-01-15T10:03:22+00:00\" \/>\n<meta property=\"article:modified_time\" content=\"2021-11-30T14:17:40+00:00\" \/>\n<meta property=\"og:image\" content=\"https:\/\/www.spaininvestorsday.com\/wp-content\/uploads\/2021\/01\/Arancha-Gonzalez-Laya-ministra-de-Asuntos-Exteriores-Union-Europea-y-Cooperacion-1038x576-1.jpg\" \/>\n\t<meta property=\"og:image:width\" content=\"1038\" \/>\n\t<meta property=\"og:image:height\" content=\"576\" \/>\n\t<meta property=\"og:image:type\" content=\"image\/jpeg\" \/>\n<meta name=\"author\" content=\"EDC-_admin\" \/>\n<meta name=\"twitter:card\" content=\"summary_large_image\" \/>\n<meta name=\"twitter:label1\" content=\"Written by\" \/>\n\t<meta name=\"twitter:data1\" content=\"EDC-_admin\" \/>\n\t<meta name=\"twitter:label2\" content=\"Est. reading time\" \/>\n\t<meta name=\"twitter:data2\" content=\"5 minutes\" \/>\n<script type=\"application\/ld+json\" class=\"yoast-schema-graph\">{\"@context\":\"https:\/\/schema.org\",\"@graph\":[{\"@type\":\"Article\",\"@id\":\"https:\/\/www.spaininvestorsday.com\/arancha-gonzalez-laya-ministra-de-exteriores-recuerda-que-espana-esta-en-buena-posicion-para-encarar-los-retos-del-futuro\/#article\",\"isPartOf\":{\"@id\":\"https:\/\/www.spaininvestorsday.com\/arancha-gonzalez-laya-ministra-de-exteriores-recuerda-que-espana-esta-en-buena-posicion-para-encarar-los-retos-del-futuro\/\"},\"author\":{\"name\":\"EDC-_admin\",\"@id\":\"https:\/\/www.spaininvestorsday.com\/#\/schema\/person\/ae10ee2f725c6fbf823e03329aceaef4\"},\"headline\":\"ARANCHA GONZ\u00c1LEZ LAYA, MINISTRA DE EXTERIORES RECUERDA \u201cQUE ESPA\u00d1A EST\u00c1 EN BUENA POSICI\u00d3N PARA ENCARAR LOS RETOS DEL FUTURO\u201d\",\"datePublished\":\"2021-01-15T10:03:22+00:00\",\"dateModified\":\"2021-11-30T14:17:40+00:00\",\"mainEntityOfPage\":{\"@id\":\"https:\/\/www.spaininvestorsday.com\/arancha-gonzalez-laya-ministra-de-exteriores-recuerda-que-espana-esta-en-buena-posicion-para-encarar-los-retos-del-futuro\/\"},\"wordCount\":1023,\"commentCount\":0,\"publisher\":{\"@id\":\"https:\/\/www.spaininvestorsday.com\/#organization\"},\"image\":{\"@id\":\"https:\/\/www.spaininvestorsday.com\/arancha-gonzalez-laya-ministra-de-exteriores-recuerda-que-espana-esta-en-buena-posicion-para-encarar-los-retos-del-futuro\/#primaryimage\"},\"thumbnailUrl\":\"https:\/\/www.spaininvestorsday.com\/wp-content\/uploads\/2021\/01\/Arancha-Gonzalez-Laya-ministra-de-Asuntos-Exteriores-Union-Europea-y-Cooperacion-1038x576-1.jpg\",\"keywords\":[\"arancha gonz\u00e1lez laya\",\"banco de espa\u00f1a\",\"Benito Berceruelo\",\"CNMV\",\"Isabel D\u00edaz Ayuso\",\"pablo hern\u00e1ndez de cos\",\"Rodrigo Buenaventura\",\"SID\",\"SID XI\",\"Spain Investors Day\",\"Xiana Margarida M\u00e9ndez\"],\"articleSection\":[\"2020\",\"2021\",\"Notas de Prensa\",\"Ultimas noticias\"],\"inLanguage\":\"en-US\",\"potentialAction\":[{\"@type\":\"CommentAction\",\"name\":\"Comment\",\"target\":[\"https:\/\/www.spaininvestorsday.com\/arancha-gonzalez-laya-ministra-de-exteriores-recuerda-que-espana-esta-en-buena-posicion-para-encarar-los-retos-del-futuro\/#respond\"]}]},{\"@type\":\"WebPage\",\"@id\":\"https:\/\/www.spaininvestorsday.com\/arancha-gonzalez-laya-ministra-de-exteriores-recuerda-que-espana-esta-en-buena-posicion-para-encarar-los-retos-del-futuro\/\",\"url\":\"https:\/\/www.spaininvestorsday.com\/arancha-gonzalez-laya-ministra-de-exteriores-recuerda-que-espana-esta-en-buena-posicion-para-encarar-los-retos-del-futuro\/\",\"name\":\"ARANCHA GONZ\u00c1LEZ LAYA, MINISTRA DE EXTERIORES RECUERDA \u201cQUE ESPA\u00d1A EST\u00c1 EN BUENA POSICI\u00d3N PARA ENCARAR LOS RETOS DEL FUTURO\u201d - Spain Investors Day\",\"isPartOf\":{\"@id\":\"https:\/\/www.spaininvestorsday.com\/#website\"},\"primaryImageOfPage\":{\"@id\":\"https:\/\/www.spaininvestorsday.com\/arancha-gonzalez-laya-ministra-de-exteriores-recuerda-que-espana-esta-en-buena-posicion-para-encarar-los-retos-del-futuro\/#primaryimage\"},\"image\":{\"@id\":\"https:\/\/www.spaininvestorsday.com\/arancha-gonzalez-laya-ministra-de-exteriores-recuerda-que-espana-esta-en-buena-posicion-para-encarar-los-retos-del-futuro\/#primaryimage\"},\"thumbnailUrl\":\"https:\/\/www.spaininvestorsday.com\/wp-content\/uploads\/2021\/01\/Arancha-Gonzalez-Laya-ministra-de-Asuntos-Exteriores-Union-Europea-y-Cooperacion-1038x576-1.jpg\",\"datePublished\":\"2021-01-15T10:03:22+00:00\",\"dateModified\":\"2021-11-30T14:17:40+00:00\",\"breadcrumb\":{\"@id\":\"https:\/\/www.spaininvestorsday.com\/arancha-gonzalez-laya-ministra-de-exteriores-recuerda-que-espana-esta-en-buena-posicion-para-encarar-los-retos-del-futuro\/#breadcrumb\"},\"inLanguage\":\"en-US\",\"potentialAction\":[{\"@type\":\"ReadAction\",\"target\":[\"https:\/\/www.spaininvestorsday.com\/arancha-gonzalez-laya-ministra-de-exteriores-recuerda-que-espana-esta-en-buena-posicion-para-encarar-los-retos-del-futuro\/\"]}]},{\"@type\":\"ImageObject\",\"inLanguage\":\"en-US\",\"@id\":\"https:\/\/www.spaininvestorsday.com\/arancha-gonzalez-laya-ministra-de-exteriores-recuerda-que-espana-esta-en-buena-posicion-para-encarar-los-retos-del-futuro\/#primaryimage\",\"url\":\"https:\/\/www.spaininvestorsday.com\/wp-content\/uploads\/2021\/01\/Arancha-Gonzalez-Laya-ministra-de-Asuntos-Exteriores-Union-Europea-y-Cooperacion-1038x576-1.jpg\",\"contentUrl\":\"https:\/\/www.spaininvestorsday.com\/wp-content\/uploads\/2021\/01\/Arancha-Gonzalez-Laya-ministra-de-Asuntos-Exteriores-Union-Europea-y-Cooperacion-1038x576-1.jpg\",\"width\":1038,\"height\":576},{\"@type\":\"BreadcrumbList\",\"@id\":\"https:\/\/www.spaininvestorsday.com\/arancha-gonzalez-laya-ministra-de-exteriores-recuerda-que-espana-esta-en-buena-posicion-para-encarar-los-retos-del-futuro\/#breadcrumb\",\"itemListElement\":[{\"@type\":\"ListItem\",\"position\":1,\"name\":\"Portada\",\"item\":\"https:\/\/www.spaininvestorsday.com\/\"},{\"@type\":\"ListItem\",\"position\":2,\"name\":\"ARANCHA GONZ\u00c1LEZ LAYA, MINISTRA DE EXTERIORES RECUERDA \u201cQUE ESPA\u00d1A EST\u00c1 EN BUENA POSICI\u00d3N PARA ENCARAR LOS RETOS DEL FUTURO\u201d\"}]},{\"@type\":\"WebSite\",\"@id\":\"https:\/\/www.spaininvestorsday.com\/#website\",\"url\":\"https:\/\/www.spaininvestorsday.com\/\",\"name\":\"Spain Investors Day\",\"description\":\"El foro profesional \u00fanico en Espa\u00f1a\",\"publisher\":{\"@id\":\"https:\/\/www.spaininvestorsday.com\/#organization\"},\"potentialAction\":[{\"@type\":\"SearchAction\",\"target\":{\"@type\":\"EntryPoint\",\"urlTemplate\":\"https:\/\/www.spaininvestorsday.com\/?s={search_term_string}\"},\"query-input\":{\"@type\":\"PropertyValueSpecification\",\"valueRequired\":true,\"valueName\":\"search_term_string\"}}],\"inLanguage\":\"en-US\"},{\"@type\":\"Organization\",\"@id\":\"https:\/\/www.spaininvestorsday.com\/#organization\",\"name\":\"Spain Investors Day\",\"url\":\"https:\/\/www.spaininvestorsday.com\/\",\"logo\":{\"@type\":\"ImageObject\",\"inLanguage\":\"en-US\",\"@id\":\"https:\/\/www.spaininvestorsday.com\/#\/schema\/logo\/image\/\",\"url\":\"https:\/\/www.spaininvestorsday.com\/wp-content\/uploads\/2021\/10\/SID-2021.svg\",\"contentUrl\":\"https:\/\/www.spaininvestorsday.com\/wp-content\/uploads\/2021\/10\/SID-2021.svg\",\"width\":199,\"height\":79,\"caption\":\"Spain Investors Day\"},\"image\":{\"@id\":\"https:\/\/www.spaininvestorsday.com\/#\/schema\/logo\/image\/\"}},{\"@type\":\"Person\",\"@id\":\"https:\/\/www.spaininvestorsday.com\/#\/schema\/person\/ae10ee2f725c6fbf823e03329aceaef4\",\"name\":\"EDC-_admin\",\"image\":{\"@type\":\"ImageObject\",\"inLanguage\":\"en-US\",\"@id\":\"https:\/\/www.spaininvestorsday.com\/#\/schema\/person\/image\/\",\"url\":\"https:\/\/secure.gravatar.com\/avatar\/3acb441469ca93d86ed0710c10950b284db14f2d3990c5df87796e9bdf5add89?s=96&d=mm&r=g\",\"contentUrl\":\"https:\/\/secure.gravatar.com\/avatar\/3acb441469ca93d86ed0710c10950b284db14f2d3990c5df87796e9bdf5add89?s=96&d=mm&r=g\",\"caption\":\"EDC-_admin\"},\"sameAs\":[\"https:\/\/www.spaininvestorsday.com\"],\"url\":\"https:\/\/www.spaininvestorsday.com\/en\/author\/edc-_admin\/\"}]}<\/script>\n<!-- \/ Yoast SEO plugin. -->","yoast_head_json":{"title":"ARANCHA GONZ\u00c1LEZ LAYA, MINISTRA DE EXTERIORES RECUERDA \u201cQUE ESPA\u00d1A EST\u00c1 EN BUENA POSICI\u00d3N PARA ENCARAR LOS RETOS DEL FUTURO\u201d - Spain Investors Day","robots":{"index":"index","follow":"follow","max-snippet":"max-snippet:-1","max-image-preview":"max-image-preview:large","max-video-preview":"max-video-preview:-1"},"canonical":"https:\/\/www.spaininvestorsday.com\/arancha-gonzalez-laya-ministra-de-exteriores-recuerda-que-espana-esta-en-buena-posicion-para-encarar-los-retos-del-futuro\/","og_locale":"en_US","og_type":"article","og_title":"ARANCHA GONZ\u00c1LEZ LAYA, MINISTRA DE EXTERIORES RECUERDA \u201cQUE ESPA\u00d1A EST\u00c1 EN BUENA POSICI\u00d3N PARA ENCARAR LOS RETOS DEL FUTURO\u201d - Spain Investors Day","og_description":"Isabel D\u00edaz Ayuso, presidenta de la Comunidad de Madrid, ha presentado a la regi\u00f3n como \u201cel motor de la recuperaci\u00f3n de la econom\u00eda espa\u00f1ola\u201d Xiana Margarida M\u00e9ndez, secretaria de Estado de Comercio y presidenta del ICEX ha explicado que \u201cla internacionalizaci\u00f3n ser\u00e1 parte de la soluci\u00f3n a esta dif\u00edcil situaci\u00f3n econ\u00f3mica\u201d. Pablo Hern\u00e1ndez de Cos,&hellip; Continue reading ARANCHA GONZ\u00c1LEZ LAYA, MINISTRA DE EXTERIORES RECUERDA \u201cQUE ESPA\u00d1A EST\u00c1 EN BUENA POSICI\u00d3N PARA ENCARAR LOS RETOS DEL FUTURO\u201d","og_url":"https:\/\/www.spaininvestorsday.com\/arancha-gonzalez-laya-ministra-de-exteriores-recuerda-que-espana-esta-en-buena-posicion-para-encarar-los-retos-del-futuro\/","og_site_name":"Spain Investors Day","article_published_time":"2021-01-15T10:03:22+00:00","article_modified_time":"2021-11-30T14:17:40+00:00","og_image":[{"width":1038,"height":576,"url":"https:\/\/www.spaininvestorsday.com\/wp-content\/uploads\/2021\/01\/Arancha-Gonzalez-Laya-ministra-de-Asuntos-Exteriores-Union-Europea-y-Cooperacion-1038x576-1.jpg","type":"image\/jpeg"}],"author":"EDC-_admin","twitter_card":"summary_large_image","twitter_misc":{"Written by":"EDC-_admin","Est. reading time":"5 minutes"},"schema":{"@context":"https:\/\/schema.org","@graph":[{"@type":"Article","@id":"https:\/\/www.spaininvestorsday.com\/arancha-gonzalez-laya-ministra-de-exteriores-recuerda-que-espana-esta-en-buena-posicion-para-encarar-los-retos-del-futuro\/#article","isPartOf":{"@id":"https:\/\/www.spaininvestorsday.com\/arancha-gonzalez-laya-ministra-de-exteriores-recuerda-que-espana-esta-en-buena-posicion-para-encarar-los-retos-del-futuro\/"},"author":{"name":"EDC-_admin","@id":"https:\/\/www.spaininvestorsday.com\/#\/schema\/person\/ae10ee2f725c6fbf823e03329aceaef4"},"headline":"ARANCHA GONZ\u00c1LEZ LAYA, MINISTRA DE EXTERIORES RECUERDA \u201cQUE ESPA\u00d1A EST\u00c1 EN BUENA POSICI\u00d3N PARA ENCARAR LOS RETOS DEL FUTURO\u201d","datePublished":"2021-01-15T10:03:22+00:00","dateModified":"2021-11-30T14:17:40+00:00","mainEntityOfPage":{"@id":"https:\/\/www.spaininvestorsday.com\/arancha-gonzalez-laya-ministra-de-exteriores-recuerda-que-espana-esta-en-buena-posicion-para-encarar-los-retos-del-futuro\/"},"wordCount":1023,"commentCount":0,"publisher":{"@id":"https:\/\/www.spaininvestorsday.com\/#organization"},"image":{"@id":"https:\/\/www.spaininvestorsday.com\/arancha-gonzalez-laya-ministra-de-exteriores-recuerda-que-espana-esta-en-buena-posicion-para-encarar-los-retos-del-futuro\/#primaryimage"},"thumbnailUrl":"https:\/\/www.spaininvestorsday.com\/wp-content\/uploads\/2021\/01\/Arancha-Gonzalez-Laya-ministra-de-Asuntos-Exteriores-Union-Europea-y-Cooperacion-1038x576-1.jpg","keywords":["arancha gonz\u00e1lez laya","banco de espa\u00f1a","Benito Berceruelo","CNMV","Isabel D\u00edaz Ayuso","pablo hern\u00e1ndez de cos","Rodrigo Buenaventura","SID","SID XI","Spain Investors Day","Xiana Margarida M\u00e9ndez"],"articleSection":["2020","2021","Notas de Prensa","Ultimas noticias"],"inLanguage":"en-US","potentialAction":[{"@type":"CommentAction","name":"Comment","target":["https:\/\/www.spaininvestorsday.com\/arancha-gonzalez-laya-ministra-de-exteriores-recuerda-que-espana-esta-en-buena-posicion-para-encarar-los-retos-del-futuro\/#respond"]}]},{"@type":"WebPage","@id":"https:\/\/www.spaininvestorsday.com\/arancha-gonzalez-laya-ministra-de-exteriores-recuerda-que-espana-esta-en-buena-posicion-para-encarar-los-retos-del-futuro\/","url":"https:\/\/www.spaininvestorsday.com\/arancha-gonzalez-laya-ministra-de-exteriores-recuerda-que-espana-esta-en-buena-posicion-para-encarar-los-retos-del-futuro\/","name":"ARANCHA GONZ\u00c1LEZ LAYA, MINISTRA DE EXTERIORES RECUERDA \u201cQUE ESPA\u00d1A EST\u00c1 EN BUENA POSICI\u00d3N PARA ENCARAR LOS RETOS DEL FUTURO\u201d - Spain Investors Day","isPartOf":{"@id":"https:\/\/www.spaininvestorsday.com\/#website"},"primaryImageOfPage":{"@id":"https:\/\/www.spaininvestorsday.com\/arancha-gonzalez-laya-ministra-de-exteriores-recuerda-que-espana-esta-en-buena-posicion-para-encarar-los-retos-del-futuro\/#primaryimage"},"image":{"@id":"https:\/\/www.spaininvestorsday.com\/arancha-gonzalez-laya-ministra-de-exteriores-recuerda-que-espana-esta-en-buena-posicion-para-encarar-los-retos-del-futuro\/#primaryimage"},"thumbnailUrl":"https:\/\/www.spaininvestorsday.com\/wp-content\/uploads\/2021\/01\/Arancha-Gonzalez-Laya-ministra-de-Asuntos-Exteriores-Union-Europea-y-Cooperacion-1038x576-1.jpg","datePublished":"2021-01-15T10:03:22+00:00","dateModified":"2021-11-30T14:17:40+00:00","breadcrumb":{"@id":"https:\/\/www.spaininvestorsday.com\/arancha-gonzalez-laya-ministra-de-exteriores-recuerda-que-espana-esta-en-buena-posicion-para-encarar-los-retos-del-futuro\/#breadcrumb"},"inLanguage":"en-US","potentialAction":[{"@type":"ReadAction","target":["https:\/\/www.spaininvestorsday.com\/arancha-gonzalez-laya-ministra-de-exteriores-recuerda-que-espana-esta-en-buena-posicion-para-encarar-los-retos-del-futuro\/"]}]},{"@type":"ImageObject","inLanguage":"en-US","@id":"https:\/\/www.spaininvestorsday.com\/arancha-gonzalez-laya-ministra-de-exteriores-recuerda-que-espana-esta-en-buena-posicion-para-encarar-los-retos-del-futuro\/#primaryimage","url":"https:\/\/www.spaininvestorsday.com\/wp-content\/uploads\/2021\/01\/Arancha-Gonzalez-Laya-ministra-de-Asuntos-Exteriores-Union-Europea-y-Cooperacion-1038x576-1.jpg","contentUrl":"https:\/\/www.spaininvestorsday.com\/wp-content\/uploads\/2021\/01\/Arancha-Gonzalez-Laya-ministra-de-Asuntos-Exteriores-Union-Europea-y-Cooperacion-1038x576-1.jpg","width":1038,"height":576},{"@type":"BreadcrumbList","@id":"https:\/\/www.spaininvestorsday.com\/arancha-gonzalez-laya-ministra-de-exteriores-recuerda-que-espana-esta-en-buena-posicion-para-encarar-los-retos-del-futuro\/#breadcrumb","itemListElement":[{"@type":"ListItem","position":1,"name":"Portada","item":"https:\/\/www.spaininvestorsday.com\/"},{"@type":"ListItem","position":2,"name":"ARANCHA GONZ\u00c1LEZ LAYA, MINISTRA DE EXTERIORES RECUERDA \u201cQUE ESPA\u00d1A EST\u00c1 EN BUENA POSICI\u00d3N PARA ENCARAR LOS RETOS DEL FUTURO\u201d"}]},{"@type":"WebSite","@id":"https:\/\/www.spaininvestorsday.com\/#website","url":"https:\/\/www.spaininvestorsday.com\/","name":"Spain Investors Day","description":"El foro profesional \u00fanico en Espa\u00f1a","publisher":{"@id":"https:\/\/www.spaininvestorsday.com\/#organization"},"potentialAction":[{"@type":"SearchAction","target":{"@type":"EntryPoint","urlTemplate":"https:\/\/www.spaininvestorsday.com\/?s={search_term_string}"},"query-input":{"@type":"PropertyValueSpecification","valueRequired":true,"valueName":"search_term_string"}}],"inLanguage":"en-US"},{"@type":"Organization","@id":"https:\/\/www.spaininvestorsday.com\/#organization","name":"Spain Investors Day","url":"https:\/\/www.spaininvestorsday.com\/","logo":{"@type":"ImageObject","inLanguage":"en-US","@id":"https:\/\/www.spaininvestorsday.com\/#\/schema\/logo\/image\/","url":"https:\/\/www.spaininvestorsday.com\/wp-content\/uploads\/2021\/10\/SID-2021.svg","contentUrl":"https:\/\/www.spaininvestorsday.com\/wp-content\/uploads\/2021\/10\/SID-2021.svg","width":199,"height":79,"caption":"Spain Investors Day"},"image":{"@id":"https:\/\/www.spaininvestorsday.com\/#\/schema\/logo\/image\/"}},{"@type":"Person","@id":"https:\/\/www.spaininvestorsday.com\/#\/schema\/person\/ae10ee2f725c6fbf823e03329aceaef4","name":"EDC-_admin","image":{"@type":"ImageObject","inLanguage":"en-US","@id":"https:\/\/www.spaininvestorsday.com\/#\/schema\/person\/image\/","url":"https:\/\/secure.gravatar.com\/avatar\/3acb441469ca93d86ed0710c10950b284db14f2d3990c5df87796e9bdf5add89?s=96&d=mm&r=g","contentUrl":"https:\/\/secure.gravatar.com\/avatar\/3acb441469ca93d86ed0710c10950b284db14f2d3990c5df87796e9bdf5add89?s=96&d=mm&r=g","caption":"EDC-_admin"},"sameAs":["https:\/\/www.spaininvestorsday.com"],"url":"https:\/\/www.spaininvestorsday.com\/en\/author\/edc-_admin\/"}]}},"_links":{"self":[{"href":"https:\/\/www.spaininvestorsday.com\/en\/wp-json\/wp\/v2\/posts\/6121","targetHints":{"allow":["GET"]}}],"collection":[{"href":"https:\/\/www.spaininvestorsday.com\/en\/wp-json\/wp\/v2\/posts"}],"about":[{"href":"https:\/\/www.spaininvestorsday.com\/en\/wp-json\/wp\/v2\/types\/post"}],"author":[{"embeddable":true,"href":"https:\/\/www.spaininvestorsday.com\/en\/wp-json\/wp\/v2\/users\/1"}],"replies":[{"embeddable":true,"href":"https:\/\/www.spaininvestorsday.com\/en\/wp-json\/wp\/v2\/comments?post=6121"}],"version-history":[{"count":1,"href":"https:\/\/www.spaininvestorsday.com\/en\/wp-json\/wp\/v2\/posts\/6121\/revisions"}],"predecessor-version":[{"id":6852,"href":"https:\/\/www.spaininvestorsday.com\/en\/wp-json\/wp\/v2\/posts\/6121\/revisions\/6852"}],"wp:featuredmedia":[{"embeddable":true,"href":"https:\/\/www.spaininvestorsday.com\/en\/wp-json\/wp\/v2\/media\/6851"}],"wp:attachment":[{"href":"https:\/\/www.spaininvestorsday.com\/en\/wp-json\/wp\/v2\/media?parent=6121"}],"wp:term":[{"taxonomy":"category","embeddable":true,"href":"https:\/\/www.spaininvestorsday.com\/en\/wp-json\/wp\/v2\/categories?post=6121"},{"taxonomy":"post_tag","embeddable":true,"href":"https:\/\/www.spaininvestorsday.com\/en\/wp-json\/wp\/v2\/tags?post=6121"}],"curies":[{"name":"wp","href":"https:\/\/api.w.org\/{rel}","templated":true}]}}