{"id":6116,"date":"2021-01-14T15:46:27","date_gmt":"2021-01-14T15:46:27","guid":{"rendered":"https:\/\/www.spaininvestorsday.com\/?p=6116"},"modified":"2021-11-30T14:16:47","modified_gmt":"2021-11-30T14:16:47","slug":"nadia-calvino-destaca-en-el-spain-investors-day-sid-que-2021-sera-el-ano-de-la-recuperacion-y-la-transformacion-de-espana","status":"publish","type":"post","link":"https:\/\/www.spaininvestorsday.com\/en\/nadia-calvino-destaca-en-el-spain-investors-day-sid-que-2021-sera-el-ano-de-la-recuperacion-y-la-transformacion-de-espana\/","title":{"rendered":"NADIA CALVI\u00d1O DESTACA EN EL SPAIN INVESTORS DAY (SID) QUE \u201c2021 SER\u00c1 EL A\u00d1O DE LA RECUPERACI\u00d3N Y LA TRANSFORMACI\u00d3N DE ESPA\u00d1A\u201d"},"content":{"rendered":"<ul>\n<li>Ram\u00f3n Galcer\u00e1n, presidente de Grant Thornton Espa\u00f1a ha destacado que \u201clos fondos de reconstrucci\u00f3n y resiliencia de la UE son una oportunidad de impulsar la productividad hacia una econom\u00eda m\u00e1s circular, sostenible y tecnol\u00f3gica\u201d.<\/li>\n<\/ul>\n<p>14\/01\/2021. Nadia Calvi\u00f1o, vicepresidenta tercera y ministra de Asuntos Econ\u00f3micos y Transformaci\u00f3n Digital ha participado en el coloquio inaugural de la segunda sesi\u00f3n del foro Econ\u00f3mico <em>Spain Investors Day (SID)<\/em> y ha afirmado que el esfuerzo de las compa\u00f1\u00edas y el gobierno espa\u00f1ol sit\u00faan a Espa\u00f1a en una muy buena posici\u00f3n para afrontar con seguridad la recuperaci\u00f3n.<\/p>\n<p>As\u00ed, ha destacado que, durante la crisis sanitaria, el ejecutivo espa\u00f1ol \u201cactu\u00f3 r\u00e1pido y de manera flexible creando elementos de apoyo a las empresas, a los hogares y a los particulares\u201d que han evitado el da\u00f1o estructural a la econom\u00eda y al tejido productivo.<\/p>\n<p>Adem\u00e1s, en la segunda sesi\u00f3n del foro financiero de referencia en Espa\u00f1a, que se ha celebrado siguiendo todas las recomendaciones sanitarias, la vicepresidenta tercera, Nadia Calvi\u00f1o ha explicado que \u201cEl <em>Spain Investors Day <\/em>es un hito clave en el comienzo del ejercicio econ\u00f3mico\u201d y proporciona una tribuna privilegiada para que el gobierno explique a los inversores internacionales sus planes.<\/p>\n<p>La vicepresidenta tercera, que ha sido presentada por Ram\u00f3n Galcer\u00e1n, presidente de Grant Thornton Espa\u00f1a, ha resumido tambi\u00e9n las prioridades de su Ministerio para esta legislatura y, entre ellas, ha destacado \u201cque la econom\u00eda y la sanidad van de la mano por lo que el control de la pandemia es una tarea prioritaria\u201d. En este sentido ha enfatizado la aprobaci\u00f3n de los Presupuestos Generales del Estado \u201cque dan estabilidad y confianza a los inversores internacionales\u201d y record\u00f3 que la puesta en marcha del Plan de Resiliencia y Recuperaci\u00f3n del Gobierno atraer\u00e1 500.000 millones de euros en inversi\u00f3n privada.<\/p>\n<p>Galcer\u00e1n, por su parte, ha destacado que Espa\u00f1a \u201cest\u00e1 en condiciones de crecer de forma robusta y sostenible si aprovecha los est\u00edmulos fiscales, bancarios y pol\u00edticos, impulsados por Europa\u201d y record\u00f3 que \u201clas empresas espa\u00f1olas est\u00e1n dispuestas a aprovechar todos los vientos de cola disponibles. Debemos centrarnos en crear un c\u00edrculo virtuoso de recuperaci\u00f3n que reactive el consumo\u201d y subray\u00f3 el optimismo y la confianza en la recuperaci\u00f3n de los principales ejecutivos espa\u00f1oles.<\/p>\n<p>El encuentro re\u00fane estos d\u00edas a 248 inversores internacionales de Alemania, Australia, B\u00e9lgica, Canad\u00e1, EE.UU, Emiratos \u00c1rabes, Espa\u00f1a, Francia, Irlanda, Italia, Malasia, Reino Unido, Suecia y Suiza con los principales ejecutivos de 46 cotizadas espa\u00f1olas, que explicar\u00e1n la situaci\u00f3n de sus empresas y los planes para el ejercicio que ahora comienza. \u00a0Desde la primera edici\u00f3n, el Rey ha sido presidente de Honor del Foro.<\/p>\n<p>Las compa\u00f1\u00edas que acuden este a\u00f1o al SID son: ACCIONA, ACERINOX, AENA, ALMIRALL, \u00c1RIMA, ATRESMEDIA, AUDAX, BANKINTER, CAIXABANK, CATALANA OCCIDENTE, CECABANK, CIE AUTOMOTIVE, CORPORACI\u00d3N ALBA, EBRO FOODS, ENAG\u00c1S, ENCE, ENDESA, EUSKALTEL, FCC, FERROVIAL, FLUIDRA, GESTAMP, GRIFOLS, GRUPO ACS, IBERDROLA, INDRA, INMOBILIARIA COLONIAL, INTERNATIONAL AIRLINES GROUP, LIBERBANK, MAPFRE, MEDIASET ESPA\u00d1A, MERLIN PROPERTIES, PRISA, PROSEGUR, PROSEGUR CASH, RED EL\u00c9CTRICA DE ESPA\u00d1A, REPSOL, ROVI, SABADELL, SACYR, SOLARIA, T\u00c9CNICAS REUNIDAS, TELEF\u00d3NICA, UNICAJA BANCO, VIDRALA y VOCENTO. Todos los sectores de la actividad empresarial quedan as\u00ed representados en esta nueva edici\u00f3n del SID.<\/p>\n<p><strong><em>Spain Investors Day <\/em><\/strong>cuenta con <strong>BNP PARIBAS<\/strong>, <strong>EXANE BNP PARIBAS como asociados<\/strong>; <strong>GRANT THORNTON, ENDESA<\/strong>, <strong>CECABANK, PRISA como patrocinadores; y BME-SIX<\/strong>, <strong>ICEX-Invest<\/strong> <strong>in Spain<\/strong>, <strong>ICO, LINKLATERS, EQUIPO ECON\u00d3MICO, AON<\/strong> y <strong>AYUNTAMIENTO DE MADRID como colaboradores<\/strong>. El SID es una empresa de ESTUDIO DE COMUNICACI\u00d3N.<\/p>\n<p>&nbsp;<\/p>\n","protected":false},"excerpt":{"rendered":"<p>Ram\u00f3n Galcer\u00e1n, presidente de Grant Thornton Espa\u00f1a ha destacado que \u201clos fondos de reconstrucci\u00f3n y resiliencia de la UE son una oportunidad de impulsar la productividad hacia una econom\u00eda m\u00e1s circular, sostenible y tecnol\u00f3gica\u201d. 14\/01\/2021. Nadia Calvi\u00f1o, vicepresidenta tercera y ministra de Asuntos Econ\u00f3micos y Transformaci\u00f3n Digital ha participado en el coloquio inaugural de la&hellip; <a class=\"more-link\" href=\"https:\/\/www.spaininvestorsday.com\/en\/nadia-calvino-destaca-en-el-spain-investors-day-sid-que-2021-sera-el-ano-de-la-recuperacion-y-la-transformacion-de-espana\/\">Continue reading <span class=\"screen-reader-text\">NADIA CALVI\u00d1O DESTACA EN EL SPAIN INVESTORS DAY (SID) QUE \u201c2021 SER\u00c1 EL A\u00d1O DE LA RECUPERACI\u00d3N Y LA TRANSFORMACI\u00d3N DE ESPA\u00d1A\u201d<\/span><\/a><\/p>\n","protected":false},"author":1,"featured_media":6849,"comment_status":"open","ping_status":"open","sticky":false,"template":"","format":"standard","meta":{"inline_featured_image":false,"footnotes":""},"categories":[16,24,7,5],"tags":[10,19,58,42,59,22,46],"class_list":["post-6116","post","type-post","status-publish","format-standard","has-post-thumbnail","hentry","category-16","category-24","category-notas-de-prensa","category-ultimas-noticias","tag-economia","tag-foro-economico","tag-grant-thornton","tag-nadia-calvino","tag-ramon-galceran","tag-sid","tag-sid-xi","entry"],"yoast_head":"<!-- This site is optimized with the Yoast SEO plugin v26.6 - https:\/\/yoast.com\/wordpress\/plugins\/seo\/ -->\n<title>NADIA CALVI\u00d1O DESTACA EN EL SPAIN INVESTORS DAY (SID) QUE \u201c2021 SER\u00c1 EL A\u00d1O DE LA RECUPERACI\u00d3N Y LA TRANSFORMACI\u00d3N DE ESPA\u00d1A\u201d - Spain Investors Day<\/title>\n<meta name=\"robots\" content=\"index, follow, max-snippet:-1, max-image-preview:large, max-video-preview:-1\" \/>\n<link rel=\"canonical\" href=\"https:\/\/www.spaininvestorsday.com\/nadia-calvino-destaca-en-el-spain-investors-day-sid-que-2021-sera-el-ano-de-la-recuperacion-y-la-transformacion-de-espana\/\" \/>\n<meta property=\"og:locale\" content=\"en_US\" \/>\n<meta property=\"og:type\" content=\"article\" \/>\n<meta property=\"og:title\" content=\"NADIA CALVI\u00d1O DESTACA EN EL SPAIN INVESTORS DAY (SID) QUE \u201c2021 SER\u00c1 EL A\u00d1O DE LA RECUPERACI\u00d3N Y LA TRANSFORMACI\u00d3N DE ESPA\u00d1A\u201d - Spain Investors Day\" \/>\n<meta property=\"og:description\" content=\"Ram\u00f3n Galcer\u00e1n, presidente de Grant Thornton Espa\u00f1a ha destacado que \u201clos fondos de reconstrucci\u00f3n y resiliencia de la UE son una oportunidad de impulsar la productividad hacia una econom\u00eda m\u00e1s circular, sostenible y tecnol\u00f3gica\u201d. 14\/01\/2021. Nadia Calvi\u00f1o, vicepresidenta tercera y ministra de Asuntos Econ\u00f3micos y Transformaci\u00f3n Digital ha participado en el coloquio inaugural de la&hellip; Continue reading NADIA CALVI\u00d1O DESTACA EN EL SPAIN INVESTORS DAY (SID) QUE \u201c2021 SER\u00c1 EL A\u00d1O DE LA RECUPERACI\u00d3N Y LA TRANSFORMACI\u00d3N DE ESPA\u00d1A\u201d\" \/>\n<meta property=\"og:url\" content=\"https:\/\/www.spaininvestorsday.com\/nadia-calvino-destaca-en-el-spain-investors-day-sid-que-2021-sera-el-ano-de-la-recuperacion-y-la-transformacion-de-espana\/\" \/>\n<meta property=\"og:site_name\" content=\"Spain Investors Day\" \/>\n<meta property=\"article:published_time\" content=\"2021-01-14T15:46:27+00:00\" \/>\n<meta property=\"article:modified_time\" content=\"2021-11-30T14:16:47+00:00\" \/>\n<meta property=\"og:image\" content=\"https:\/\/www.spaininvestorsday.com\/wp-content\/uploads\/2021\/01\/Nadia-Calvino-vicepresidenta-tercera-en-la-XI-edicion-del-SID-1038x576-1.jpg\" \/>\n\t<meta property=\"og:image:width\" content=\"1038\" \/>\n\t<meta property=\"og:image:height\" content=\"576\" \/>\n\t<meta property=\"og:image:type\" content=\"image\/jpeg\" \/>\n<meta name=\"author\" content=\"EDC-_admin\" \/>\n<meta name=\"twitter:card\" content=\"summary_large_image\" \/>\n<meta name=\"twitter:label1\" content=\"Written by\" \/>\n\t<meta name=\"twitter:data1\" content=\"EDC-_admin\" \/>\n\t<meta name=\"twitter:label2\" content=\"Est. reading time\" \/>\n\t<meta name=\"twitter:data2\" content=\"3 minutes\" \/>\n<script type=\"application\/ld+json\" class=\"yoast-schema-graph\">{\"@context\":\"https:\/\/schema.org\",\"@graph\":[{\"@type\":\"Article\",\"@id\":\"https:\/\/www.spaininvestorsday.com\/nadia-calvino-destaca-en-el-spain-investors-day-sid-que-2021-sera-el-ano-de-la-recuperacion-y-la-transformacion-de-espana\/#article\",\"isPartOf\":{\"@id\":\"https:\/\/www.spaininvestorsday.com\/nadia-calvino-destaca-en-el-spain-investors-day-sid-que-2021-sera-el-ano-de-la-recuperacion-y-la-transformacion-de-espana\/\"},\"author\":{\"name\":\"EDC-_admin\",\"@id\":\"https:\/\/www.spaininvestorsday.com\/#\/schema\/person\/ae10ee2f725c6fbf823e03329aceaef4\"},\"headline\":\"NADIA CALVI\u00d1O DESTACA EN EL SPAIN INVESTORS DAY (SID) QUE \u201c2021 SER\u00c1 EL A\u00d1O DE LA RECUPERACI\u00d3N Y LA TRANSFORMACI\u00d3N DE ESPA\u00d1A\u201d\",\"datePublished\":\"2021-01-14T15:46:27+00:00\",\"dateModified\":\"2021-11-30T14:16:47+00:00\",\"mainEntityOfPage\":{\"@id\":\"https:\/\/www.spaininvestorsday.com\/nadia-calvino-destaca-en-el-spain-investors-day-sid-que-2021-sera-el-ano-de-la-recuperacion-y-la-transformacion-de-espana\/\"},\"wordCount\":650,\"commentCount\":0,\"publisher\":{\"@id\":\"https:\/\/www.spaininvestorsday.com\/#organization\"},\"image\":{\"@id\":\"https:\/\/www.spaininvestorsday.com\/nadia-calvino-destaca-en-el-spain-investors-day-sid-que-2021-sera-el-ano-de-la-recuperacion-y-la-transformacion-de-espana\/#primaryimage\"},\"thumbnailUrl\":\"https:\/\/www.spaininvestorsday.com\/wp-content\/uploads\/2021\/01\/Nadia-Calvino-vicepresidenta-tercera-en-la-XI-edicion-del-SID-1038x576-1.jpg\",\"keywords\":[\"Econom\u00eda\",\"Foro Econ\u00f3mico\",\"Grant Thornton\",\"nadia calvi\u00f1o\",\"Ram\u00f3n Galcer\u00e1n\",\"SID\",\"SID XI\"],\"articleSection\":[\"2020\",\"2021\",\"Notas de Prensa\",\"Ultimas noticias\"],\"inLanguage\":\"en-US\",\"potentialAction\":[{\"@type\":\"CommentAction\",\"name\":\"Comment\",\"target\":[\"https:\/\/www.spaininvestorsday.com\/nadia-calvino-destaca-en-el-spain-investors-day-sid-que-2021-sera-el-ano-de-la-recuperacion-y-la-transformacion-de-espana\/#respond\"]}]},{\"@type\":\"WebPage\",\"@id\":\"https:\/\/www.spaininvestorsday.com\/nadia-calvino-destaca-en-el-spain-investors-day-sid-que-2021-sera-el-ano-de-la-recuperacion-y-la-transformacion-de-espana\/\",\"url\":\"https:\/\/www.spaininvestorsday.com\/nadia-calvino-destaca-en-el-spain-investors-day-sid-que-2021-sera-el-ano-de-la-recuperacion-y-la-transformacion-de-espana\/\",\"name\":\"NADIA CALVI\u00d1O DESTACA EN EL SPAIN INVESTORS DAY (SID) QUE \u201c2021 SER\u00c1 EL A\u00d1O DE LA RECUPERACI\u00d3N Y LA TRANSFORMACI\u00d3N DE ESPA\u00d1A\u201d - Spain Investors Day\",\"isPartOf\":{\"@id\":\"https:\/\/www.spaininvestorsday.com\/#website\"},\"primaryImageOfPage\":{\"@id\":\"https:\/\/www.spaininvestorsday.com\/nadia-calvino-destaca-en-el-spain-investors-day-sid-que-2021-sera-el-ano-de-la-recuperacion-y-la-transformacion-de-espana\/#primaryimage\"},\"image\":{\"@id\":\"https:\/\/www.spaininvestorsday.com\/nadia-calvino-destaca-en-el-spain-investors-day-sid-que-2021-sera-el-ano-de-la-recuperacion-y-la-transformacion-de-espana\/#primaryimage\"},\"thumbnailUrl\":\"https:\/\/www.spaininvestorsday.com\/wp-content\/uploads\/2021\/01\/Nadia-Calvino-vicepresidenta-tercera-en-la-XI-edicion-del-SID-1038x576-1.jpg\",\"datePublished\":\"2021-01-14T15:46:27+00:00\",\"dateModified\":\"2021-11-30T14:16:47+00:00\",\"breadcrumb\":{\"@id\":\"https:\/\/www.spaininvestorsday.com\/nadia-calvino-destaca-en-el-spain-investors-day-sid-que-2021-sera-el-ano-de-la-recuperacion-y-la-transformacion-de-espana\/#breadcrumb\"},\"inLanguage\":\"en-US\",\"potentialAction\":[{\"@type\":\"ReadAction\",\"target\":[\"https:\/\/www.spaininvestorsday.com\/nadia-calvino-destaca-en-el-spain-investors-day-sid-que-2021-sera-el-ano-de-la-recuperacion-y-la-transformacion-de-espana\/\"]}]},{\"@type\":\"ImageObject\",\"inLanguage\":\"en-US\",\"@id\":\"https:\/\/www.spaininvestorsday.com\/nadia-calvino-destaca-en-el-spain-investors-day-sid-que-2021-sera-el-ano-de-la-recuperacion-y-la-transformacion-de-espana\/#primaryimage\",\"url\":\"https:\/\/www.spaininvestorsday.com\/wp-content\/uploads\/2021\/01\/Nadia-Calvino-vicepresidenta-tercera-en-la-XI-edicion-del-SID-1038x576-1.jpg\",\"contentUrl\":\"https:\/\/www.spaininvestorsday.com\/wp-content\/uploads\/2021\/01\/Nadia-Calvino-vicepresidenta-tercera-en-la-XI-edicion-del-SID-1038x576-1.jpg\",\"width\":1038,\"height\":576},{\"@type\":\"BreadcrumbList\",\"@id\":\"https:\/\/www.spaininvestorsday.com\/nadia-calvino-destaca-en-el-spain-investors-day-sid-que-2021-sera-el-ano-de-la-recuperacion-y-la-transformacion-de-espana\/#breadcrumb\",\"itemListElement\":[{\"@type\":\"ListItem\",\"position\":1,\"name\":\"Portada\",\"item\":\"https:\/\/www.spaininvestorsday.com\/\"},{\"@type\":\"ListItem\",\"position\":2,\"name\":\"NADIA CALVI\u00d1O DESTACA EN EL SPAIN INVESTORS DAY (SID) QUE \u201c2021 SER\u00c1 EL A\u00d1O DE LA RECUPERACI\u00d3N Y LA TRANSFORMACI\u00d3N DE ESPA\u00d1A\u201d\"}]},{\"@type\":\"WebSite\",\"@id\":\"https:\/\/www.spaininvestorsday.com\/#website\",\"url\":\"https:\/\/www.spaininvestorsday.com\/\",\"name\":\"Spain Investors Day\",\"description\":\"El foro profesional \u00fanico en Espa\u00f1a\",\"publisher\":{\"@id\":\"https:\/\/www.spaininvestorsday.com\/#organization\"},\"potentialAction\":[{\"@type\":\"SearchAction\",\"target\":{\"@type\":\"EntryPoint\",\"urlTemplate\":\"https:\/\/www.spaininvestorsday.com\/?s={search_term_string}\"},\"query-input\":{\"@type\":\"PropertyValueSpecification\",\"valueRequired\":true,\"valueName\":\"search_term_string\"}}],\"inLanguage\":\"en-US\"},{\"@type\":\"Organization\",\"@id\":\"https:\/\/www.spaininvestorsday.com\/#organization\",\"name\":\"Spain Investors Day\",\"url\":\"https:\/\/www.spaininvestorsday.com\/\",\"logo\":{\"@type\":\"ImageObject\",\"inLanguage\":\"en-US\",\"@id\":\"https:\/\/www.spaininvestorsday.com\/#\/schema\/logo\/image\/\",\"url\":\"https:\/\/www.spaininvestorsday.com\/wp-content\/uploads\/2021\/10\/SID-2021.svg\",\"contentUrl\":\"https:\/\/www.spaininvestorsday.com\/wp-content\/uploads\/2021\/10\/SID-2021.svg\",\"width\":199,\"height\":79,\"caption\":\"Spain Investors Day\"},\"image\":{\"@id\":\"https:\/\/www.spaininvestorsday.com\/#\/schema\/logo\/image\/\"}},{\"@type\":\"Person\",\"@id\":\"https:\/\/www.spaininvestorsday.com\/#\/schema\/person\/ae10ee2f725c6fbf823e03329aceaef4\",\"name\":\"EDC-_admin\",\"image\":{\"@type\":\"ImageObject\",\"inLanguage\":\"en-US\",\"@id\":\"https:\/\/www.spaininvestorsday.com\/#\/schema\/person\/image\/\",\"url\":\"https:\/\/secure.gravatar.com\/avatar\/3acb441469ca93d86ed0710c10950b284db14f2d3990c5df87796e9bdf5add89?s=96&d=mm&r=g\",\"contentUrl\":\"https:\/\/secure.gravatar.com\/avatar\/3acb441469ca93d86ed0710c10950b284db14f2d3990c5df87796e9bdf5add89?s=96&d=mm&r=g\",\"caption\":\"EDC-_admin\"},\"sameAs\":[\"https:\/\/www.spaininvestorsday.com\"],\"url\":\"https:\/\/www.spaininvestorsday.com\/en\/author\/edc-_admin\/\"}]}<\/script>\n<!-- \/ Yoast SEO plugin. -->","yoast_head_json":{"title":"NADIA CALVI\u00d1O DESTACA EN EL SPAIN INVESTORS DAY (SID) QUE \u201c2021 SER\u00c1 EL A\u00d1O DE LA RECUPERACI\u00d3N Y LA TRANSFORMACI\u00d3N DE ESPA\u00d1A\u201d - Spain Investors Day","robots":{"index":"index","follow":"follow","max-snippet":"max-snippet:-1","max-image-preview":"max-image-preview:large","max-video-preview":"max-video-preview:-1"},"canonical":"https:\/\/www.spaininvestorsday.com\/nadia-calvino-destaca-en-el-spain-investors-day-sid-que-2021-sera-el-ano-de-la-recuperacion-y-la-transformacion-de-espana\/","og_locale":"en_US","og_type":"article","og_title":"NADIA CALVI\u00d1O DESTACA EN EL SPAIN INVESTORS DAY (SID) QUE \u201c2021 SER\u00c1 EL A\u00d1O DE LA RECUPERACI\u00d3N Y LA TRANSFORMACI\u00d3N DE ESPA\u00d1A\u201d - Spain Investors Day","og_description":"Ram\u00f3n Galcer\u00e1n, presidente de Grant Thornton Espa\u00f1a ha destacado que \u201clos fondos de reconstrucci\u00f3n y resiliencia de la UE son una oportunidad de impulsar la productividad hacia una econom\u00eda m\u00e1s circular, sostenible y tecnol\u00f3gica\u201d. 14\/01\/2021. Nadia Calvi\u00f1o, vicepresidenta tercera y ministra de Asuntos Econ\u00f3micos y Transformaci\u00f3n Digital ha participado en el coloquio inaugural de la&hellip; Continue reading NADIA CALVI\u00d1O DESTACA EN EL SPAIN INVESTORS DAY (SID) QUE \u201c2021 SER\u00c1 EL A\u00d1O DE LA RECUPERACI\u00d3N Y LA TRANSFORMACI\u00d3N DE ESPA\u00d1A\u201d","og_url":"https:\/\/www.spaininvestorsday.com\/nadia-calvino-destaca-en-el-spain-investors-day-sid-que-2021-sera-el-ano-de-la-recuperacion-y-la-transformacion-de-espana\/","og_site_name":"Spain Investors Day","article_published_time":"2021-01-14T15:46:27+00:00","article_modified_time":"2021-11-30T14:16:47+00:00","og_image":[{"width":1038,"height":576,"url":"https:\/\/www.spaininvestorsday.com\/wp-content\/uploads\/2021\/01\/Nadia-Calvino-vicepresidenta-tercera-en-la-XI-edicion-del-SID-1038x576-1.jpg","type":"image\/jpeg"}],"author":"EDC-_admin","twitter_card":"summary_large_image","twitter_misc":{"Written by":"EDC-_admin","Est. reading time":"3 minutes"},"schema":{"@context":"https:\/\/schema.org","@graph":[{"@type":"Article","@id":"https:\/\/www.spaininvestorsday.com\/nadia-calvino-destaca-en-el-spain-investors-day-sid-que-2021-sera-el-ano-de-la-recuperacion-y-la-transformacion-de-espana\/#article","isPartOf":{"@id":"https:\/\/www.spaininvestorsday.com\/nadia-calvino-destaca-en-el-spain-investors-day-sid-que-2021-sera-el-ano-de-la-recuperacion-y-la-transformacion-de-espana\/"},"author":{"name":"EDC-_admin","@id":"https:\/\/www.spaininvestorsday.com\/#\/schema\/person\/ae10ee2f725c6fbf823e03329aceaef4"},"headline":"NADIA CALVI\u00d1O DESTACA EN EL SPAIN INVESTORS DAY (SID) QUE \u201c2021 SER\u00c1 EL A\u00d1O DE LA RECUPERACI\u00d3N Y LA TRANSFORMACI\u00d3N DE ESPA\u00d1A\u201d","datePublished":"2021-01-14T15:46:27+00:00","dateModified":"2021-11-30T14:16:47+00:00","mainEntityOfPage":{"@id":"https:\/\/www.spaininvestorsday.com\/nadia-calvino-destaca-en-el-spain-investors-day-sid-que-2021-sera-el-ano-de-la-recuperacion-y-la-transformacion-de-espana\/"},"wordCount":650,"commentCount":0,"publisher":{"@id":"https:\/\/www.spaininvestorsday.com\/#organization"},"image":{"@id":"https:\/\/www.spaininvestorsday.com\/nadia-calvino-destaca-en-el-spain-investors-day-sid-que-2021-sera-el-ano-de-la-recuperacion-y-la-transformacion-de-espana\/#primaryimage"},"thumbnailUrl":"https:\/\/www.spaininvestorsday.com\/wp-content\/uploads\/2021\/01\/Nadia-Calvino-vicepresidenta-tercera-en-la-XI-edicion-del-SID-1038x576-1.jpg","keywords":["Econom\u00eda","Foro Econ\u00f3mico","Grant Thornton","nadia calvi\u00f1o","Ram\u00f3n Galcer\u00e1n","SID","SID XI"],"articleSection":["2020","2021","Notas de Prensa","Ultimas noticias"],"inLanguage":"en-US","potentialAction":[{"@type":"CommentAction","name":"Comment","target":["https:\/\/www.spaininvestorsday.com\/nadia-calvino-destaca-en-el-spain-investors-day-sid-que-2021-sera-el-ano-de-la-recuperacion-y-la-transformacion-de-espana\/#respond"]}]},{"@type":"WebPage","@id":"https:\/\/www.spaininvestorsday.com\/nadia-calvino-destaca-en-el-spain-investors-day-sid-que-2021-sera-el-ano-de-la-recuperacion-y-la-transformacion-de-espana\/","url":"https:\/\/www.spaininvestorsday.com\/nadia-calvino-destaca-en-el-spain-investors-day-sid-que-2021-sera-el-ano-de-la-recuperacion-y-la-transformacion-de-espana\/","name":"NADIA CALVI\u00d1O DESTACA EN EL SPAIN INVESTORS DAY (SID) QUE \u201c2021 SER\u00c1 EL A\u00d1O DE LA RECUPERACI\u00d3N Y LA TRANSFORMACI\u00d3N DE ESPA\u00d1A\u201d - Spain Investors Day","isPartOf":{"@id":"https:\/\/www.spaininvestorsday.com\/#website"},"primaryImageOfPage":{"@id":"https:\/\/www.spaininvestorsday.com\/nadia-calvino-destaca-en-el-spain-investors-day-sid-que-2021-sera-el-ano-de-la-recuperacion-y-la-transformacion-de-espana\/#primaryimage"},"image":{"@id":"https:\/\/www.spaininvestorsday.com\/nadia-calvino-destaca-en-el-spain-investors-day-sid-que-2021-sera-el-ano-de-la-recuperacion-y-la-transformacion-de-espana\/#primaryimage"},"thumbnailUrl":"https:\/\/www.spaininvestorsday.com\/wp-content\/uploads\/2021\/01\/Nadia-Calvino-vicepresidenta-tercera-en-la-XI-edicion-del-SID-1038x576-1.jpg","datePublished":"2021-01-14T15:46:27+00:00","dateModified":"2021-11-30T14:16:47+00:00","breadcrumb":{"@id":"https:\/\/www.spaininvestorsday.com\/nadia-calvino-destaca-en-el-spain-investors-day-sid-que-2021-sera-el-ano-de-la-recuperacion-y-la-transformacion-de-espana\/#breadcrumb"},"inLanguage":"en-US","potentialAction":[{"@type":"ReadAction","target":["https:\/\/www.spaininvestorsday.com\/nadia-calvino-destaca-en-el-spain-investors-day-sid-que-2021-sera-el-ano-de-la-recuperacion-y-la-transformacion-de-espana\/"]}]},{"@type":"ImageObject","inLanguage":"en-US","@id":"https:\/\/www.spaininvestorsday.com\/nadia-calvino-destaca-en-el-spain-investors-day-sid-que-2021-sera-el-ano-de-la-recuperacion-y-la-transformacion-de-espana\/#primaryimage","url":"https:\/\/www.spaininvestorsday.com\/wp-content\/uploads\/2021\/01\/Nadia-Calvino-vicepresidenta-tercera-en-la-XI-edicion-del-SID-1038x576-1.jpg","contentUrl":"https:\/\/www.spaininvestorsday.com\/wp-content\/uploads\/2021\/01\/Nadia-Calvino-vicepresidenta-tercera-en-la-XI-edicion-del-SID-1038x576-1.jpg","width":1038,"height":576},{"@type":"BreadcrumbList","@id":"https:\/\/www.spaininvestorsday.com\/nadia-calvino-destaca-en-el-spain-investors-day-sid-que-2021-sera-el-ano-de-la-recuperacion-y-la-transformacion-de-espana\/#breadcrumb","itemListElement":[{"@type":"ListItem","position":1,"name":"Portada","item":"https:\/\/www.spaininvestorsday.com\/"},{"@type":"ListItem","position":2,"name":"NADIA CALVI\u00d1O DESTACA EN EL SPAIN INVESTORS DAY (SID) QUE \u201c2021 SER\u00c1 EL A\u00d1O DE LA RECUPERACI\u00d3N Y LA TRANSFORMACI\u00d3N DE ESPA\u00d1A\u201d"}]},{"@type":"WebSite","@id":"https:\/\/www.spaininvestorsday.com\/#website","url":"https:\/\/www.spaininvestorsday.com\/","name":"Spain Investors Day","description":"El foro profesional \u00fanico en Espa\u00f1a","publisher":{"@id":"https:\/\/www.spaininvestorsday.com\/#organization"},"potentialAction":[{"@type":"SearchAction","target":{"@type":"EntryPoint","urlTemplate":"https:\/\/www.spaininvestorsday.com\/?s={search_term_string}"},"query-input":{"@type":"PropertyValueSpecification","valueRequired":true,"valueName":"search_term_string"}}],"inLanguage":"en-US"},{"@type":"Organization","@id":"https:\/\/www.spaininvestorsday.com\/#organization","name":"Spain Investors Day","url":"https:\/\/www.spaininvestorsday.com\/","logo":{"@type":"ImageObject","inLanguage":"en-US","@id":"https:\/\/www.spaininvestorsday.com\/#\/schema\/logo\/image\/","url":"https:\/\/www.spaininvestorsday.com\/wp-content\/uploads\/2021\/10\/SID-2021.svg","contentUrl":"https:\/\/www.spaininvestorsday.com\/wp-content\/uploads\/2021\/10\/SID-2021.svg","width":199,"height":79,"caption":"Spain Investors Day"},"image":{"@id":"https:\/\/www.spaininvestorsday.com\/#\/schema\/logo\/image\/"}},{"@type":"Person","@id":"https:\/\/www.spaininvestorsday.com\/#\/schema\/person\/ae10ee2f725c6fbf823e03329aceaef4","name":"EDC-_admin","image":{"@type":"ImageObject","inLanguage":"en-US","@id":"https:\/\/www.spaininvestorsday.com\/#\/schema\/person\/image\/","url":"https:\/\/secure.gravatar.com\/avatar\/3acb441469ca93d86ed0710c10950b284db14f2d3990c5df87796e9bdf5add89?s=96&d=mm&r=g","contentUrl":"https:\/\/secure.gravatar.com\/avatar\/3acb441469ca93d86ed0710c10950b284db14f2d3990c5df87796e9bdf5add89?s=96&d=mm&r=g","caption":"EDC-_admin"},"sameAs":["https:\/\/www.spaininvestorsday.com"],"url":"https:\/\/www.spaininvestorsday.com\/en\/author\/edc-_admin\/"}]}},"_links":{"self":[{"href":"https:\/\/www.spaininvestorsday.com\/en\/wp-json\/wp\/v2\/posts\/6116","targetHints":{"allow":["GET"]}}],"collection":[{"href":"https:\/\/www.spaininvestorsday.com\/en\/wp-json\/wp\/v2\/posts"}],"about":[{"href":"https:\/\/www.spaininvestorsday.com\/en\/wp-json\/wp\/v2\/types\/post"}],"author":[{"embeddable":true,"href":"https:\/\/www.spaininvestorsday.com\/en\/wp-json\/wp\/v2\/users\/1"}],"replies":[{"embeddable":true,"href":"https:\/\/www.spaininvestorsday.com\/en\/wp-json\/wp\/v2\/comments?post=6116"}],"version-history":[{"count":1,"href":"https:\/\/www.spaininvestorsday.com\/en\/wp-json\/wp\/v2\/posts\/6116\/revisions"}],"predecessor-version":[{"id":6850,"href":"https:\/\/www.spaininvestorsday.com\/en\/wp-json\/wp\/v2\/posts\/6116\/revisions\/6850"}],"wp:featuredmedia":[{"embeddable":true,"href":"https:\/\/www.spaininvestorsday.com\/en\/wp-json\/wp\/v2\/media\/6849"}],"wp:attachment":[{"href":"https:\/\/www.spaininvestorsday.com\/en\/wp-json\/wp\/v2\/media?parent=6116"}],"wp:term":[{"taxonomy":"category","embeddable":true,"href":"https:\/\/www.spaininvestorsday.com\/en\/wp-json\/wp\/v2\/categories?post=6116"},{"taxonomy":"post_tag","embeddable":true,"href":"https:\/\/www.spaininvestorsday.com\/en\/wp-json\/wp\/v2\/tags?post=6116"}],"curies":[{"name":"wp","href":"https:\/\/api.w.org\/{rel}","templated":true}]}}