{"id":6110,"date":"2021-01-13T17:26:29","date_gmt":"2021-01-13T17:26:29","guid":{"rendered":"https:\/\/www.spaininvestorsday.com\/?p=6110"},"modified":"2021-11-30T14:15:50","modified_gmt":"2021-11-30T14:15:50","slug":"teresa-ribera-vicepresidenta-cuarta-y-ministra-para-la-transicion-ecologica-y-el-reto-demografico-apuesta-por-un-marco-regulatorio-estable-para-afrontar-la-transicion-energetica-hacia-una-economia-v","status":"publish","type":"post","link":"https:\/\/www.spaininvestorsday.com\/en\/teresa-ribera-vicepresidenta-cuarta-y-ministra-para-la-transicion-ecologica-y-el-reto-demografico-apuesta-por-un-marco-regulatorio-estable-para-afrontar-la-transicion-energetica-hacia-una-economia-v\/","title":{"rendered":"TERESA RIBERA, VICEPRESIDENTA CUARTA Y MINISTRA PARA LA TRANSICI\u00d3N ECOL\u00d3GICA Y EL RETO DEMOGR\u00c1FICO, APUESTA POR UN MARCO REGULATORIO ESTABLE PARA AFRONTAR LA TRANSICI\u00d3N ENERG\u00c9TICA HACIA UNA ECONOM\u00cdA VERDE"},"content":{"rendered":"<ul>\n<li>Jos\u00e9 Bogas, Consejero Delegado de Endesa, ha destacado el papel de la transici\u00f3n energ\u00e9tica como una de las palancas para alcanzar la sostenibilidad medioambiental y social: \u201cLa energ\u00eda en general y el sector de la electricidad en particular, adquieren un papel especialmente importante en esta transformaci\u00f3n\u201d<\/li>\n<\/ul>\n<p>13\/01\/2021. La vicepresidenta cuarta del Gobierno y ministra para la Transici\u00f3n Ecol\u00f3gica y el Reto Demogr\u00e1fico durante su intervenci\u00f3n en el Foro Econ\u00f3mico <em>Spain Investors Day (SID) <\/em>ha resumido los objetivos de su Ministerio para esta legislatura.\u00a0 As\u00ed, ha mencionado la anticipaci\u00f3n y el aprendizaje como herramienta para reducir la incertidumbre y tomar las decisiones correctas y la adopci\u00f3n de reformas y captaci\u00f3n de inversi\u00f3n paras transformar la econom\u00eda. Estos fines tienen que estar alineados con los Objetivos de Desarrollo Sostenible ya que, en su opini\u00f3n, \u201cinvertir en clima significa invertir en prosperidad\u201d.<\/p>\n<p>Adem\u00e1s, la vicepresidenta ha explicado que \u201cun marco regulatorio claro, estable y predecible es fundamental para acometer reformas legislativas que faciliten la transici\u00f3n energ\u00e9tica\u201d, un proceso que, en sus palabras, \u201cimpulsar\u00e1 el empleo y el desarrollo econ\u00f3mico de Espa\u00f1a\u201d.<\/p>\n<p>La ministra, que fue presentada por Jos\u00e9 Bogas, Consejero Delegado de Endesa, destac\u00f3 tambi\u00e9n que el paquete de medidas de los fondos europeos influir\u00e1 positivamente en los sectores agroindustrial, transporte y log\u00edstica y turismo, entre otros, con el objetivo de impulsar el empleo. \u201cLos pr\u00f3ximos a\u00f1os experimentaremos una transici\u00f3n hacia la econom\u00eda verde\u201d que, de acuerdo con la ministra, \u201cser\u00e1 una palanca para construir un futuro m\u00e1s s\u00f3lido y resiliente para el mundo\u201d.<\/p>\n<p>Bogas, por su parte, ha subrayado que \u201cel sector de la electricidad est\u00e1 experimentando la reconversi\u00f3n industrial m\u00e1s importante de su historia\u201d y ha destacado que \u201chay un sentimiento de que \u00e9sta es una responsabilidad compartida\u201d que afecta a todos los sectores productivos de la econom\u00eda espa\u00f1ola.\u00a0 Adem\u00e1s, el Consejero Delegado de Endesa ha recordado la importancia de la colaboraci\u00f3n p\u00fablico-privada para generar confianza en los inversores internacionales.<\/p>\n<p>El Spain Investors Day reunir\u00e1, durante hoy y ma\u00f1ana a 248 inversores internacionales de Alemania, Australia, B\u00e9lgica, Canad\u00e1, EE.UU, Emiratos \u00c1rabes, Espa\u00f1a, Francia, Irlanda, Italia, Malasia, Reino Unido, Suecia y Suiza con los principales ejecutivos de 46 cotizadas espa\u00f1olas, que explicar\u00e1n la situaci\u00f3n de sus empresas y los planes para el ejercicio que ahora comienza.\u00a0 Desde la primera edici\u00f3n, el Rey ha sido presidente de Honor del Foro.<\/p>\n<p>Las compa\u00f1\u00edas que acuden este a\u00f1o al SID son: ACCIONA, ACERINOX, AENA, ALMIRALL, \u00c1RIMA, ATRESMEDIA, AUDAX, BANKINTER, CAIXABANK, CATALANA OCCIDENTE, CECABANK, CIE AUTOMOTIVE, CORPORACI\u00d3N ALBA, EBRO FOODS, ENAG\u00c1S, ENCE, ENDESA, EUSKALTEL, FCC, FERROVIAL, FLUIDRA, GESTAMP, GRIFOLS, GRUPO ACS, IBERDROLA, INDRA, INMOBILIARIA COLONIAL, INTERNATIONAL AIRLINES GROUP, LIBERBANK, MAPFRE, MEDIASET ESPA\u00d1A, MERLIN PROPERTIES, PRISA, PROSEGUR, PROSEGUR CASH, RED EL\u00c9CTRICA DE ESPA\u00d1A, REPSOL, ROVI, SABADELL, SACYR, SOLARIA, T\u00c9CNICAS REUNIDAS, TELEF\u00d3NICA, UNICAJA BANCO, VIDRALA y VOCENTO. Todos los sectores de la actividad empresarial quedan as\u00ed representados en esta nueva edici\u00f3n del SID.<\/p>\n<p><strong><em>Spain Investors Day <\/em><\/strong>cuenta con <strong>BNP PARIBAS<\/strong>, <strong>EXANE BNP PARIBAS como asociados<\/strong>; <strong>GRANT THORNTON, ENDESA<\/strong>, <strong>CECABANK, PRISA como patrocinadores; y\u00a0 BME<\/strong>,\u00a0 <strong>ICEX-Invest<\/strong> <strong>in Spain<\/strong>,\u00a0 <strong>ICO, LINKLATERS, EQUIPO ECON\u00d3MICO, AON<\/strong> y <strong>AYUNTAMIENTO DE MADRID como colaboradores<\/strong>. El SID es una empresa de ESTUDIO DE COMUNICACI\u00d3N.<\/p>\n","protected":false},"excerpt":{"rendered":"<p>Jos\u00e9 Bogas, Consejero Delegado de Endesa, ha destacado el papel de la transici\u00f3n energ\u00e9tica como una de las palancas para alcanzar la sostenibilidad medioambiental y social: \u201cLa energ\u00eda en general y el sector de la electricidad en particular, adquieren un papel especialmente importante en esta transformaci\u00f3n\u201d 13\/01\/2021. La vicepresidenta cuarta del Gobierno y ministra para&hellip; <a class=\"more-link\" href=\"https:\/\/www.spaininvestorsday.com\/en\/teresa-ribera-vicepresidenta-cuarta-y-ministra-para-la-transicion-ecologica-y-el-reto-demografico-apuesta-por-un-marco-regulatorio-estable-para-afrontar-la-transicion-energetica-hacia-una-economia-v\/\">Continue reading <span class=\"screen-reader-text\">TERESA RIBERA, VICEPRESIDENTA CUARTA Y MINISTRA PARA LA TRANSICI\u00d3N ECOL\u00d3GICA Y EL RETO DEMOGR\u00c1FICO, APUESTA POR UN MARCO REGULATORIO ESTABLE PARA AFRONTAR LA TRANSICI\u00d3N ENERG\u00c9TICA HACIA UNA ECONOM\u00cdA VERDE<\/span><\/a><\/p>\n","protected":false},"author":1,"featured_media":6847,"comment_status":"open","ping_status":"open","sticky":false,"template":"","format":"standard","meta":{"inline_featured_image":false,"footnotes":""},"categories":[16,24,7,5],"tags":[54,27,55,28,56,22,48,34,47,57],"class_list":["post-6110","post","type-post","status-publish","format-standard","has-post-thumbnail","hentry","category-16","category-24","category-notas-de-prensa","category-ultimas-noticias","tag-economia-verde","tag-endesa","tag-energia","tag-jose-bogas","tag-reto-demografico","tag-sid","tag-sidxi","tag-spain-investors-day","tag-teresa-ribera","tag-transicion-ecologia","entry"],"yoast_head":"<!-- This site is optimized with the Yoast SEO plugin v26.6 - https:\/\/yoast.com\/wordpress\/plugins\/seo\/ -->\n<title>TERESA RIBERA, VICEPRESIDENTA CUARTA Y MINISTRA PARA LA TRANSICI\u00d3N ECOL\u00d3GICA Y EL RETO DEMOGR\u00c1FICO, APUESTA POR UN MARCO REGULATORIO ESTABLE PARA AFRONTAR LA TRANSICI\u00d3N ENERG\u00c9TICA HACIA UNA ECONOM\u00cdA VERDE - Spain Investors Day<\/title>\n<meta name=\"robots\" content=\"index, follow, max-snippet:-1, max-image-preview:large, max-video-preview:-1\" \/>\n<link rel=\"canonical\" href=\"https:\/\/www.spaininvestorsday.com\/teresa-ribera-vicepresidenta-cuarta-y-ministra-para-la-transicion-ecologica-y-el-reto-demografico-apuesta-por-un-marco-regulatorio-estable-para-afrontar-la-transicion-energetica-hacia-una-economia-v\/\" \/>\n<meta property=\"og:locale\" content=\"en_US\" \/>\n<meta property=\"og:type\" content=\"article\" \/>\n<meta property=\"og:title\" content=\"TERESA RIBERA, VICEPRESIDENTA CUARTA Y MINISTRA PARA LA TRANSICI\u00d3N ECOL\u00d3GICA Y EL RETO DEMOGR\u00c1FICO, APUESTA POR UN MARCO REGULATORIO ESTABLE PARA AFRONTAR LA TRANSICI\u00d3N ENERG\u00c9TICA HACIA UNA ECONOM\u00cdA VERDE - Spain Investors Day\" \/>\n<meta property=\"og:description\" content=\"Jos\u00e9 Bogas, Consejero Delegado de Endesa, ha destacado el papel de la transici\u00f3n energ\u00e9tica como una de las palancas para alcanzar la sostenibilidad medioambiental y social: \u201cLa energ\u00eda en general y el sector de la electricidad en particular, adquieren un papel especialmente importante en esta transformaci\u00f3n\u201d 13\/01\/2021. La vicepresidenta cuarta del Gobierno y ministra para&hellip; Continue reading TERESA RIBERA, VICEPRESIDENTA CUARTA Y MINISTRA PARA LA TRANSICI\u00d3N ECOL\u00d3GICA Y EL RETO DEMOGR\u00c1FICO, APUESTA POR UN MARCO REGULATORIO ESTABLE PARA AFRONTAR LA TRANSICI\u00d3N ENERG\u00c9TICA HACIA UNA ECONOM\u00cdA VERDE\" \/>\n<meta property=\"og:url\" content=\"https:\/\/www.spaininvestorsday.com\/teresa-ribera-vicepresidenta-cuarta-y-ministra-para-la-transicion-ecologica-y-el-reto-demografico-apuesta-por-un-marco-regulatorio-estable-para-afrontar-la-transicion-energetica-hacia-una-economia-v\/\" \/>\n<meta property=\"og:site_name\" content=\"Spain Investors Day\" \/>\n<meta property=\"article:published_time\" content=\"2021-01-13T17:26:29+00:00\" \/>\n<meta property=\"article:modified_time\" content=\"2021-11-30T14:15:50+00:00\" \/>\n<meta property=\"og:image\" content=\"https:\/\/www.spaininvestorsday.com\/wp-content\/uploads\/2021\/01\/Teresa-Ribera-Vicepresidenta-y-ministra-scaled-e1610558940357-1038x576-1.jpg\" \/>\n\t<meta property=\"og:image:width\" content=\"1038\" \/>\n\t<meta property=\"og:image:height\" content=\"576\" \/>\n\t<meta property=\"og:image:type\" content=\"image\/jpeg\" \/>\n<meta name=\"author\" content=\"EDC-_admin\" \/>\n<meta name=\"twitter:card\" content=\"summary_large_image\" \/>\n<meta name=\"twitter:label1\" content=\"Written by\" \/>\n\t<meta name=\"twitter:data1\" content=\"EDC-_admin\" \/>\n\t<meta name=\"twitter:label2\" content=\"Est. reading time\" \/>\n\t<meta name=\"twitter:data2\" content=\"3 minutes\" \/>\n<script type=\"application\/ld+json\" class=\"yoast-schema-graph\">{\"@context\":\"https:\/\/schema.org\",\"@graph\":[{\"@type\":\"Article\",\"@id\":\"https:\/\/www.spaininvestorsday.com\/teresa-ribera-vicepresidenta-cuarta-y-ministra-para-la-transicion-ecologica-y-el-reto-demografico-apuesta-por-un-marco-regulatorio-estable-para-afrontar-la-transicion-energetica-hacia-una-economia-v\/#article\",\"isPartOf\":{\"@id\":\"https:\/\/www.spaininvestorsday.com\/teresa-ribera-vicepresidenta-cuarta-y-ministra-para-la-transicion-ecologica-y-el-reto-demografico-apuesta-por-un-marco-regulatorio-estable-para-afrontar-la-transicion-energetica-hacia-una-economia-v\/\"},\"author\":{\"name\":\"EDC-_admin\",\"@id\":\"https:\/\/www.spaininvestorsday.com\/#\/schema\/person\/ae10ee2f725c6fbf823e03329aceaef4\"},\"headline\":\"TERESA RIBERA, VICEPRESIDENTA CUARTA Y MINISTRA PARA LA TRANSICI\u00d3N ECOL\u00d3GICA Y EL RETO DEMOGR\u00c1FICO, APUESTA POR UN MARCO REGULATORIO ESTABLE PARA AFRONTAR LA TRANSICI\u00d3N ENERG\u00c9TICA HACIA UNA ECONOM\u00cdA VERDE\",\"datePublished\":\"2021-01-13T17:26:29+00:00\",\"dateModified\":\"2021-11-30T14:15:50+00:00\",\"mainEntityOfPage\":{\"@id\":\"https:\/\/www.spaininvestorsday.com\/teresa-ribera-vicepresidenta-cuarta-y-ministra-para-la-transicion-ecologica-y-el-reto-demografico-apuesta-por-un-marco-regulatorio-estable-para-afrontar-la-transicion-energetica-hacia-una-economia-v\/\"},\"wordCount\":606,\"commentCount\":0,\"publisher\":{\"@id\":\"https:\/\/www.spaininvestorsday.com\/#organization\"},\"image\":{\"@id\":\"https:\/\/www.spaininvestorsday.com\/teresa-ribera-vicepresidenta-cuarta-y-ministra-para-la-transicion-ecologica-y-el-reto-demografico-apuesta-por-un-marco-regulatorio-estable-para-afrontar-la-transicion-energetica-hacia-una-economia-v\/#primaryimage\"},\"thumbnailUrl\":\"https:\/\/www.spaininvestorsday.com\/wp-content\/uploads\/2021\/01\/Teresa-Ribera-Vicepresidenta-y-ministra-scaled-e1610558940357-1038x576-1.jpg\",\"keywords\":[\"econom\u00eda verde\",\"endesa\",\"energ\u00eda\",\"Jos\u00e9 Bogas\",\"reto demogr\u00e1fico\",\"SID\",\"SIDXI\",\"Spain Investors Day\",\"teresa ribera\",\"transici\u00f3n ecol\u00f3gia\"],\"articleSection\":[\"2020\",\"2021\",\"Notas de Prensa\",\"Ultimas noticias\"],\"inLanguage\":\"en-US\",\"potentialAction\":[{\"@type\":\"CommentAction\",\"name\":\"Comment\",\"target\":[\"https:\/\/www.spaininvestorsday.com\/teresa-ribera-vicepresidenta-cuarta-y-ministra-para-la-transicion-ecologica-y-el-reto-demografico-apuesta-por-un-marco-regulatorio-estable-para-afrontar-la-transicion-energetica-hacia-una-economia-v\/#respond\"]}]},{\"@type\":\"WebPage\",\"@id\":\"https:\/\/www.spaininvestorsday.com\/teresa-ribera-vicepresidenta-cuarta-y-ministra-para-la-transicion-ecologica-y-el-reto-demografico-apuesta-por-un-marco-regulatorio-estable-para-afrontar-la-transicion-energetica-hacia-una-economia-v\/\",\"url\":\"https:\/\/www.spaininvestorsday.com\/teresa-ribera-vicepresidenta-cuarta-y-ministra-para-la-transicion-ecologica-y-el-reto-demografico-apuesta-por-un-marco-regulatorio-estable-para-afrontar-la-transicion-energetica-hacia-una-economia-v\/\",\"name\":\"TERESA RIBERA, VICEPRESIDENTA CUARTA Y MINISTRA PARA LA TRANSICI\u00d3N ECOL\u00d3GICA Y EL RETO DEMOGR\u00c1FICO, APUESTA POR UN MARCO REGULATORIO ESTABLE PARA AFRONTAR LA TRANSICI\u00d3N ENERG\u00c9TICA HACIA UNA ECONOM\u00cdA VERDE - Spain Investors Day\",\"isPartOf\":{\"@id\":\"https:\/\/www.spaininvestorsday.com\/#website\"},\"primaryImageOfPage\":{\"@id\":\"https:\/\/www.spaininvestorsday.com\/teresa-ribera-vicepresidenta-cuarta-y-ministra-para-la-transicion-ecologica-y-el-reto-demografico-apuesta-por-un-marco-regulatorio-estable-para-afrontar-la-transicion-energetica-hacia-una-economia-v\/#primaryimage\"},\"image\":{\"@id\":\"https:\/\/www.spaininvestorsday.com\/teresa-ribera-vicepresidenta-cuarta-y-ministra-para-la-transicion-ecologica-y-el-reto-demografico-apuesta-por-un-marco-regulatorio-estable-para-afrontar-la-transicion-energetica-hacia-una-economia-v\/#primaryimage\"},\"thumbnailUrl\":\"https:\/\/www.spaininvestorsday.com\/wp-content\/uploads\/2021\/01\/Teresa-Ribera-Vicepresidenta-y-ministra-scaled-e1610558940357-1038x576-1.jpg\",\"datePublished\":\"2021-01-13T17:26:29+00:00\",\"dateModified\":\"2021-11-30T14:15:50+00:00\",\"breadcrumb\":{\"@id\":\"https:\/\/www.spaininvestorsday.com\/teresa-ribera-vicepresidenta-cuarta-y-ministra-para-la-transicion-ecologica-y-el-reto-demografico-apuesta-por-un-marco-regulatorio-estable-para-afrontar-la-transicion-energetica-hacia-una-economia-v\/#breadcrumb\"},\"inLanguage\":\"en-US\",\"potentialAction\":[{\"@type\":\"ReadAction\",\"target\":[\"https:\/\/www.spaininvestorsday.com\/teresa-ribera-vicepresidenta-cuarta-y-ministra-para-la-transicion-ecologica-y-el-reto-demografico-apuesta-por-un-marco-regulatorio-estable-para-afrontar-la-transicion-energetica-hacia-una-economia-v\/\"]}]},{\"@type\":\"ImageObject\",\"inLanguage\":\"en-US\",\"@id\":\"https:\/\/www.spaininvestorsday.com\/teresa-ribera-vicepresidenta-cuarta-y-ministra-para-la-transicion-ecologica-y-el-reto-demografico-apuesta-por-un-marco-regulatorio-estable-para-afrontar-la-transicion-energetica-hacia-una-economia-v\/#primaryimage\",\"url\":\"https:\/\/www.spaininvestorsday.com\/wp-content\/uploads\/2021\/01\/Teresa-Ribera-Vicepresidenta-y-ministra-scaled-e1610558940357-1038x576-1.jpg\",\"contentUrl\":\"https:\/\/www.spaininvestorsday.com\/wp-content\/uploads\/2021\/01\/Teresa-Ribera-Vicepresidenta-y-ministra-scaled-e1610558940357-1038x576-1.jpg\",\"width\":1038,\"height\":576},{\"@type\":\"BreadcrumbList\",\"@id\":\"https:\/\/www.spaininvestorsday.com\/teresa-ribera-vicepresidenta-cuarta-y-ministra-para-la-transicion-ecologica-y-el-reto-demografico-apuesta-por-un-marco-regulatorio-estable-para-afrontar-la-transicion-energetica-hacia-una-economia-v\/#breadcrumb\",\"itemListElement\":[{\"@type\":\"ListItem\",\"position\":1,\"name\":\"Portada\",\"item\":\"https:\/\/www.spaininvestorsday.com\/\"},{\"@type\":\"ListItem\",\"position\":2,\"name\":\"TERESA RIBERA, VICEPRESIDENTA CUARTA Y MINISTRA PARA LA TRANSICI\u00d3N ECOL\u00d3GICA Y EL RETO DEMOGR\u00c1FICO, APUESTA POR UN MARCO REGULATORIO ESTABLE PARA AFRONTAR LA TRANSICI\u00d3N ENERG\u00c9TICA HACIA UNA ECONOM\u00cdA VERDE\"}]},{\"@type\":\"WebSite\",\"@id\":\"https:\/\/www.spaininvestorsday.com\/#website\",\"url\":\"https:\/\/www.spaininvestorsday.com\/\",\"name\":\"Spain Investors Day\",\"description\":\"El foro profesional \u00fanico en Espa\u00f1a\",\"publisher\":{\"@id\":\"https:\/\/www.spaininvestorsday.com\/#organization\"},\"potentialAction\":[{\"@type\":\"SearchAction\",\"target\":{\"@type\":\"EntryPoint\",\"urlTemplate\":\"https:\/\/www.spaininvestorsday.com\/?s={search_term_string}\"},\"query-input\":{\"@type\":\"PropertyValueSpecification\",\"valueRequired\":true,\"valueName\":\"search_term_string\"}}],\"inLanguage\":\"en-US\"},{\"@type\":\"Organization\",\"@id\":\"https:\/\/www.spaininvestorsday.com\/#organization\",\"name\":\"Spain Investors Day\",\"url\":\"https:\/\/www.spaininvestorsday.com\/\",\"logo\":{\"@type\":\"ImageObject\",\"inLanguage\":\"en-US\",\"@id\":\"https:\/\/www.spaininvestorsday.com\/#\/schema\/logo\/image\/\",\"url\":\"https:\/\/www.spaininvestorsday.com\/wp-content\/uploads\/2021\/10\/SID-2021.svg\",\"contentUrl\":\"https:\/\/www.spaininvestorsday.com\/wp-content\/uploads\/2021\/10\/SID-2021.svg\",\"width\":199,\"height\":79,\"caption\":\"Spain Investors Day\"},\"image\":{\"@id\":\"https:\/\/www.spaininvestorsday.com\/#\/schema\/logo\/image\/\"}},{\"@type\":\"Person\",\"@id\":\"https:\/\/www.spaininvestorsday.com\/#\/schema\/person\/ae10ee2f725c6fbf823e03329aceaef4\",\"name\":\"EDC-_admin\",\"image\":{\"@type\":\"ImageObject\",\"inLanguage\":\"en-US\",\"@id\":\"https:\/\/www.spaininvestorsday.com\/#\/schema\/person\/image\/\",\"url\":\"https:\/\/secure.gravatar.com\/avatar\/3acb441469ca93d86ed0710c10950b284db14f2d3990c5df87796e9bdf5add89?s=96&d=mm&r=g\",\"contentUrl\":\"https:\/\/secure.gravatar.com\/avatar\/3acb441469ca93d86ed0710c10950b284db14f2d3990c5df87796e9bdf5add89?s=96&d=mm&r=g\",\"caption\":\"EDC-_admin\"},\"sameAs\":[\"https:\/\/www.spaininvestorsday.com\"],\"url\":\"https:\/\/www.spaininvestorsday.com\/en\/author\/edc-_admin\/\"}]}<\/script>\n<!-- \/ Yoast SEO plugin. -->","yoast_head_json":{"title":"TERESA RIBERA, VICEPRESIDENTA CUARTA Y MINISTRA PARA LA TRANSICI\u00d3N ECOL\u00d3GICA Y EL RETO DEMOGR\u00c1FICO, APUESTA POR UN MARCO REGULATORIO ESTABLE PARA AFRONTAR LA TRANSICI\u00d3N ENERG\u00c9TICA HACIA UNA ECONOM\u00cdA VERDE - Spain Investors Day","robots":{"index":"index","follow":"follow","max-snippet":"max-snippet:-1","max-image-preview":"max-image-preview:large","max-video-preview":"max-video-preview:-1"},"canonical":"https:\/\/www.spaininvestorsday.com\/teresa-ribera-vicepresidenta-cuarta-y-ministra-para-la-transicion-ecologica-y-el-reto-demografico-apuesta-por-un-marco-regulatorio-estable-para-afrontar-la-transicion-energetica-hacia-una-economia-v\/","og_locale":"en_US","og_type":"article","og_title":"TERESA RIBERA, VICEPRESIDENTA CUARTA Y MINISTRA PARA LA TRANSICI\u00d3N ECOL\u00d3GICA Y EL RETO DEMOGR\u00c1FICO, APUESTA POR UN MARCO REGULATORIO ESTABLE PARA AFRONTAR LA TRANSICI\u00d3N ENERG\u00c9TICA HACIA UNA ECONOM\u00cdA VERDE - Spain Investors Day","og_description":"Jos\u00e9 Bogas, Consejero Delegado de Endesa, ha destacado el papel de la transici\u00f3n energ\u00e9tica como una de las palancas para alcanzar la sostenibilidad medioambiental y social: \u201cLa energ\u00eda en general y el sector de la electricidad en particular, adquieren un papel especialmente importante en esta transformaci\u00f3n\u201d 13\/01\/2021. La vicepresidenta cuarta del Gobierno y ministra para&hellip; Continue reading TERESA RIBERA, VICEPRESIDENTA CUARTA Y MINISTRA PARA LA TRANSICI\u00d3N ECOL\u00d3GICA Y EL RETO DEMOGR\u00c1FICO, APUESTA POR UN MARCO REGULATORIO ESTABLE PARA AFRONTAR LA TRANSICI\u00d3N ENERG\u00c9TICA HACIA UNA ECONOM\u00cdA VERDE","og_url":"https:\/\/www.spaininvestorsday.com\/teresa-ribera-vicepresidenta-cuarta-y-ministra-para-la-transicion-ecologica-y-el-reto-demografico-apuesta-por-un-marco-regulatorio-estable-para-afrontar-la-transicion-energetica-hacia-una-economia-v\/","og_site_name":"Spain Investors Day","article_published_time":"2021-01-13T17:26:29+00:00","article_modified_time":"2021-11-30T14:15:50+00:00","og_image":[{"width":1038,"height":576,"url":"https:\/\/www.spaininvestorsday.com\/wp-content\/uploads\/2021\/01\/Teresa-Ribera-Vicepresidenta-y-ministra-scaled-e1610558940357-1038x576-1.jpg","type":"image\/jpeg"}],"author":"EDC-_admin","twitter_card":"summary_large_image","twitter_misc":{"Written by":"EDC-_admin","Est. reading time":"3 minutes"},"schema":{"@context":"https:\/\/schema.org","@graph":[{"@type":"Article","@id":"https:\/\/www.spaininvestorsday.com\/teresa-ribera-vicepresidenta-cuarta-y-ministra-para-la-transicion-ecologica-y-el-reto-demografico-apuesta-por-un-marco-regulatorio-estable-para-afrontar-la-transicion-energetica-hacia-una-economia-v\/#article","isPartOf":{"@id":"https:\/\/www.spaininvestorsday.com\/teresa-ribera-vicepresidenta-cuarta-y-ministra-para-la-transicion-ecologica-y-el-reto-demografico-apuesta-por-un-marco-regulatorio-estable-para-afrontar-la-transicion-energetica-hacia-una-economia-v\/"},"author":{"name":"EDC-_admin","@id":"https:\/\/www.spaininvestorsday.com\/#\/schema\/person\/ae10ee2f725c6fbf823e03329aceaef4"},"headline":"TERESA RIBERA, VICEPRESIDENTA CUARTA Y MINISTRA PARA LA TRANSICI\u00d3N ECOL\u00d3GICA Y EL RETO DEMOGR\u00c1FICO, APUESTA POR UN MARCO REGULATORIO ESTABLE PARA AFRONTAR LA TRANSICI\u00d3N ENERG\u00c9TICA HACIA UNA ECONOM\u00cdA VERDE","datePublished":"2021-01-13T17:26:29+00:00","dateModified":"2021-11-30T14:15:50+00:00","mainEntityOfPage":{"@id":"https:\/\/www.spaininvestorsday.com\/teresa-ribera-vicepresidenta-cuarta-y-ministra-para-la-transicion-ecologica-y-el-reto-demografico-apuesta-por-un-marco-regulatorio-estable-para-afrontar-la-transicion-energetica-hacia-una-economia-v\/"},"wordCount":606,"commentCount":0,"publisher":{"@id":"https:\/\/www.spaininvestorsday.com\/#organization"},"image":{"@id":"https:\/\/www.spaininvestorsday.com\/teresa-ribera-vicepresidenta-cuarta-y-ministra-para-la-transicion-ecologica-y-el-reto-demografico-apuesta-por-un-marco-regulatorio-estable-para-afrontar-la-transicion-energetica-hacia-una-economia-v\/#primaryimage"},"thumbnailUrl":"https:\/\/www.spaininvestorsday.com\/wp-content\/uploads\/2021\/01\/Teresa-Ribera-Vicepresidenta-y-ministra-scaled-e1610558940357-1038x576-1.jpg","keywords":["econom\u00eda verde","endesa","energ\u00eda","Jos\u00e9 Bogas","reto demogr\u00e1fico","SID","SIDXI","Spain Investors Day","teresa ribera","transici\u00f3n ecol\u00f3gia"],"articleSection":["2020","2021","Notas de Prensa","Ultimas noticias"],"inLanguage":"en-US","potentialAction":[{"@type":"CommentAction","name":"Comment","target":["https:\/\/www.spaininvestorsday.com\/teresa-ribera-vicepresidenta-cuarta-y-ministra-para-la-transicion-ecologica-y-el-reto-demografico-apuesta-por-un-marco-regulatorio-estable-para-afrontar-la-transicion-energetica-hacia-una-economia-v\/#respond"]}]},{"@type":"WebPage","@id":"https:\/\/www.spaininvestorsday.com\/teresa-ribera-vicepresidenta-cuarta-y-ministra-para-la-transicion-ecologica-y-el-reto-demografico-apuesta-por-un-marco-regulatorio-estable-para-afrontar-la-transicion-energetica-hacia-una-economia-v\/","url":"https:\/\/www.spaininvestorsday.com\/teresa-ribera-vicepresidenta-cuarta-y-ministra-para-la-transicion-ecologica-y-el-reto-demografico-apuesta-por-un-marco-regulatorio-estable-para-afrontar-la-transicion-energetica-hacia-una-economia-v\/","name":"TERESA RIBERA, VICEPRESIDENTA CUARTA Y MINISTRA PARA LA TRANSICI\u00d3N ECOL\u00d3GICA Y EL RETO DEMOGR\u00c1FICO, APUESTA POR UN MARCO REGULATORIO ESTABLE PARA AFRONTAR LA TRANSICI\u00d3N ENERG\u00c9TICA HACIA UNA ECONOM\u00cdA VERDE - Spain Investors Day","isPartOf":{"@id":"https:\/\/www.spaininvestorsday.com\/#website"},"primaryImageOfPage":{"@id":"https:\/\/www.spaininvestorsday.com\/teresa-ribera-vicepresidenta-cuarta-y-ministra-para-la-transicion-ecologica-y-el-reto-demografico-apuesta-por-un-marco-regulatorio-estable-para-afrontar-la-transicion-energetica-hacia-una-economia-v\/#primaryimage"},"image":{"@id":"https:\/\/www.spaininvestorsday.com\/teresa-ribera-vicepresidenta-cuarta-y-ministra-para-la-transicion-ecologica-y-el-reto-demografico-apuesta-por-un-marco-regulatorio-estable-para-afrontar-la-transicion-energetica-hacia-una-economia-v\/#primaryimage"},"thumbnailUrl":"https:\/\/www.spaininvestorsday.com\/wp-content\/uploads\/2021\/01\/Teresa-Ribera-Vicepresidenta-y-ministra-scaled-e1610558940357-1038x576-1.jpg","datePublished":"2021-01-13T17:26:29+00:00","dateModified":"2021-11-30T14:15:50+00:00","breadcrumb":{"@id":"https:\/\/www.spaininvestorsday.com\/teresa-ribera-vicepresidenta-cuarta-y-ministra-para-la-transicion-ecologica-y-el-reto-demografico-apuesta-por-un-marco-regulatorio-estable-para-afrontar-la-transicion-energetica-hacia-una-economia-v\/#breadcrumb"},"inLanguage":"en-US","potentialAction":[{"@type":"ReadAction","target":["https:\/\/www.spaininvestorsday.com\/teresa-ribera-vicepresidenta-cuarta-y-ministra-para-la-transicion-ecologica-y-el-reto-demografico-apuesta-por-un-marco-regulatorio-estable-para-afrontar-la-transicion-energetica-hacia-una-economia-v\/"]}]},{"@type":"ImageObject","inLanguage":"en-US","@id":"https:\/\/www.spaininvestorsday.com\/teresa-ribera-vicepresidenta-cuarta-y-ministra-para-la-transicion-ecologica-y-el-reto-demografico-apuesta-por-un-marco-regulatorio-estable-para-afrontar-la-transicion-energetica-hacia-una-economia-v\/#primaryimage","url":"https:\/\/www.spaininvestorsday.com\/wp-content\/uploads\/2021\/01\/Teresa-Ribera-Vicepresidenta-y-ministra-scaled-e1610558940357-1038x576-1.jpg","contentUrl":"https:\/\/www.spaininvestorsday.com\/wp-content\/uploads\/2021\/01\/Teresa-Ribera-Vicepresidenta-y-ministra-scaled-e1610558940357-1038x576-1.jpg","width":1038,"height":576},{"@type":"BreadcrumbList","@id":"https:\/\/www.spaininvestorsday.com\/teresa-ribera-vicepresidenta-cuarta-y-ministra-para-la-transicion-ecologica-y-el-reto-demografico-apuesta-por-un-marco-regulatorio-estable-para-afrontar-la-transicion-energetica-hacia-una-economia-v\/#breadcrumb","itemListElement":[{"@type":"ListItem","position":1,"name":"Portada","item":"https:\/\/www.spaininvestorsday.com\/"},{"@type":"ListItem","position":2,"name":"TERESA RIBERA, VICEPRESIDENTA CUARTA Y MINISTRA PARA LA TRANSICI\u00d3N ECOL\u00d3GICA Y EL RETO DEMOGR\u00c1FICO, APUESTA POR UN MARCO REGULATORIO ESTABLE PARA AFRONTAR LA TRANSICI\u00d3N ENERG\u00c9TICA HACIA UNA ECONOM\u00cdA VERDE"}]},{"@type":"WebSite","@id":"https:\/\/www.spaininvestorsday.com\/#website","url":"https:\/\/www.spaininvestorsday.com\/","name":"Spain Investors Day","description":"El foro profesional \u00fanico en Espa\u00f1a","publisher":{"@id":"https:\/\/www.spaininvestorsday.com\/#organization"},"potentialAction":[{"@type":"SearchAction","target":{"@type":"EntryPoint","urlTemplate":"https:\/\/www.spaininvestorsday.com\/?s={search_term_string}"},"query-input":{"@type":"PropertyValueSpecification","valueRequired":true,"valueName":"search_term_string"}}],"inLanguage":"en-US"},{"@type":"Organization","@id":"https:\/\/www.spaininvestorsday.com\/#organization","name":"Spain Investors Day","url":"https:\/\/www.spaininvestorsday.com\/","logo":{"@type":"ImageObject","inLanguage":"en-US","@id":"https:\/\/www.spaininvestorsday.com\/#\/schema\/logo\/image\/","url":"https:\/\/www.spaininvestorsday.com\/wp-content\/uploads\/2021\/10\/SID-2021.svg","contentUrl":"https:\/\/www.spaininvestorsday.com\/wp-content\/uploads\/2021\/10\/SID-2021.svg","width":199,"height":79,"caption":"Spain Investors Day"},"image":{"@id":"https:\/\/www.spaininvestorsday.com\/#\/schema\/logo\/image\/"}},{"@type":"Person","@id":"https:\/\/www.spaininvestorsday.com\/#\/schema\/person\/ae10ee2f725c6fbf823e03329aceaef4","name":"EDC-_admin","image":{"@type":"ImageObject","inLanguage":"en-US","@id":"https:\/\/www.spaininvestorsday.com\/#\/schema\/person\/image\/","url":"https:\/\/secure.gravatar.com\/avatar\/3acb441469ca93d86ed0710c10950b284db14f2d3990c5df87796e9bdf5add89?s=96&d=mm&r=g","contentUrl":"https:\/\/secure.gravatar.com\/avatar\/3acb441469ca93d86ed0710c10950b284db14f2d3990c5df87796e9bdf5add89?s=96&d=mm&r=g","caption":"EDC-_admin"},"sameAs":["https:\/\/www.spaininvestorsday.com"],"url":"https:\/\/www.spaininvestorsday.com\/en\/author\/edc-_admin\/"}]}},"_links":{"self":[{"href":"https:\/\/www.spaininvestorsday.com\/en\/wp-json\/wp\/v2\/posts\/6110","targetHints":{"allow":["GET"]}}],"collection":[{"href":"https:\/\/www.spaininvestorsday.com\/en\/wp-json\/wp\/v2\/posts"}],"about":[{"href":"https:\/\/www.spaininvestorsday.com\/en\/wp-json\/wp\/v2\/types\/post"}],"author":[{"embeddable":true,"href":"https:\/\/www.spaininvestorsday.com\/en\/wp-json\/wp\/v2\/users\/1"}],"replies":[{"embeddable":true,"href":"https:\/\/www.spaininvestorsday.com\/en\/wp-json\/wp\/v2\/comments?post=6110"}],"version-history":[{"count":1,"href":"https:\/\/www.spaininvestorsday.com\/en\/wp-json\/wp\/v2\/posts\/6110\/revisions"}],"predecessor-version":[{"id":6848,"href":"https:\/\/www.spaininvestorsday.com\/en\/wp-json\/wp\/v2\/posts\/6110\/revisions\/6848"}],"wp:featuredmedia":[{"embeddable":true,"href":"https:\/\/www.spaininvestorsday.com\/en\/wp-json\/wp\/v2\/media\/6847"}],"wp:attachment":[{"href":"https:\/\/www.spaininvestorsday.com\/en\/wp-json\/wp\/v2\/media?parent=6110"}],"wp:term":[{"taxonomy":"category","embeddable":true,"href":"https:\/\/www.spaininvestorsday.com\/en\/wp-json\/wp\/v2\/categories?post=6110"},{"taxonomy":"post_tag","embeddable":true,"href":"https:\/\/www.spaininvestorsday.com\/en\/wp-json\/wp\/v2\/tags?post=6110"}],"curies":[{"name":"wp","href":"https:\/\/api.w.org\/{rel}","templated":true}]}}