{"id":6090,"date":"2021-01-11T17:09:37","date_gmt":"2021-01-11T17:09:37","guid":{"rendered":"https:\/\/www.spaininvestorsday.com\/?p=6090"},"modified":"2021-12-03T08:56:13","modified_gmt":"2021-12-03T08:56:13","slug":"s-m-el-rey-preside-la-inauguracion-del-spain-investors-day-sid","status":"publish","type":"post","link":"https:\/\/www.spaininvestorsday.com\/en\/s-m-el-rey-preside-la-inauguracion-del-spain-investors-day-sid\/","title":{"rendered":"S.M. EL REY PRESIDE LA INAUGURACI\u00d3N DEL SPAIN INVESTORS DAY (SID)"},"content":{"rendered":"<ul>\n<li>El objetivo del <strong><em>SID,<\/em><\/strong> que arranca el pr\u00f3ximo mi\u00e9rcoles d\u00eda 13, es generar y reforzar la confianza de los inversores internacionales en las compa\u00f1\u00edas cotizadas espa\u00f1olas.<\/li>\n<li>46 grandes empresas cotizadas se reunir\u00e1n durante dos d\u00edas, presencial y telem\u00e1ticamente, con m\u00e1s de 200 inversores de 14 pa\u00edses.<\/li>\n<\/ul>\n<p>Su Majestad el Rey presidir\u00e1 la inauguraci\u00f3n de la XI edici\u00f3n del Foro <strong><em>Spain Investors Day <\/em><\/strong>(SID) que se celebra en Madrid los pr\u00f3ximos d\u00edas 13 y 14 de enero. El encuentro reunir\u00e1, durante dos d\u00edas, a m\u00e1s de 200 inversores internacionales de Alemania, Australia, B\u00e9lgica, Canad\u00e1, EE.UU, Emiratos \u00c1rabes, Espa\u00f1a, Francia, Irlanda, Italia, Malasia, Reino Unido, Suecia y Suiza con los principales ejecutivos de 46 cotizadas espa\u00f1olas, que explicar\u00e1n la situaci\u00f3n de sus empresas y los planes para el ejercicio que ahora comienza.\u00a0 Desde la primera edici\u00f3n, el Rey ha sido presidente de Honor del Foro.<\/p>\n<p>El SID cobra especial protagonismo, en esta ocasi\u00f3n, dada la situaci\u00f3n de crisis y la significativa ca\u00edda de la bolsa espa\u00f1ola en 2020. Ser\u00e1, por tanto, una oportunidad \u00fanica para reforzar la confianza en la econom\u00eda espa\u00f1ola en un escenario de incertidumbre y generar m\u00e1s actividad y empleo.<\/p>\n<p>Las compa\u00f1\u00edas que acuden este a\u00f1o al SID son: ACCIONA, ACERINOX, AENA, ALMIRALL, \u00c1RIMA, ATRESMEDIA, AUDAX, BANKINTER, CAIXABANK, CATALANA OCCIDENTE, CECABANK, CIE AUTOMOTIVE, CORPORACI\u00d3N ALBA, EBRO FOODS, ENAG\u00c1S, ENCE, ENDESA, EUSKALTEL, FCC, FERROVIAL, FLUIDRA, GESTAMP, GRIFOLS, GRUPO ACS, IBERDROLA, INDRA, INMOBILIARIA COLONIAL, INTERNATIONAL AIRLINES GROUP, LIBERBANK, MAPFRE, MEDIASET ESPA\u00d1A, MERLIN PROPERTIES, PRISA, PROSEGUR, PROSEGUR CASH, RED EL\u00c9CTRICA DE ESPA\u00d1A, REPSOL, ROVI, SABADELL, SACYR, SOLARIA, T\u00c9CNICAS REUNIDAS, TELEF\u00d3NICA, UNICAJA BANCO, VIDRALA y VOCENTO. Todos los sectores de la actividad empresarial quedan as\u00ed representados en esta nueva edici\u00f3n del SID.<\/p>\n<p><strong><em>Spain Investors Day <\/em><\/strong>cuenta con <strong>BNP PARIBAS<\/strong>, <strong>EXANE BNP PARIBAS como asociados<\/strong>; <strong>GRANT THORNTON, ENDESA<\/strong>, <strong>CECABANK, PRISA como patrocinadores; y\u00a0 BME<\/strong>,\u00a0 <strong>ICEX-Invest<\/strong> <strong>in Spain<\/strong>,\u00a0 <strong>ICO, LINKLATERS, EQUIPO ECON\u00d3MICO, AON<\/strong> y <strong>AYUNTAMIENTO DE MADRID como colaboradores<\/strong>. El SID es una empresa de ESTUDIO DE COMUNICACI\u00d3N.<\/p>\n","protected":false},"excerpt":{"rendered":"<p>El objetivo del SID, que arranca el pr\u00f3ximo mi\u00e9rcoles d\u00eda 13, es generar y reforzar la confianza de los inversores internacionales en las compa\u00f1\u00edas cotizadas espa\u00f1olas. 46 grandes empresas cotizadas se reunir\u00e1n durante dos d\u00edas, presencial y telem\u00e1ticamente, con m\u00e1s de 200 inversores de 14 pa\u00edses. Su Majestad el Rey presidir\u00e1 la inauguraci\u00f3n de la&hellip; <a class=\"more-link\" href=\"https:\/\/www.spaininvestorsday.com\/en\/s-m-el-rey-preside-la-inauguracion-del-spain-investors-day-sid\/\">Continue reading <span class=\"screen-reader-text\">S.M. EL REY PRESIDE LA INAUGURACI\u00d3N DEL SPAIN INVESTORS DAY (SID)<\/span><\/a><\/p>\n","protected":false},"author":1,"featured_media":7265,"comment_status":"open","ping_status":"open","sticky":false,"template":"","format":"standard","meta":{"inline_featured_image":false,"footnotes":""},"categories":[16,24,7,5],"tags":[22,48],"class_list":["post-6090","post","type-post","status-publish","format-standard","has-post-thumbnail","hentry","category-16","category-24","category-notas-de-prensa","category-ultimas-noticias","tag-sid","tag-sidxi","entry"],"yoast_head":"<!-- This site is optimized with the Yoast SEO plugin v26.6 - https:\/\/yoast.com\/wordpress\/plugins\/seo\/ -->\n<title>S.M. EL REY PRESIDE LA INAUGURACI\u00d3N DEL SPAIN INVESTORS DAY (SID) - Spain Investors Day<\/title>\n<meta name=\"robots\" content=\"index, follow, max-snippet:-1, max-image-preview:large, max-video-preview:-1\" \/>\n<link rel=\"canonical\" href=\"https:\/\/www.spaininvestorsday.com\/s-m-el-rey-preside-la-inauguracion-del-spain-investors-day-sid\/\" \/>\n<meta property=\"og:locale\" content=\"en_US\" \/>\n<meta property=\"og:type\" content=\"article\" \/>\n<meta property=\"og:title\" content=\"S.M. EL REY PRESIDE LA INAUGURACI\u00d3N DEL SPAIN INVESTORS DAY (SID) - Spain Investors Day\" \/>\n<meta property=\"og:description\" content=\"El objetivo del SID, que arranca el pr\u00f3ximo mi\u00e9rcoles d\u00eda 13, es generar y reforzar la confianza de los inversores internacionales en las compa\u00f1\u00edas cotizadas espa\u00f1olas. 46 grandes empresas cotizadas se reunir\u00e1n durante dos d\u00edas, presencial y telem\u00e1ticamente, con m\u00e1s de 200 inversores de 14 pa\u00edses. Su Majestad el Rey presidir\u00e1 la inauguraci\u00f3n de la&hellip; Continue reading S.M. EL REY PRESIDE LA INAUGURACI\u00d3N DEL SPAIN INVESTORS DAY (SID)\" \/>\n<meta property=\"og:url\" content=\"https:\/\/www.spaininvestorsday.com\/s-m-el-rey-preside-la-inauguracion-del-spain-investors-day-sid\/\" \/>\n<meta property=\"og:site_name\" content=\"Spain Investors Day\" \/>\n<meta property=\"article:published_time\" content=\"2021-01-11T17:09:37+00:00\" \/>\n<meta property=\"article:modified_time\" content=\"2021-12-03T08:56:13+00:00\" \/>\n<meta property=\"og:image\" content=\"https:\/\/www.spaininvestorsday.com\/wp-content\/uploads\/2021\/01\/Rey-preside.jpg\" \/>\n\t<meta property=\"og:image:width\" content=\"1038\" \/>\n\t<meta property=\"og:image:height\" content=\"576\" \/>\n\t<meta property=\"og:image:type\" content=\"image\/jpeg\" \/>\n<meta name=\"author\" content=\"EDC-_admin\" \/>\n<meta name=\"twitter:card\" content=\"summary_large_image\" \/>\n<meta name=\"twitter:label1\" content=\"Written by\" \/>\n\t<meta name=\"twitter:data1\" content=\"EDC-_admin\" \/>\n\t<meta name=\"twitter:label2\" content=\"Est. reading time\" \/>\n\t<meta name=\"twitter:data2\" content=\"2 minutes\" \/>\n<script type=\"application\/ld+json\" class=\"yoast-schema-graph\">{\"@context\":\"https:\/\/schema.org\",\"@graph\":[{\"@type\":\"Article\",\"@id\":\"https:\/\/www.spaininvestorsday.com\/s-m-el-rey-preside-la-inauguracion-del-spain-investors-day-sid\/#article\",\"isPartOf\":{\"@id\":\"https:\/\/www.spaininvestorsday.com\/s-m-el-rey-preside-la-inauguracion-del-spain-investors-day-sid\/\"},\"author\":{\"name\":\"EDC-_admin\",\"@id\":\"https:\/\/www.spaininvestorsday.com\/#\/schema\/person\/ae10ee2f725c6fbf823e03329aceaef4\"},\"headline\":\"S.M. EL REY PRESIDE LA INAUGURACI\u00d3N DEL SPAIN INVESTORS DAY (SID)\",\"datePublished\":\"2021-01-11T17:09:37+00:00\",\"dateModified\":\"2021-12-03T08:56:13+00:00\",\"mainEntityOfPage\":{\"@id\":\"https:\/\/www.spaininvestorsday.com\/s-m-el-rey-preside-la-inauguracion-del-spain-investors-day-sid\/\"},\"wordCount\":369,\"commentCount\":0,\"publisher\":{\"@id\":\"https:\/\/www.spaininvestorsday.com\/#organization\"},\"image\":{\"@id\":\"https:\/\/www.spaininvestorsday.com\/s-m-el-rey-preside-la-inauguracion-del-spain-investors-day-sid\/#primaryimage\"},\"thumbnailUrl\":\"https:\/\/www.spaininvestorsday.com\/wp-content\/uploads\/2021\/01\/Rey-preside.jpg\",\"keywords\":[\"SID\",\"SIDXI\"],\"articleSection\":[\"2020\",\"2021\",\"Notas de Prensa\",\"Ultimas noticias\"],\"inLanguage\":\"en-US\",\"potentialAction\":[{\"@type\":\"CommentAction\",\"name\":\"Comment\",\"target\":[\"https:\/\/www.spaininvestorsday.com\/s-m-el-rey-preside-la-inauguracion-del-spain-investors-day-sid\/#respond\"]}]},{\"@type\":\"WebPage\",\"@id\":\"https:\/\/www.spaininvestorsday.com\/s-m-el-rey-preside-la-inauguracion-del-spain-investors-day-sid\/\",\"url\":\"https:\/\/www.spaininvestorsday.com\/s-m-el-rey-preside-la-inauguracion-del-spain-investors-day-sid\/\",\"name\":\"S.M. EL REY PRESIDE LA INAUGURACI\u00d3N DEL SPAIN INVESTORS DAY (SID) - Spain Investors Day\",\"isPartOf\":{\"@id\":\"https:\/\/www.spaininvestorsday.com\/#website\"},\"primaryImageOfPage\":{\"@id\":\"https:\/\/www.spaininvestorsday.com\/s-m-el-rey-preside-la-inauguracion-del-spain-investors-day-sid\/#primaryimage\"},\"image\":{\"@id\":\"https:\/\/www.spaininvestorsday.com\/s-m-el-rey-preside-la-inauguracion-del-spain-investors-day-sid\/#primaryimage\"},\"thumbnailUrl\":\"https:\/\/www.spaininvestorsday.com\/wp-content\/uploads\/2021\/01\/Rey-preside.jpg\",\"datePublished\":\"2021-01-11T17:09:37+00:00\",\"dateModified\":\"2021-12-03T08:56:13+00:00\",\"breadcrumb\":{\"@id\":\"https:\/\/www.spaininvestorsday.com\/s-m-el-rey-preside-la-inauguracion-del-spain-investors-day-sid\/#breadcrumb\"},\"inLanguage\":\"en-US\",\"potentialAction\":[{\"@type\":\"ReadAction\",\"target\":[\"https:\/\/www.spaininvestorsday.com\/s-m-el-rey-preside-la-inauguracion-del-spain-investors-day-sid\/\"]}]},{\"@type\":\"ImageObject\",\"inLanguage\":\"en-US\",\"@id\":\"https:\/\/www.spaininvestorsday.com\/s-m-el-rey-preside-la-inauguracion-del-spain-investors-day-sid\/#primaryimage\",\"url\":\"https:\/\/www.spaininvestorsday.com\/wp-content\/uploads\/2021\/01\/Rey-preside.jpg\",\"contentUrl\":\"https:\/\/www.spaininvestorsday.com\/wp-content\/uploads\/2021\/01\/Rey-preside.jpg\",\"width\":1038,\"height\":576},{\"@type\":\"BreadcrumbList\",\"@id\":\"https:\/\/www.spaininvestorsday.com\/s-m-el-rey-preside-la-inauguracion-del-spain-investors-day-sid\/#breadcrumb\",\"itemListElement\":[{\"@type\":\"ListItem\",\"position\":1,\"name\":\"Portada\",\"item\":\"https:\/\/www.spaininvestorsday.com\/\"},{\"@type\":\"ListItem\",\"position\":2,\"name\":\"S.M. EL REY PRESIDE LA INAUGURACI\u00d3N DEL SPAIN INVESTORS DAY (SID)\"}]},{\"@type\":\"WebSite\",\"@id\":\"https:\/\/www.spaininvestorsday.com\/#website\",\"url\":\"https:\/\/www.spaininvestorsday.com\/\",\"name\":\"Spain Investors Day\",\"description\":\"El foro profesional \u00fanico en Espa\u00f1a\",\"publisher\":{\"@id\":\"https:\/\/www.spaininvestorsday.com\/#organization\"},\"potentialAction\":[{\"@type\":\"SearchAction\",\"target\":{\"@type\":\"EntryPoint\",\"urlTemplate\":\"https:\/\/www.spaininvestorsday.com\/?s={search_term_string}\"},\"query-input\":{\"@type\":\"PropertyValueSpecification\",\"valueRequired\":true,\"valueName\":\"search_term_string\"}}],\"inLanguage\":\"en-US\"},{\"@type\":\"Organization\",\"@id\":\"https:\/\/www.spaininvestorsday.com\/#organization\",\"name\":\"Spain Investors Day\",\"url\":\"https:\/\/www.spaininvestorsday.com\/\",\"logo\":{\"@type\":\"ImageObject\",\"inLanguage\":\"en-US\",\"@id\":\"https:\/\/www.spaininvestorsday.com\/#\/schema\/logo\/image\/\",\"url\":\"https:\/\/www.spaininvestorsday.com\/wp-content\/uploads\/2021\/10\/SID-2021.svg\",\"contentUrl\":\"https:\/\/www.spaininvestorsday.com\/wp-content\/uploads\/2021\/10\/SID-2021.svg\",\"width\":199,\"height\":79,\"caption\":\"Spain Investors Day\"},\"image\":{\"@id\":\"https:\/\/www.spaininvestorsday.com\/#\/schema\/logo\/image\/\"}},{\"@type\":\"Person\",\"@id\":\"https:\/\/www.spaininvestorsday.com\/#\/schema\/person\/ae10ee2f725c6fbf823e03329aceaef4\",\"name\":\"EDC-_admin\",\"image\":{\"@type\":\"ImageObject\",\"inLanguage\":\"en-US\",\"@id\":\"https:\/\/www.spaininvestorsday.com\/#\/schema\/person\/image\/\",\"url\":\"https:\/\/secure.gravatar.com\/avatar\/3acb441469ca93d86ed0710c10950b284db14f2d3990c5df87796e9bdf5add89?s=96&d=mm&r=g\",\"contentUrl\":\"https:\/\/secure.gravatar.com\/avatar\/3acb441469ca93d86ed0710c10950b284db14f2d3990c5df87796e9bdf5add89?s=96&d=mm&r=g\",\"caption\":\"EDC-_admin\"},\"sameAs\":[\"https:\/\/www.spaininvestorsday.com\"],\"url\":\"https:\/\/www.spaininvestorsday.com\/en\/author\/edc-_admin\/\"}]}<\/script>\n<!-- \/ Yoast SEO plugin. -->","yoast_head_json":{"title":"S.M. EL REY PRESIDE LA INAUGURACI\u00d3N DEL SPAIN INVESTORS DAY (SID) - Spain Investors Day","robots":{"index":"index","follow":"follow","max-snippet":"max-snippet:-1","max-image-preview":"max-image-preview:large","max-video-preview":"max-video-preview:-1"},"canonical":"https:\/\/www.spaininvestorsday.com\/s-m-el-rey-preside-la-inauguracion-del-spain-investors-day-sid\/","og_locale":"en_US","og_type":"article","og_title":"S.M. EL REY PRESIDE LA INAUGURACI\u00d3N DEL SPAIN INVESTORS DAY (SID) - Spain Investors Day","og_description":"El objetivo del SID, que arranca el pr\u00f3ximo mi\u00e9rcoles d\u00eda 13, es generar y reforzar la confianza de los inversores internacionales en las compa\u00f1\u00edas cotizadas espa\u00f1olas. 46 grandes empresas cotizadas se reunir\u00e1n durante dos d\u00edas, presencial y telem\u00e1ticamente, con m\u00e1s de 200 inversores de 14 pa\u00edses. Su Majestad el Rey presidir\u00e1 la inauguraci\u00f3n de la&hellip; Continue reading S.M. EL REY PRESIDE LA INAUGURACI\u00d3N DEL SPAIN INVESTORS DAY (SID)","og_url":"https:\/\/www.spaininvestorsday.com\/s-m-el-rey-preside-la-inauguracion-del-spain-investors-day-sid\/","og_site_name":"Spain Investors Day","article_published_time":"2021-01-11T17:09:37+00:00","article_modified_time":"2021-12-03T08:56:13+00:00","og_image":[{"width":1038,"height":576,"url":"https:\/\/www.spaininvestorsday.com\/wp-content\/uploads\/2021\/01\/Rey-preside.jpg","type":"image\/jpeg"}],"author":"EDC-_admin","twitter_card":"summary_large_image","twitter_misc":{"Written by":"EDC-_admin","Est. reading time":"2 minutes"},"schema":{"@context":"https:\/\/schema.org","@graph":[{"@type":"Article","@id":"https:\/\/www.spaininvestorsday.com\/s-m-el-rey-preside-la-inauguracion-del-spain-investors-day-sid\/#article","isPartOf":{"@id":"https:\/\/www.spaininvestorsday.com\/s-m-el-rey-preside-la-inauguracion-del-spain-investors-day-sid\/"},"author":{"name":"EDC-_admin","@id":"https:\/\/www.spaininvestorsday.com\/#\/schema\/person\/ae10ee2f725c6fbf823e03329aceaef4"},"headline":"S.M. EL REY PRESIDE LA INAUGURACI\u00d3N DEL SPAIN INVESTORS DAY (SID)","datePublished":"2021-01-11T17:09:37+00:00","dateModified":"2021-12-03T08:56:13+00:00","mainEntityOfPage":{"@id":"https:\/\/www.spaininvestorsday.com\/s-m-el-rey-preside-la-inauguracion-del-spain-investors-day-sid\/"},"wordCount":369,"commentCount":0,"publisher":{"@id":"https:\/\/www.spaininvestorsday.com\/#organization"},"image":{"@id":"https:\/\/www.spaininvestorsday.com\/s-m-el-rey-preside-la-inauguracion-del-spain-investors-day-sid\/#primaryimage"},"thumbnailUrl":"https:\/\/www.spaininvestorsday.com\/wp-content\/uploads\/2021\/01\/Rey-preside.jpg","keywords":["SID","SIDXI"],"articleSection":["2020","2021","Notas de Prensa","Ultimas noticias"],"inLanguage":"en-US","potentialAction":[{"@type":"CommentAction","name":"Comment","target":["https:\/\/www.spaininvestorsday.com\/s-m-el-rey-preside-la-inauguracion-del-spain-investors-day-sid\/#respond"]}]},{"@type":"WebPage","@id":"https:\/\/www.spaininvestorsday.com\/s-m-el-rey-preside-la-inauguracion-del-spain-investors-day-sid\/","url":"https:\/\/www.spaininvestorsday.com\/s-m-el-rey-preside-la-inauguracion-del-spain-investors-day-sid\/","name":"S.M. EL REY PRESIDE LA INAUGURACI\u00d3N DEL SPAIN INVESTORS DAY (SID) - Spain Investors Day","isPartOf":{"@id":"https:\/\/www.spaininvestorsday.com\/#website"},"primaryImageOfPage":{"@id":"https:\/\/www.spaininvestorsday.com\/s-m-el-rey-preside-la-inauguracion-del-spain-investors-day-sid\/#primaryimage"},"image":{"@id":"https:\/\/www.spaininvestorsday.com\/s-m-el-rey-preside-la-inauguracion-del-spain-investors-day-sid\/#primaryimage"},"thumbnailUrl":"https:\/\/www.spaininvestorsday.com\/wp-content\/uploads\/2021\/01\/Rey-preside.jpg","datePublished":"2021-01-11T17:09:37+00:00","dateModified":"2021-12-03T08:56:13+00:00","breadcrumb":{"@id":"https:\/\/www.spaininvestorsday.com\/s-m-el-rey-preside-la-inauguracion-del-spain-investors-day-sid\/#breadcrumb"},"inLanguage":"en-US","potentialAction":[{"@type":"ReadAction","target":["https:\/\/www.spaininvestorsday.com\/s-m-el-rey-preside-la-inauguracion-del-spain-investors-day-sid\/"]}]},{"@type":"ImageObject","inLanguage":"en-US","@id":"https:\/\/www.spaininvestorsday.com\/s-m-el-rey-preside-la-inauguracion-del-spain-investors-day-sid\/#primaryimage","url":"https:\/\/www.spaininvestorsday.com\/wp-content\/uploads\/2021\/01\/Rey-preside.jpg","contentUrl":"https:\/\/www.spaininvestorsday.com\/wp-content\/uploads\/2021\/01\/Rey-preside.jpg","width":1038,"height":576},{"@type":"BreadcrumbList","@id":"https:\/\/www.spaininvestorsday.com\/s-m-el-rey-preside-la-inauguracion-del-spain-investors-day-sid\/#breadcrumb","itemListElement":[{"@type":"ListItem","position":1,"name":"Portada","item":"https:\/\/www.spaininvestorsday.com\/"},{"@type":"ListItem","position":2,"name":"S.M. EL REY PRESIDE LA INAUGURACI\u00d3N DEL SPAIN INVESTORS DAY (SID)"}]},{"@type":"WebSite","@id":"https:\/\/www.spaininvestorsday.com\/#website","url":"https:\/\/www.spaininvestorsday.com\/","name":"Spain Investors Day","description":"El foro profesional \u00fanico en Espa\u00f1a","publisher":{"@id":"https:\/\/www.spaininvestorsday.com\/#organization"},"potentialAction":[{"@type":"SearchAction","target":{"@type":"EntryPoint","urlTemplate":"https:\/\/www.spaininvestorsday.com\/?s={search_term_string}"},"query-input":{"@type":"PropertyValueSpecification","valueRequired":true,"valueName":"search_term_string"}}],"inLanguage":"en-US"},{"@type":"Organization","@id":"https:\/\/www.spaininvestorsday.com\/#organization","name":"Spain Investors Day","url":"https:\/\/www.spaininvestorsday.com\/","logo":{"@type":"ImageObject","inLanguage":"en-US","@id":"https:\/\/www.spaininvestorsday.com\/#\/schema\/logo\/image\/","url":"https:\/\/www.spaininvestorsday.com\/wp-content\/uploads\/2021\/10\/SID-2021.svg","contentUrl":"https:\/\/www.spaininvestorsday.com\/wp-content\/uploads\/2021\/10\/SID-2021.svg","width":199,"height":79,"caption":"Spain Investors Day"},"image":{"@id":"https:\/\/www.spaininvestorsday.com\/#\/schema\/logo\/image\/"}},{"@type":"Person","@id":"https:\/\/www.spaininvestorsday.com\/#\/schema\/person\/ae10ee2f725c6fbf823e03329aceaef4","name":"EDC-_admin","image":{"@type":"ImageObject","inLanguage":"en-US","@id":"https:\/\/www.spaininvestorsday.com\/#\/schema\/person\/image\/","url":"https:\/\/secure.gravatar.com\/avatar\/3acb441469ca93d86ed0710c10950b284db14f2d3990c5df87796e9bdf5add89?s=96&d=mm&r=g","contentUrl":"https:\/\/secure.gravatar.com\/avatar\/3acb441469ca93d86ed0710c10950b284db14f2d3990c5df87796e9bdf5add89?s=96&d=mm&r=g","caption":"EDC-_admin"},"sameAs":["https:\/\/www.spaininvestorsday.com"],"url":"https:\/\/www.spaininvestorsday.com\/en\/author\/edc-_admin\/"}]}},"_links":{"self":[{"href":"https:\/\/www.spaininvestorsday.com\/en\/wp-json\/wp\/v2\/posts\/6090","targetHints":{"allow":["GET"]}}],"collection":[{"href":"https:\/\/www.spaininvestorsday.com\/en\/wp-json\/wp\/v2\/posts"}],"about":[{"href":"https:\/\/www.spaininvestorsday.com\/en\/wp-json\/wp\/v2\/types\/post"}],"author":[{"embeddable":true,"href":"https:\/\/www.spaininvestorsday.com\/en\/wp-json\/wp\/v2\/users\/1"}],"replies":[{"embeddable":true,"href":"https:\/\/www.spaininvestorsday.com\/en\/wp-json\/wp\/v2\/comments?post=6090"}],"version-history":[{"count":1,"href":"https:\/\/www.spaininvestorsday.com\/en\/wp-json\/wp\/v2\/posts\/6090\/revisions"}],"predecessor-version":[{"id":7267,"href":"https:\/\/www.spaininvestorsday.com\/en\/wp-json\/wp\/v2\/posts\/6090\/revisions\/7267"}],"wp:featuredmedia":[{"embeddable":true,"href":"https:\/\/www.spaininvestorsday.com\/en\/wp-json\/wp\/v2\/media\/7265"}],"wp:attachment":[{"href":"https:\/\/www.spaininvestorsday.com\/en\/wp-json\/wp\/v2\/media?parent=6090"}],"wp:term":[{"taxonomy":"category","embeddable":true,"href":"https:\/\/www.spaininvestorsday.com\/en\/wp-json\/wp\/v2\/categories?post=6090"},{"taxonomy":"post_tag","embeddable":true,"href":"https:\/\/www.spaininvestorsday.com\/en\/wp-json\/wp\/v2\/tags?post=6090"}],"curies":[{"name":"wp","href":"https:\/\/api.w.org\/{rel}","templated":true}]}}