{"id":5612,"date":"2019-12-05T09:09:29","date_gmt":"2019-12-05T09:09:29","guid":{"rendered":"https:\/\/www.spaininvestorsday.com\/?p=5612"},"modified":"2022-01-05T16:40:02","modified_gmt":"2022-01-05T16:40:02","slug":"spain-investors-day-celebrara-su-x-edicion-los-dias-14-y-15-de-enero-en-madrid","status":"publish","type":"post","link":"https:\/\/www.spaininvestorsday.com\/en\/spain-investors-day-celebrara-su-x-edicion-los-dias-14-y-15-de-enero-en-madrid\/","title":{"rendered":"SPAIN INVESTORS DAY CELEBRAR\u00c1 SU X EDICI\u00d3N LOS D\u00cdAS 14 Y 15 DE ENERO EN MADRID"},"content":{"rendered":"<p style=\"text-align: justify;\">Su Majestad El Rey Felipe VI presidir\u00e1 el Comit\u00e9 de Honor de la X edici\u00f3n del Foro Financiero internacional <strong><em>Spain Investors Day<\/em><\/strong> (SID) que se celebrar\u00e1 los d\u00edas 14 y 15 del pr\u00f3ximo mes de enero, en Madrid, seg\u00fan ha confirmado hoy el consejo Rector del SID. El encuentro reunir\u00e1, durante dos d\u00edas, a inversores internacionales de varios pa\u00edses con empresas cotizadas espa\u00f1olas y con los miembros m\u00e1s destacados del equipo econ\u00f3mico del nuevo Gobierno.<\/p>\n<p style=\"text-align: justify;\">El SID se ha consolidado como el escenario id\u00f3neo, a comienzos de a\u00f1o, para que el Gobierno exponga a los inversores sus planes en materia econ\u00f3mica y las empresas avancen sus resultados del pasado ejercicio y sus presupuestos para 2020.<em> \u201cTrabajaremos para que los inversores conozcan con rigor la situaci\u00f3n de la econom\u00eda espa\u00f1ola y las empresas cotizadas puedan presentar sus planes de futuro al mayor n\u00famero posible de grandes fondos y entidades financieras<\/em>\u201d, avanza Benito Berceruelo, presidente del SID.<\/p>\n<p style=\"text-align: justify;\">Los organizadores prev\u00e9n superar las cifras alcanzadas en la edici\u00f3n anterior del SID, con 40 grandes cotizadas, m\u00e1s de un centenar y medio de inversores y la participaci\u00f3n de alrededor de 1.200 invitados del mundo empresarial y financiero en los actos de inauguraci\u00f3n, almuerzos, cena oficial, reuniones plenarias y encuentros individuales entre compa\u00f1\u00edas e inversores.<\/p>\n<p style=\"text-align: justify;\">El a\u00f1o 2020 comenzar\u00e1 con incertidumbres en todo el mundo por la recesi\u00f3n econ\u00f3mica global, los cambios que pueda generar un Brexit duro, las guerras comerciales entre las grandes potencias o la ca\u00edda de la producci\u00f3n industrial en toda la zona\u00a0euro. En el caso de Espa\u00f1a, nos enfrentamos a un retroceso de la inversi\u00f3n internacional y a una nueva situaci\u00f3n pol\u00edtica tras las \u00faltimas elecciones. \u201c<em>Es un escenario de incertidumbre econ\u00f3mica y pol\u00edtica que preocupa a los inversores y hace m\u00e1s necesario que nunca <\/em>-a\u00f1ade Berceruelo-<em> explicar y debatir la actuaci\u00f3n p\u00fablica en materia econ\u00f3mica y presupuestaria de manera que generemos<\/em><em> confianza ante la comunidad inversora internacional\u201d.<\/em><\/p>\n<p style=\"text-align: justify;\">Los asociados estrat\u00e9gicos que hacen posible el Foro <strong>Spain Investors Day<\/strong> son BNP PARIBAS, l\u00edder europeo en servicios financieros y EXANE BNP PARIBAS, uno de los principales intermediarios en renta variable europea y el Foro cuenta con el patrocinio de firmas internacionales como GRANT THORNTON, uno de los l\u00edderes mundiales en auditor\u00eda y asesoramiento fiscal y financiero y AON, l\u00edder mundial en servicios de gesti\u00f3n de riesgos, intermediaci\u00f3n de seguros y reaseguros y consultor\u00eda de previsi\u00f3n social y recursos humanos. Tambi\u00e9n apoyan el encuentro CECABANK, PRISA, BME y la entidad p\u00fablica ICEX. Participan como colaboradores las firmas ICO, LINKLATERS y EQUIPO ECON\u00d3MICO. El promotor y organizador del <strong>Spain Investors Day<\/strong> es ESTUDIO DE COMUNICACI\u00d3N.<\/p>\n<p style=\"text-align: justify;\">El Consejo Rector del <strong>Spain Investors Day <\/strong>est\u00e1 formado por:<\/p>\n<p style=\"text-align: justify;\"><u>Presidente de Honor<\/u><\/p>\n<p style=\"text-align: justify;\">S.M. El Rey Felipe VI<\/p>\n<p style=\"text-align: justify;\"><u>Presidente<\/u><\/p>\n<p style=\"text-align: justify;\">Benito Berceruelo Gonz\u00e1lez<\/p>\n<p style=\"text-align: justify;\"><u>Consejeros<\/u><\/p>\n<table>\n<tbody>\n<tr>\n<td width=\"283\">D\u00f1a. Cecilia Boned<\/td>\n<td width=\"283\">BNP PARIBAS<\/td>\n<\/tr>\n<tr>\n<td width=\"283\">D. Luis Sancho<\/p>\n<p>D\u00f1a. Benedicte Thibord<\/td>\n<td width=\"283\">BNP PARIBAS<\/p>\n<p>EXANE BNP PARIBAS<\/td>\n<\/tr>\n<tr>\n<td width=\"283\">D. Alejandro Mart\u00ednez Borrell<\/td>\n<td width=\"283\">GRANT THORTON<\/td>\n<\/tr>\n<tr>\n<td width=\"283\">D. Eduardo D\u00e1vila<\/td>\n<td width=\"283\">AON<\/td>\n<\/tr>\n<tr>\n<td width=\"283\">D. Jos\u00e9 Mar\u00eda M\u00e9ndez<\/td>\n<td width=\"283\">CECABANK<\/td>\n<\/tr>\n<tr>\n<td width=\"283\">D. Manuel Mirat<\/td>\n<td width=\"283\">PRISA<\/td>\n<\/tr>\n<tr>\n<td width=\"283\">D. Ricardo Mart\u00ednez Rico<\/td>\n<td width=\"283\">EQUIPO ECON\u00d3MICO<\/td>\n<\/tr>\n<tr>\n<td width=\"283\">D. Ladislao Azcona<\/p>\n<p>D. Antonio Zoido<\/td>\n<td width=\"283\">ESTUDIO DE COMUNICACI\u00d3N<\/p>\n<p>BOLSAS Y MERCADOS ESPA\u00d1OLES<\/td>\n<\/tr>\n<tr>\n<td width=\"283\">D. I\u00f1igo Berricano<\/td>\n<td width=\"283\">LINKLATERS<\/td>\n<\/tr>\n<tr>\n<td width=\"283\">D. Juan Carlos Ureta<\/td>\n<td width=\"283\">RENTA4<\/td>\n<\/tr>\n<tr>\n<td width=\"283\">D. \u00c1ngel Corc\u00f3stegui<\/td>\n<td width=\"283\">MAGNUM<\/td>\n<\/tr>\n<tr>\n<td width=\"283\">D. Fernando Ruiz<\/td>\n<td width=\"283\">DELOITTE<\/td>\n<\/tr>\n<tr>\n<td width=\"283\">D. V\u00edctor Steinberg (director del SID)<\/td>\n<td width=\"283\">ESTUDIO DE COMUNICACI\u00d3N<\/td>\n<\/tr>\n<\/tbody>\n<\/table>\n","protected":false},"excerpt":{"rendered":"<p>Su Majestad El Rey Felipe VI presidir\u00e1 el Comit\u00e9 de Honor de la X edici\u00f3n del Foro Financiero internacional Spain Investors Day (SID) que se celebrar\u00e1 los d\u00edas 14 y 15 del pr\u00f3ximo mes de enero, en Madrid, seg\u00fan ha confirmado hoy el consejo Rector del SID. El encuentro reunir\u00e1, durante dos d\u00edas, a inversores&hellip; <a class=\"more-link\" href=\"https:\/\/www.spaininvestorsday.com\/en\/spain-investors-day-celebrara-su-x-edicion-los-dias-14-y-15-de-enero-en-madrid\/\">Continue reading <span class=\"screen-reader-text\">SPAIN INVESTORS DAY CELEBRAR\u00c1 SU X EDICI\u00d3N LOS D\u00cdAS 14 Y 15 DE ENERO EN MADRID<\/span><\/a><\/p>\n","protected":false},"author":1,"featured_media":5259,"comment_status":"open","ping_status":"open","sticky":false,"template":"","format":"standard","meta":{"inline_featured_image":false,"footnotes":""},"categories":[16,7,5],"tags":[],"class_list":["post-5612","post","type-post","status-publish","format-standard","has-post-thumbnail","hentry","category-16","category-notas-de-prensa","category-ultimas-noticias","entry"],"yoast_head":"<!-- This site is optimized with the Yoast SEO plugin v26.6 - https:\/\/yoast.com\/wordpress\/plugins\/seo\/ -->\n<title>SPAIN INVESTORS DAY CELEBRAR\u00c1 SU X EDICI\u00d3N LOS D\u00cdAS 14 Y 15 DE ENERO EN MADRID - Spain Investors Day<\/title>\n<meta name=\"robots\" content=\"index, follow, max-snippet:-1, max-image-preview:large, max-video-preview:-1\" \/>\n<link rel=\"canonical\" href=\"https:\/\/www.spaininvestorsday.com\/spain-investors-day-celebrara-su-x-edicion-los-dias-14-y-15-de-enero-en-madrid\/\" \/>\n<meta property=\"og:locale\" content=\"en_US\" \/>\n<meta property=\"og:type\" content=\"article\" \/>\n<meta property=\"og:title\" content=\"SPAIN INVESTORS DAY CELEBRAR\u00c1 SU X EDICI\u00d3N LOS D\u00cdAS 14 Y 15 DE ENERO EN MADRID - Spain Investors Day\" \/>\n<meta property=\"og:description\" content=\"Su Majestad El Rey Felipe VI presidir\u00e1 el Comit\u00e9 de Honor de la X edici\u00f3n del Foro Financiero internacional Spain Investors Day (SID) que se celebrar\u00e1 los d\u00edas 14 y 15 del pr\u00f3ximo mes de enero, en Madrid, seg\u00fan ha confirmado hoy el consejo Rector del SID. El encuentro reunir\u00e1, durante dos d\u00edas, a inversores&hellip; Continue reading SPAIN INVESTORS DAY CELEBRAR\u00c1 SU X EDICI\u00d3N LOS D\u00cdAS 14 Y 15 DE ENERO EN MADRID\" \/>\n<meta property=\"og:url\" content=\"https:\/\/www.spaininvestorsday.com\/spain-investors-day-celebrara-su-x-edicion-los-dias-14-y-15-de-enero-en-madrid\/\" \/>\n<meta property=\"og:site_name\" content=\"Spain Investors Day\" \/>\n<meta property=\"article:published_time\" content=\"2019-12-05T09:09:29+00:00\" \/>\n<meta property=\"article:modified_time\" content=\"2022-01-05T16:40:02+00:00\" \/>\n<meta name=\"author\" content=\"EDC-_admin\" \/>\n<meta name=\"twitter:card\" content=\"summary_large_image\" \/>\n<meta name=\"twitter:label1\" content=\"Written by\" \/>\n\t<meta name=\"twitter:data1\" content=\"EDC-_admin\" \/>\n\t<meta name=\"twitter:label2\" content=\"Est. reading time\" \/>\n\t<meta name=\"twitter:data2\" content=\"3 minutes\" \/>\n<script type=\"application\/ld+json\" class=\"yoast-schema-graph\">{\"@context\":\"https:\/\/schema.org\",\"@graph\":[{\"@type\":\"Article\",\"@id\":\"https:\/\/www.spaininvestorsday.com\/spain-investors-day-celebrara-su-x-edicion-los-dias-14-y-15-de-enero-en-madrid\/#article\",\"isPartOf\":{\"@id\":\"https:\/\/www.spaininvestorsday.com\/spain-investors-day-celebrara-su-x-edicion-los-dias-14-y-15-de-enero-en-madrid\/\"},\"author\":{\"name\":\"EDC-_admin\",\"@id\":\"https:\/\/www.spaininvestorsday.com\/#\/schema\/person\/ae10ee2f725c6fbf823e03329aceaef4\"},\"headline\":\"SPAIN INVESTORS DAY CELEBRAR\u00c1 SU X EDICI\u00d3N LOS D\u00cdAS 14 Y 15 DE ENERO EN MADRID\",\"datePublished\":\"2019-12-05T09:09:29+00:00\",\"dateModified\":\"2022-01-05T16:40:02+00:00\",\"mainEntityOfPage\":{\"@id\":\"https:\/\/www.spaininvestorsday.com\/spain-investors-day-celebrara-su-x-edicion-los-dias-14-y-15-de-enero-en-madrid\/\"},\"wordCount\":612,\"commentCount\":0,\"publisher\":{\"@id\":\"https:\/\/www.spaininvestorsday.com\/#organization\"},\"image\":{\"@id\":\"https:\/\/www.spaininvestorsday.com\/spain-investors-day-celebrara-su-x-edicion-los-dias-14-y-15-de-enero-en-madrid\/#primaryimage\"},\"thumbnailUrl\":\"\",\"articleSection\":[\"2020\",\"Notas de Prensa\",\"Ultimas noticias\"],\"inLanguage\":\"en-US\",\"potentialAction\":[{\"@type\":\"CommentAction\",\"name\":\"Comment\",\"target\":[\"https:\/\/www.spaininvestorsday.com\/spain-investors-day-celebrara-su-x-edicion-los-dias-14-y-15-de-enero-en-madrid\/#respond\"]}]},{\"@type\":\"WebPage\",\"@id\":\"https:\/\/www.spaininvestorsday.com\/spain-investors-day-celebrara-su-x-edicion-los-dias-14-y-15-de-enero-en-madrid\/\",\"url\":\"https:\/\/www.spaininvestorsday.com\/spain-investors-day-celebrara-su-x-edicion-los-dias-14-y-15-de-enero-en-madrid\/\",\"name\":\"SPAIN INVESTORS DAY CELEBRAR\u00c1 SU X EDICI\u00d3N LOS D\u00cdAS 14 Y 15 DE ENERO EN MADRID - Spain Investors Day\",\"isPartOf\":{\"@id\":\"https:\/\/www.spaininvestorsday.com\/#website\"},\"primaryImageOfPage\":{\"@id\":\"https:\/\/www.spaininvestorsday.com\/spain-investors-day-celebrara-su-x-edicion-los-dias-14-y-15-de-enero-en-madrid\/#primaryimage\"},\"image\":{\"@id\":\"https:\/\/www.spaininvestorsday.com\/spain-investors-day-celebrara-su-x-edicion-los-dias-14-y-15-de-enero-en-madrid\/#primaryimage\"},\"thumbnailUrl\":\"\",\"datePublished\":\"2019-12-05T09:09:29+00:00\",\"dateModified\":\"2022-01-05T16:40:02+00:00\",\"breadcrumb\":{\"@id\":\"https:\/\/www.spaininvestorsday.com\/spain-investors-day-celebrara-su-x-edicion-los-dias-14-y-15-de-enero-en-madrid\/#breadcrumb\"},\"inLanguage\":\"en-US\",\"potentialAction\":[{\"@type\":\"ReadAction\",\"target\":[\"https:\/\/www.spaininvestorsday.com\/spain-investors-day-celebrara-su-x-edicion-los-dias-14-y-15-de-enero-en-madrid\/\"]}]},{\"@type\":\"ImageObject\",\"inLanguage\":\"en-US\",\"@id\":\"https:\/\/www.spaininvestorsday.com\/spain-investors-day-celebrara-su-x-edicion-los-dias-14-y-15-de-enero-en-madrid\/#primaryimage\",\"url\":\"\",\"contentUrl\":\"\"},{\"@type\":\"BreadcrumbList\",\"@id\":\"https:\/\/www.spaininvestorsday.com\/spain-investors-day-celebrara-su-x-edicion-los-dias-14-y-15-de-enero-en-madrid\/#breadcrumb\",\"itemListElement\":[{\"@type\":\"ListItem\",\"position\":1,\"name\":\"Portada\",\"item\":\"https:\/\/www.spaininvestorsday.com\/\"},{\"@type\":\"ListItem\",\"position\":2,\"name\":\"SPAIN INVESTORS DAY CELEBRAR\u00c1 SU X EDICI\u00d3N LOS D\u00cdAS 14 Y 15 DE ENERO EN MADRID\"}]},{\"@type\":\"WebSite\",\"@id\":\"https:\/\/www.spaininvestorsday.com\/#website\",\"url\":\"https:\/\/www.spaininvestorsday.com\/\",\"name\":\"Spain Investors Day\",\"description\":\"El foro profesional \u00fanico en Espa\u00f1a\",\"publisher\":{\"@id\":\"https:\/\/www.spaininvestorsday.com\/#organization\"},\"potentialAction\":[{\"@type\":\"SearchAction\",\"target\":{\"@type\":\"EntryPoint\",\"urlTemplate\":\"https:\/\/www.spaininvestorsday.com\/?s={search_term_string}\"},\"query-input\":{\"@type\":\"PropertyValueSpecification\",\"valueRequired\":true,\"valueName\":\"search_term_string\"}}],\"inLanguage\":\"en-US\"},{\"@type\":\"Organization\",\"@id\":\"https:\/\/www.spaininvestorsday.com\/#organization\",\"name\":\"Spain Investors Day\",\"url\":\"https:\/\/www.spaininvestorsday.com\/\",\"logo\":{\"@type\":\"ImageObject\",\"inLanguage\":\"en-US\",\"@id\":\"https:\/\/www.spaininvestorsday.com\/#\/schema\/logo\/image\/\",\"url\":\"https:\/\/www.spaininvestorsday.com\/wp-content\/uploads\/2021\/10\/SID-2021.svg\",\"contentUrl\":\"https:\/\/www.spaininvestorsday.com\/wp-content\/uploads\/2021\/10\/SID-2021.svg\",\"width\":199,\"height\":79,\"caption\":\"Spain Investors Day\"},\"image\":{\"@id\":\"https:\/\/www.spaininvestorsday.com\/#\/schema\/logo\/image\/\"}},{\"@type\":\"Person\",\"@id\":\"https:\/\/www.spaininvestorsday.com\/#\/schema\/person\/ae10ee2f725c6fbf823e03329aceaef4\",\"name\":\"EDC-_admin\",\"image\":{\"@type\":\"ImageObject\",\"inLanguage\":\"en-US\",\"@id\":\"https:\/\/www.spaininvestorsday.com\/#\/schema\/person\/image\/\",\"url\":\"https:\/\/secure.gravatar.com\/avatar\/3acb441469ca93d86ed0710c10950b284db14f2d3990c5df87796e9bdf5add89?s=96&d=mm&r=g\",\"contentUrl\":\"https:\/\/secure.gravatar.com\/avatar\/3acb441469ca93d86ed0710c10950b284db14f2d3990c5df87796e9bdf5add89?s=96&d=mm&r=g\",\"caption\":\"EDC-_admin\"},\"sameAs\":[\"https:\/\/www.spaininvestorsday.com\"],\"url\":\"https:\/\/www.spaininvestorsday.com\/en\/author\/edc-_admin\/\"}]}<\/script>\n<!-- \/ Yoast SEO plugin. -->","yoast_head_json":{"title":"SPAIN INVESTORS DAY CELEBRAR\u00c1 SU X EDICI\u00d3N LOS D\u00cdAS 14 Y 15 DE ENERO EN MADRID - Spain Investors Day","robots":{"index":"index","follow":"follow","max-snippet":"max-snippet:-1","max-image-preview":"max-image-preview:large","max-video-preview":"max-video-preview:-1"},"canonical":"https:\/\/www.spaininvestorsday.com\/spain-investors-day-celebrara-su-x-edicion-los-dias-14-y-15-de-enero-en-madrid\/","og_locale":"en_US","og_type":"article","og_title":"SPAIN INVESTORS DAY CELEBRAR\u00c1 SU X EDICI\u00d3N LOS D\u00cdAS 14 Y 15 DE ENERO EN MADRID - Spain Investors Day","og_description":"Su Majestad El Rey Felipe VI presidir\u00e1 el Comit\u00e9 de Honor de la X edici\u00f3n del Foro Financiero internacional Spain Investors Day (SID) que se celebrar\u00e1 los d\u00edas 14 y 15 del pr\u00f3ximo mes de enero, en Madrid, seg\u00fan ha confirmado hoy el consejo Rector del SID. El encuentro reunir\u00e1, durante dos d\u00edas, a inversores&hellip; Continue reading SPAIN INVESTORS DAY CELEBRAR\u00c1 SU X EDICI\u00d3N LOS D\u00cdAS 14 Y 15 DE ENERO EN MADRID","og_url":"https:\/\/www.spaininvestorsday.com\/spain-investors-day-celebrara-su-x-edicion-los-dias-14-y-15-de-enero-en-madrid\/","og_site_name":"Spain Investors Day","article_published_time":"2019-12-05T09:09:29+00:00","article_modified_time":"2022-01-05T16:40:02+00:00","author":"EDC-_admin","twitter_card":"summary_large_image","twitter_misc":{"Written by":"EDC-_admin","Est. reading time":"3 minutes"},"schema":{"@context":"https:\/\/schema.org","@graph":[{"@type":"Article","@id":"https:\/\/www.spaininvestorsday.com\/spain-investors-day-celebrara-su-x-edicion-los-dias-14-y-15-de-enero-en-madrid\/#article","isPartOf":{"@id":"https:\/\/www.spaininvestorsday.com\/spain-investors-day-celebrara-su-x-edicion-los-dias-14-y-15-de-enero-en-madrid\/"},"author":{"name":"EDC-_admin","@id":"https:\/\/www.spaininvestorsday.com\/#\/schema\/person\/ae10ee2f725c6fbf823e03329aceaef4"},"headline":"SPAIN INVESTORS DAY CELEBRAR\u00c1 SU X EDICI\u00d3N LOS D\u00cdAS 14 Y 15 DE ENERO EN MADRID","datePublished":"2019-12-05T09:09:29+00:00","dateModified":"2022-01-05T16:40:02+00:00","mainEntityOfPage":{"@id":"https:\/\/www.spaininvestorsday.com\/spain-investors-day-celebrara-su-x-edicion-los-dias-14-y-15-de-enero-en-madrid\/"},"wordCount":612,"commentCount":0,"publisher":{"@id":"https:\/\/www.spaininvestorsday.com\/#organization"},"image":{"@id":"https:\/\/www.spaininvestorsday.com\/spain-investors-day-celebrara-su-x-edicion-los-dias-14-y-15-de-enero-en-madrid\/#primaryimage"},"thumbnailUrl":"","articleSection":["2020","Notas de Prensa","Ultimas noticias"],"inLanguage":"en-US","potentialAction":[{"@type":"CommentAction","name":"Comment","target":["https:\/\/www.spaininvestorsday.com\/spain-investors-day-celebrara-su-x-edicion-los-dias-14-y-15-de-enero-en-madrid\/#respond"]}]},{"@type":"WebPage","@id":"https:\/\/www.spaininvestorsday.com\/spain-investors-day-celebrara-su-x-edicion-los-dias-14-y-15-de-enero-en-madrid\/","url":"https:\/\/www.spaininvestorsday.com\/spain-investors-day-celebrara-su-x-edicion-los-dias-14-y-15-de-enero-en-madrid\/","name":"SPAIN INVESTORS DAY CELEBRAR\u00c1 SU X EDICI\u00d3N LOS D\u00cdAS 14 Y 15 DE ENERO EN MADRID - Spain Investors Day","isPartOf":{"@id":"https:\/\/www.spaininvestorsday.com\/#website"},"primaryImageOfPage":{"@id":"https:\/\/www.spaininvestorsday.com\/spain-investors-day-celebrara-su-x-edicion-los-dias-14-y-15-de-enero-en-madrid\/#primaryimage"},"image":{"@id":"https:\/\/www.spaininvestorsday.com\/spain-investors-day-celebrara-su-x-edicion-los-dias-14-y-15-de-enero-en-madrid\/#primaryimage"},"thumbnailUrl":"","datePublished":"2019-12-05T09:09:29+00:00","dateModified":"2022-01-05T16:40:02+00:00","breadcrumb":{"@id":"https:\/\/www.spaininvestorsday.com\/spain-investors-day-celebrara-su-x-edicion-los-dias-14-y-15-de-enero-en-madrid\/#breadcrumb"},"inLanguage":"en-US","potentialAction":[{"@type":"ReadAction","target":["https:\/\/www.spaininvestorsday.com\/spain-investors-day-celebrara-su-x-edicion-los-dias-14-y-15-de-enero-en-madrid\/"]}]},{"@type":"ImageObject","inLanguage":"en-US","@id":"https:\/\/www.spaininvestorsday.com\/spain-investors-day-celebrara-su-x-edicion-los-dias-14-y-15-de-enero-en-madrid\/#primaryimage","url":"","contentUrl":""},{"@type":"BreadcrumbList","@id":"https:\/\/www.spaininvestorsday.com\/spain-investors-day-celebrara-su-x-edicion-los-dias-14-y-15-de-enero-en-madrid\/#breadcrumb","itemListElement":[{"@type":"ListItem","position":1,"name":"Portada","item":"https:\/\/www.spaininvestorsday.com\/"},{"@type":"ListItem","position":2,"name":"SPAIN INVESTORS DAY CELEBRAR\u00c1 SU X EDICI\u00d3N LOS D\u00cdAS 14 Y 15 DE ENERO EN MADRID"}]},{"@type":"WebSite","@id":"https:\/\/www.spaininvestorsday.com\/#website","url":"https:\/\/www.spaininvestorsday.com\/","name":"Spain Investors Day","description":"El foro profesional \u00fanico en Espa\u00f1a","publisher":{"@id":"https:\/\/www.spaininvestorsday.com\/#organization"},"potentialAction":[{"@type":"SearchAction","target":{"@type":"EntryPoint","urlTemplate":"https:\/\/www.spaininvestorsday.com\/?s={search_term_string}"},"query-input":{"@type":"PropertyValueSpecification","valueRequired":true,"valueName":"search_term_string"}}],"inLanguage":"en-US"},{"@type":"Organization","@id":"https:\/\/www.spaininvestorsday.com\/#organization","name":"Spain Investors Day","url":"https:\/\/www.spaininvestorsday.com\/","logo":{"@type":"ImageObject","inLanguage":"en-US","@id":"https:\/\/www.spaininvestorsday.com\/#\/schema\/logo\/image\/","url":"https:\/\/www.spaininvestorsday.com\/wp-content\/uploads\/2021\/10\/SID-2021.svg","contentUrl":"https:\/\/www.spaininvestorsday.com\/wp-content\/uploads\/2021\/10\/SID-2021.svg","width":199,"height":79,"caption":"Spain Investors Day"},"image":{"@id":"https:\/\/www.spaininvestorsday.com\/#\/schema\/logo\/image\/"}},{"@type":"Person","@id":"https:\/\/www.spaininvestorsday.com\/#\/schema\/person\/ae10ee2f725c6fbf823e03329aceaef4","name":"EDC-_admin","image":{"@type":"ImageObject","inLanguage":"en-US","@id":"https:\/\/www.spaininvestorsday.com\/#\/schema\/person\/image\/","url":"https:\/\/secure.gravatar.com\/avatar\/3acb441469ca93d86ed0710c10950b284db14f2d3990c5df87796e9bdf5add89?s=96&d=mm&r=g","contentUrl":"https:\/\/secure.gravatar.com\/avatar\/3acb441469ca93d86ed0710c10950b284db14f2d3990c5df87796e9bdf5add89?s=96&d=mm&r=g","caption":"EDC-_admin"},"sameAs":["https:\/\/www.spaininvestorsday.com"],"url":"https:\/\/www.spaininvestorsday.com\/en\/author\/edc-_admin\/"}]}},"_links":{"self":[{"href":"https:\/\/www.spaininvestorsday.com\/en\/wp-json\/wp\/v2\/posts\/5612","targetHints":{"allow":["GET"]}}],"collection":[{"href":"https:\/\/www.spaininvestorsday.com\/en\/wp-json\/wp\/v2\/posts"}],"about":[{"href":"https:\/\/www.spaininvestorsday.com\/en\/wp-json\/wp\/v2\/types\/post"}],"author":[{"embeddable":true,"href":"https:\/\/www.spaininvestorsday.com\/en\/wp-json\/wp\/v2\/users\/1"}],"replies":[{"embeddable":true,"href":"https:\/\/www.spaininvestorsday.com\/en\/wp-json\/wp\/v2\/comments?post=5612"}],"version-history":[{"count":2,"href":"https:\/\/www.spaininvestorsday.com\/en\/wp-json\/wp\/v2\/posts\/5612\/revisions"}],"predecessor-version":[{"id":10622,"href":"https:\/\/www.spaininvestorsday.com\/en\/wp-json\/wp\/v2\/posts\/5612\/revisions\/10622"}],"wp:featuredmedia":[{"embeddable":true,"href":"https:\/\/www.spaininvestorsday.com\/en\/wp-json\/"}],"wp:attachment":[{"href":"https:\/\/www.spaininvestorsday.com\/en\/wp-json\/wp\/v2\/media?parent=5612"}],"wp:term":[{"taxonomy":"category","embeddable":true,"href":"https:\/\/www.spaininvestorsday.com\/en\/wp-json\/wp\/v2\/categories?post=5612"},{"taxonomy":"post_tag","embeddable":true,"href":"https:\/\/www.spaininvestorsday.com\/en\/wp-json\/wp\/v2\/tags?post=5612"}],"curies":[{"name":"wp","href":"https:\/\/api.w.org\/{rel}","templated":true}]}}