{"id":5305,"date":"2019-01-15T15:17:41","date_gmt":"2019-01-15T15:17:41","guid":{"rendered":"https:\/\/www.spaininvestorsday.com\/?p=5305"},"modified":"2021-12-03T12:13:54","modified_gmt":"2021-12-03T12:13:54","slug":"reyes-maroto-ministra-de-industria-comercio-y-turismo-en-spain-investors-day","status":"publish","type":"post","link":"https:\/\/www.spaininvestorsday.com\/en\/reyes-maroto-ministra-de-industria-comercio-y-turismo-en-spain-investors-day\/","title":{"rendered":"Reyes Maroto, ministra de Industria, Comercio y Turismo en Spain Investors Day"},"content":{"rendered":"<ul style=\"text-align: justify;\">\n<li><em>\u201cEspa\u00f1a tiene un crecimiento econ\u00f3mico s\u00f3lido, el PIB aumentar\u00e1 un 2,6 %. Adem\u00e1s, se han creado 580.000 empleos y se ha mantenido la fortaleza tur\u00edstica<\/em>\u201d, destaca la ministra<\/li>\n<li>\u201cEspa\u00f1a es el segundo pa\u00eds en volumen y gasto tur\u00edstico\u201d, Ram\u00f3n Garcel\u00e1n, socio director de <em>Financial Advisory<\/em> de Grant Thornton<\/li>\n<\/ul>\n<p style=\"text-align: justify;\">15\/01\/2019.\u00a0Reyes Maroto, la ministra de Industria, Comercio y Turismo ha presidido el primer almuerzo de la IX Edici\u00f3n del <strong><em>Spain<\/em><\/strong><strong><em>\u00a0<\/em><\/strong><strong><em>Investors<\/em><\/strong><strong><em>\u00a0Day (SID)<\/em><\/strong>, foro\u00a0donde se dan cita las\u00a0principales empresas espa\u00f1olas\u00a0cotizadas en Bolsa con los grandes inversores y que abre el curso econ\u00f3mico. Ante m\u00e1s de 150 inversores internacionales y 43 empresas cotizadas espa\u00f1olas, la ministra ha subrayado la fortaleza de la econom\u00eda espa\u00f1ola, que, en el \u00faltimo a\u00f1o, y a pesar de la inestabilidad pol\u00edtica, ha registrado un s\u00f3lido crecimiento del 2,6 % en su PIB.<\/p>\n<p style=\"text-align: justify;\">La ministra tambi\u00e9n ha destacado la capacidad de resistencia de la industria tur\u00edstica espa\u00f1ola ya que se finaliz\u00f3 el a\u00f1o con buenas cifras en lo que a esta competencia del Ministerio respecta. Adem\u00e1s, ha se\u00f1alado la necesidad de seguir potenciando un modelo de \u201cturismo sostenible\u201d.<\/p>\n<p style=\"text-align: justify;\">La colaboraci\u00f3n p\u00fablico-privada recupera protagonismo puesto que la actual administraci\u00f3n tiene la intenci\u00f3n de potenciar estas relaciones como motor de crecimiento. \u201cEl papel de las multinacionales es clave en la Marca Espa\u00f1a\u201d ha recordado la ministra. En la misma l\u00ednea, ha apuntado que \u201cla internacionalizaci\u00f3n presenta una fortaleza para la econom\u00eda espa\u00f1ola, como lo ha sido despu\u00e9s de los a\u00f1os de la crisis\u201d.<\/p>\n<p style=\"text-align: justify;\">Adem\u00e1s, Maroto ha expresado la intenci\u00f3n del Ejecutivo de que, para el 2020, el 20 % del PIB lo aporte el sector industrial, objetivo ambicioso, puesto que, como ha explicado, en 2016, tan solo un 16,3 % del PIB del pa\u00eds proven\u00eda de dicho sector, lo que representa un crecimiento de algo menos de un 25 % en cuatro a\u00f1os.<\/p>\n<p style=\"text-align: justify;\">Grant Thornton, representado por Ram\u00f3n Galcer\u00e1n, socio director de <em>Financial Advisor<\/em>y de la firma, tambi\u00e9n ha se\u00f1alado la importancia del sector industrial como vector de crecimiento para la econom\u00eda espa\u00f1ola en los pr\u00f3ximos a\u00f1os, un futuro que estar\u00e1 marcado por \u201cla sostenibilidad energ\u00e9tica, empleo de calidad y la econom\u00eda 4.0\u201d. Galcer\u00e1n, asimismo, ha subrayado que \u201cEspa\u00f1a apuesta un sistema comercial mundial abierto y respaldado por la agenda comercial de la Uni\u00f3n Europea; un comercio con un protagonismo creciente de la empresa espa\u00f1ola que busca la promoci\u00f3n exterior y la atracci\u00f3n de inversi\u00f3n extranjera\u201d. Finalmente, Galcer\u00e1n ha recalcado la importancia de la digitalizaci\u00f3n y la transformaci\u00f3n digital, puesto que son dos \u201cpalancas de crecimiento empresarial\u201d.<\/p>\n<p style=\"text-align: justify;\">El\u00a0<strong>Spain<\/strong><strong>\u00a0<\/strong><strong>Investors<\/strong><strong>\u00a0Day<\/strong>\u00a0tiene como principal objetivo\u00a0poner en contacto a las empresas\u00a0cotizadas\u00a0espa\u00f1olas con los inversores extranjeros para que \u00e9stos\u00a0puedan conocer de primera mano\u00a0los\u00a0resultados del pasado ejercicio y los\u00a0planes de\u00a0futuro.\u00a0\u00a0Este foro, promovido y organizado por Estudio de\u00a0Comunicaci\u00f3n,\u00a0vuelve\u00a0a contar con BNP PARIBAS y EXANE BNP\u00a0PARIBAS como\u00a0socios\u00a0estrat\u00e9gicos.\u00a0Los patrocinadores que hacen posible el encuentro son GRANT THORNTON, AON, CECABANK, PRISA, ICEX, Equipo Econ\u00f3mico,\u00a0Linklaters, BME y\u00a0Blacktoro.<\/p>\n<p style=\"text-align: justify;\">Las 43 compa\u00f1\u00edas confirmadas, que suponen un r\u00e9cord de participaci\u00f3n, son: ACCIONA, ACERINOX, AENA, ALMIRALL, ATRESMEDIA, BANCO SABADELL, BANKINTER, BME, CAIXABANK, CECABANK, CIE AUTOMOTIVE, CORPORACI\u00d3N ALBA, EBRO FOODS, ENAGAS, ENCE, ENDESA, EUSKALTEL, FERROVIAL, FLUIDRA, GESTAMP, GRUPO ACS, GRUPO CATALANA OCCIDENTE, IBERDROLA, ICEX, INDRA, INMOBILIARIA COLONIAL, INTERNATIONAL AIRLINES GROUP, MAPFRE, MASMOVIL, MEDIASET ESPA\u00d1A, MELIA HOTELS, MERLIN PROPERTIES, PARQUES REUNIDOS, PRISA, PROSEGUR, PROSEGUR CASH, RED EL\u00c9CTRICA DE ESPA\u00d1A, SACYR, SIEMENS GAMESA, T\u00c9CNICAS REUNIDAS, UNICAJA, VIDRALA y VOCENTO.<\/p>\n","protected":false},"excerpt":{"rendered":"<p>\u201cEspa\u00f1a tiene un crecimiento econ\u00f3mico s\u00f3lido, el PIB aumentar\u00e1 un 2,6 %. Adem\u00e1s, se han creado 580.000 empleos y se ha mantenido la fortaleza tur\u00edstica\u201d, destaca la ministra \u201cEspa\u00f1a es el segundo pa\u00eds en volumen y gasto tur\u00edstico\u201d, Ram\u00f3n Garcel\u00e1n, socio director de Financial Advisory de Grant Thornton 15\/01\/2019.\u00a0Reyes Maroto, la ministra de Industria, Comercio&hellip; <a class=\"more-link\" href=\"https:\/\/www.spaininvestorsday.com\/en\/reyes-maroto-ministra-de-industria-comercio-y-turismo-en-spain-investors-day\/\">Continue reading <span class=\"screen-reader-text\">Reyes Maroto, ministra de Industria, Comercio y Turismo en Spain Investors Day<\/span><\/a><\/p>\n","protected":false},"author":1,"featured_media":7243,"comment_status":"open","ping_status":"open","sticky":false,"template":"","format":"standard","meta":{"inline_featured_image":false,"footnotes":""},"categories":[6,7,5],"tags":[],"class_list":["post-5305","post","type-post","status-publish","format-standard","has-post-thumbnail","hentry","category-6","category-notas-de-prensa","category-ultimas-noticias","entry"],"yoast_head":"<!-- This site is optimized with the Yoast SEO plugin v26.6 - https:\/\/yoast.com\/wordpress\/plugins\/seo\/ -->\n<title>Reyes Maroto, ministra de Industria, Comercio y Turismo en Spain Investors Day - Spain Investors Day<\/title>\n<meta name=\"robots\" content=\"index, follow, max-snippet:-1, max-image-preview:large, max-video-preview:-1\" \/>\n<link rel=\"canonical\" href=\"https:\/\/www.spaininvestorsday.com\/reyes-maroto-ministra-de-industria-comercio-y-turismo-en-spain-investors-day\/\" \/>\n<meta property=\"og:locale\" content=\"en_US\" \/>\n<meta property=\"og:type\" content=\"article\" \/>\n<meta property=\"og:title\" content=\"Reyes Maroto, ministra de Industria, Comercio y Turismo en Spain Investors Day - Spain Investors Day\" \/>\n<meta property=\"og:description\" content=\"\u201cEspa\u00f1a tiene un crecimiento econ\u00f3mico s\u00f3lido, el PIB aumentar\u00e1 un 2,6 %. Adem\u00e1s, se han creado 580.000 empleos y se ha mantenido la fortaleza tur\u00edstica\u201d, destaca la ministra \u201cEspa\u00f1a es el segundo pa\u00eds en volumen y gasto tur\u00edstico\u201d, Ram\u00f3n Garcel\u00e1n, socio director de Financial Advisory de Grant Thornton 15\/01\/2019.\u00a0Reyes Maroto, la ministra de Industria, Comercio&hellip; Continue reading Reyes Maroto, ministra de Industria, Comercio y Turismo en Spain Investors Day\" \/>\n<meta property=\"og:url\" content=\"https:\/\/www.spaininvestorsday.com\/reyes-maroto-ministra-de-industria-comercio-y-turismo-en-spain-investors-day\/\" \/>\n<meta property=\"og:site_name\" content=\"Spain Investors Day\" \/>\n<meta property=\"article:published_time\" content=\"2019-01-15T15:17:41+00:00\" \/>\n<meta property=\"article:modified_time\" content=\"2021-12-03T12:13:54+00:00\" \/>\n<meta property=\"og:image\" content=\"https:\/\/www.spaininvestorsday.com\/wp-content\/uploads\/2019\/01\/reyes-maroto-1.jpg\" \/>\n\t<meta property=\"og:image:width\" content=\"1038\" \/>\n\t<meta property=\"og:image:height\" content=\"576\" \/>\n\t<meta property=\"og:image:type\" content=\"image\/jpeg\" \/>\n<meta name=\"author\" content=\"EDC-_admin\" \/>\n<meta name=\"twitter:card\" content=\"summary_large_image\" \/>\n<meta name=\"twitter:label1\" content=\"Written by\" \/>\n\t<meta name=\"twitter:data1\" content=\"EDC-_admin\" \/>\n\t<meta name=\"twitter:label2\" content=\"Est. reading time\" \/>\n\t<meta name=\"twitter:data2\" content=\"3 minutes\" \/>\n<script type=\"application\/ld+json\" class=\"yoast-schema-graph\">{\"@context\":\"https:\/\/schema.org\",\"@graph\":[{\"@type\":\"Article\",\"@id\":\"https:\/\/www.spaininvestorsday.com\/reyes-maroto-ministra-de-industria-comercio-y-turismo-en-spain-investors-day\/#article\",\"isPartOf\":{\"@id\":\"https:\/\/www.spaininvestorsday.com\/reyes-maroto-ministra-de-industria-comercio-y-turismo-en-spain-investors-day\/\"},\"author\":{\"name\":\"EDC-_admin\",\"@id\":\"https:\/\/www.spaininvestorsday.com\/#\/schema\/person\/ae10ee2f725c6fbf823e03329aceaef4\"},\"headline\":\"Reyes Maroto, ministra de Industria, Comercio y Turismo en Spain Investors Day\",\"datePublished\":\"2019-01-15T15:17:41+00:00\",\"dateModified\":\"2021-12-03T12:13:54+00:00\",\"mainEntityOfPage\":{\"@id\":\"https:\/\/www.spaininvestorsday.com\/reyes-maroto-ministra-de-industria-comercio-y-turismo-en-spain-investors-day\/\"},\"wordCount\":643,\"commentCount\":0,\"publisher\":{\"@id\":\"https:\/\/www.spaininvestorsday.com\/#organization\"},\"image\":{\"@id\":\"https:\/\/www.spaininvestorsday.com\/reyes-maroto-ministra-de-industria-comercio-y-turismo-en-spain-investors-day\/#primaryimage\"},\"thumbnailUrl\":\"https:\/\/www.spaininvestorsday.com\/wp-content\/uploads\/2019\/01\/reyes-maroto-1.jpg\",\"articleSection\":[\"2019\",\"Notas de Prensa\",\"Ultimas noticias\"],\"inLanguage\":\"en-US\",\"potentialAction\":[{\"@type\":\"CommentAction\",\"name\":\"Comment\",\"target\":[\"https:\/\/www.spaininvestorsday.com\/reyes-maroto-ministra-de-industria-comercio-y-turismo-en-spain-investors-day\/#respond\"]}]},{\"@type\":\"WebPage\",\"@id\":\"https:\/\/www.spaininvestorsday.com\/reyes-maroto-ministra-de-industria-comercio-y-turismo-en-spain-investors-day\/\",\"url\":\"https:\/\/www.spaininvestorsday.com\/reyes-maroto-ministra-de-industria-comercio-y-turismo-en-spain-investors-day\/\",\"name\":\"Reyes Maroto, ministra de Industria, Comercio y Turismo en Spain Investors Day - Spain Investors Day\",\"isPartOf\":{\"@id\":\"https:\/\/www.spaininvestorsday.com\/#website\"},\"primaryImageOfPage\":{\"@id\":\"https:\/\/www.spaininvestorsday.com\/reyes-maroto-ministra-de-industria-comercio-y-turismo-en-spain-investors-day\/#primaryimage\"},\"image\":{\"@id\":\"https:\/\/www.spaininvestorsday.com\/reyes-maroto-ministra-de-industria-comercio-y-turismo-en-spain-investors-day\/#primaryimage\"},\"thumbnailUrl\":\"https:\/\/www.spaininvestorsday.com\/wp-content\/uploads\/2019\/01\/reyes-maroto-1.jpg\",\"datePublished\":\"2019-01-15T15:17:41+00:00\",\"dateModified\":\"2021-12-03T12:13:54+00:00\",\"breadcrumb\":{\"@id\":\"https:\/\/www.spaininvestorsday.com\/reyes-maroto-ministra-de-industria-comercio-y-turismo-en-spain-investors-day\/#breadcrumb\"},\"inLanguage\":\"en-US\",\"potentialAction\":[{\"@type\":\"ReadAction\",\"target\":[\"https:\/\/www.spaininvestorsday.com\/reyes-maroto-ministra-de-industria-comercio-y-turismo-en-spain-investors-day\/\"]}]},{\"@type\":\"ImageObject\",\"inLanguage\":\"en-US\",\"@id\":\"https:\/\/www.spaininvestorsday.com\/reyes-maroto-ministra-de-industria-comercio-y-turismo-en-spain-investors-day\/#primaryimage\",\"url\":\"https:\/\/www.spaininvestorsday.com\/wp-content\/uploads\/2019\/01\/reyes-maroto-1.jpg\",\"contentUrl\":\"https:\/\/www.spaininvestorsday.com\/wp-content\/uploads\/2019\/01\/reyes-maroto-1.jpg\",\"width\":1038,\"height\":576},{\"@type\":\"BreadcrumbList\",\"@id\":\"https:\/\/www.spaininvestorsday.com\/reyes-maroto-ministra-de-industria-comercio-y-turismo-en-spain-investors-day\/#breadcrumb\",\"itemListElement\":[{\"@type\":\"ListItem\",\"position\":1,\"name\":\"Portada\",\"item\":\"https:\/\/www.spaininvestorsday.com\/\"},{\"@type\":\"ListItem\",\"position\":2,\"name\":\"Reyes Maroto, ministra de Industria, Comercio y Turismo en Spain Investors Day\"}]},{\"@type\":\"WebSite\",\"@id\":\"https:\/\/www.spaininvestorsday.com\/#website\",\"url\":\"https:\/\/www.spaininvestorsday.com\/\",\"name\":\"Spain Investors Day\",\"description\":\"El foro profesional \u00fanico en Espa\u00f1a\",\"publisher\":{\"@id\":\"https:\/\/www.spaininvestorsday.com\/#organization\"},\"potentialAction\":[{\"@type\":\"SearchAction\",\"target\":{\"@type\":\"EntryPoint\",\"urlTemplate\":\"https:\/\/www.spaininvestorsday.com\/?s={search_term_string}\"},\"query-input\":{\"@type\":\"PropertyValueSpecification\",\"valueRequired\":true,\"valueName\":\"search_term_string\"}}],\"inLanguage\":\"en-US\"},{\"@type\":\"Organization\",\"@id\":\"https:\/\/www.spaininvestorsday.com\/#organization\",\"name\":\"Spain Investors Day\",\"url\":\"https:\/\/www.spaininvestorsday.com\/\",\"logo\":{\"@type\":\"ImageObject\",\"inLanguage\":\"en-US\",\"@id\":\"https:\/\/www.spaininvestorsday.com\/#\/schema\/logo\/image\/\",\"url\":\"https:\/\/www.spaininvestorsday.com\/wp-content\/uploads\/2021\/10\/SID-2021.svg\",\"contentUrl\":\"https:\/\/www.spaininvestorsday.com\/wp-content\/uploads\/2021\/10\/SID-2021.svg\",\"width\":199,\"height\":79,\"caption\":\"Spain Investors Day\"},\"image\":{\"@id\":\"https:\/\/www.spaininvestorsday.com\/#\/schema\/logo\/image\/\"}},{\"@type\":\"Person\",\"@id\":\"https:\/\/www.spaininvestorsday.com\/#\/schema\/person\/ae10ee2f725c6fbf823e03329aceaef4\",\"name\":\"EDC-_admin\",\"image\":{\"@type\":\"ImageObject\",\"inLanguage\":\"en-US\",\"@id\":\"https:\/\/www.spaininvestorsday.com\/#\/schema\/person\/image\/\",\"url\":\"https:\/\/secure.gravatar.com\/avatar\/3acb441469ca93d86ed0710c10950b284db14f2d3990c5df87796e9bdf5add89?s=96&d=mm&r=g\",\"contentUrl\":\"https:\/\/secure.gravatar.com\/avatar\/3acb441469ca93d86ed0710c10950b284db14f2d3990c5df87796e9bdf5add89?s=96&d=mm&r=g\",\"caption\":\"EDC-_admin\"},\"sameAs\":[\"https:\/\/www.spaininvestorsday.com\"],\"url\":\"https:\/\/www.spaininvestorsday.com\/en\/author\/edc-_admin\/\"}]}<\/script>\n<!-- \/ Yoast SEO plugin. -->","yoast_head_json":{"title":"Reyes Maroto, ministra de Industria, Comercio y Turismo en Spain Investors Day - Spain Investors Day","robots":{"index":"index","follow":"follow","max-snippet":"max-snippet:-1","max-image-preview":"max-image-preview:large","max-video-preview":"max-video-preview:-1"},"canonical":"https:\/\/www.spaininvestorsday.com\/reyes-maroto-ministra-de-industria-comercio-y-turismo-en-spain-investors-day\/","og_locale":"en_US","og_type":"article","og_title":"Reyes Maroto, ministra de Industria, Comercio y Turismo en Spain Investors Day - Spain Investors Day","og_description":"\u201cEspa\u00f1a tiene un crecimiento econ\u00f3mico s\u00f3lido, el PIB aumentar\u00e1 un 2,6 %. Adem\u00e1s, se han creado 580.000 empleos y se ha mantenido la fortaleza tur\u00edstica\u201d, destaca la ministra \u201cEspa\u00f1a es el segundo pa\u00eds en volumen y gasto tur\u00edstico\u201d, Ram\u00f3n Garcel\u00e1n, socio director de Financial Advisory de Grant Thornton 15\/01\/2019.\u00a0Reyes Maroto, la ministra de Industria, Comercio&hellip; Continue reading Reyes Maroto, ministra de Industria, Comercio y Turismo en Spain Investors Day","og_url":"https:\/\/www.spaininvestorsday.com\/reyes-maroto-ministra-de-industria-comercio-y-turismo-en-spain-investors-day\/","og_site_name":"Spain Investors Day","article_published_time":"2019-01-15T15:17:41+00:00","article_modified_time":"2021-12-03T12:13:54+00:00","og_image":[{"width":1038,"height":576,"url":"https:\/\/www.spaininvestorsday.com\/wp-content\/uploads\/2019\/01\/reyes-maroto-1.jpg","type":"image\/jpeg"}],"author":"EDC-_admin","twitter_card":"summary_large_image","twitter_misc":{"Written by":"EDC-_admin","Est. reading time":"3 minutes"},"schema":{"@context":"https:\/\/schema.org","@graph":[{"@type":"Article","@id":"https:\/\/www.spaininvestorsday.com\/reyes-maroto-ministra-de-industria-comercio-y-turismo-en-spain-investors-day\/#article","isPartOf":{"@id":"https:\/\/www.spaininvestorsday.com\/reyes-maroto-ministra-de-industria-comercio-y-turismo-en-spain-investors-day\/"},"author":{"name":"EDC-_admin","@id":"https:\/\/www.spaininvestorsday.com\/#\/schema\/person\/ae10ee2f725c6fbf823e03329aceaef4"},"headline":"Reyes Maroto, ministra de Industria, Comercio y Turismo en Spain Investors Day","datePublished":"2019-01-15T15:17:41+00:00","dateModified":"2021-12-03T12:13:54+00:00","mainEntityOfPage":{"@id":"https:\/\/www.spaininvestorsday.com\/reyes-maroto-ministra-de-industria-comercio-y-turismo-en-spain-investors-day\/"},"wordCount":643,"commentCount":0,"publisher":{"@id":"https:\/\/www.spaininvestorsday.com\/#organization"},"image":{"@id":"https:\/\/www.spaininvestorsday.com\/reyes-maroto-ministra-de-industria-comercio-y-turismo-en-spain-investors-day\/#primaryimage"},"thumbnailUrl":"https:\/\/www.spaininvestorsday.com\/wp-content\/uploads\/2019\/01\/reyes-maroto-1.jpg","articleSection":["2019","Notas de Prensa","Ultimas noticias"],"inLanguage":"en-US","potentialAction":[{"@type":"CommentAction","name":"Comment","target":["https:\/\/www.spaininvestorsday.com\/reyes-maroto-ministra-de-industria-comercio-y-turismo-en-spain-investors-day\/#respond"]}]},{"@type":"WebPage","@id":"https:\/\/www.spaininvestorsday.com\/reyes-maroto-ministra-de-industria-comercio-y-turismo-en-spain-investors-day\/","url":"https:\/\/www.spaininvestorsday.com\/reyes-maroto-ministra-de-industria-comercio-y-turismo-en-spain-investors-day\/","name":"Reyes Maroto, ministra de Industria, Comercio y Turismo en Spain Investors Day - Spain Investors Day","isPartOf":{"@id":"https:\/\/www.spaininvestorsday.com\/#website"},"primaryImageOfPage":{"@id":"https:\/\/www.spaininvestorsday.com\/reyes-maroto-ministra-de-industria-comercio-y-turismo-en-spain-investors-day\/#primaryimage"},"image":{"@id":"https:\/\/www.spaininvestorsday.com\/reyes-maroto-ministra-de-industria-comercio-y-turismo-en-spain-investors-day\/#primaryimage"},"thumbnailUrl":"https:\/\/www.spaininvestorsday.com\/wp-content\/uploads\/2019\/01\/reyes-maroto-1.jpg","datePublished":"2019-01-15T15:17:41+00:00","dateModified":"2021-12-03T12:13:54+00:00","breadcrumb":{"@id":"https:\/\/www.spaininvestorsday.com\/reyes-maroto-ministra-de-industria-comercio-y-turismo-en-spain-investors-day\/#breadcrumb"},"inLanguage":"en-US","potentialAction":[{"@type":"ReadAction","target":["https:\/\/www.spaininvestorsday.com\/reyes-maroto-ministra-de-industria-comercio-y-turismo-en-spain-investors-day\/"]}]},{"@type":"ImageObject","inLanguage":"en-US","@id":"https:\/\/www.spaininvestorsday.com\/reyes-maroto-ministra-de-industria-comercio-y-turismo-en-spain-investors-day\/#primaryimage","url":"https:\/\/www.spaininvestorsday.com\/wp-content\/uploads\/2019\/01\/reyes-maroto-1.jpg","contentUrl":"https:\/\/www.spaininvestorsday.com\/wp-content\/uploads\/2019\/01\/reyes-maroto-1.jpg","width":1038,"height":576},{"@type":"BreadcrumbList","@id":"https:\/\/www.spaininvestorsday.com\/reyes-maroto-ministra-de-industria-comercio-y-turismo-en-spain-investors-day\/#breadcrumb","itemListElement":[{"@type":"ListItem","position":1,"name":"Portada","item":"https:\/\/www.spaininvestorsday.com\/"},{"@type":"ListItem","position":2,"name":"Reyes Maroto, ministra de Industria, Comercio y Turismo en Spain Investors Day"}]},{"@type":"WebSite","@id":"https:\/\/www.spaininvestorsday.com\/#website","url":"https:\/\/www.spaininvestorsday.com\/","name":"Spain Investors Day","description":"El foro profesional \u00fanico en Espa\u00f1a","publisher":{"@id":"https:\/\/www.spaininvestorsday.com\/#organization"},"potentialAction":[{"@type":"SearchAction","target":{"@type":"EntryPoint","urlTemplate":"https:\/\/www.spaininvestorsday.com\/?s={search_term_string}"},"query-input":{"@type":"PropertyValueSpecification","valueRequired":true,"valueName":"search_term_string"}}],"inLanguage":"en-US"},{"@type":"Organization","@id":"https:\/\/www.spaininvestorsday.com\/#organization","name":"Spain Investors Day","url":"https:\/\/www.spaininvestorsday.com\/","logo":{"@type":"ImageObject","inLanguage":"en-US","@id":"https:\/\/www.spaininvestorsday.com\/#\/schema\/logo\/image\/","url":"https:\/\/www.spaininvestorsday.com\/wp-content\/uploads\/2021\/10\/SID-2021.svg","contentUrl":"https:\/\/www.spaininvestorsday.com\/wp-content\/uploads\/2021\/10\/SID-2021.svg","width":199,"height":79,"caption":"Spain Investors Day"},"image":{"@id":"https:\/\/www.spaininvestorsday.com\/#\/schema\/logo\/image\/"}},{"@type":"Person","@id":"https:\/\/www.spaininvestorsday.com\/#\/schema\/person\/ae10ee2f725c6fbf823e03329aceaef4","name":"EDC-_admin","image":{"@type":"ImageObject","inLanguage":"en-US","@id":"https:\/\/www.spaininvestorsday.com\/#\/schema\/person\/image\/","url":"https:\/\/secure.gravatar.com\/avatar\/3acb441469ca93d86ed0710c10950b284db14f2d3990c5df87796e9bdf5add89?s=96&d=mm&r=g","contentUrl":"https:\/\/secure.gravatar.com\/avatar\/3acb441469ca93d86ed0710c10950b284db14f2d3990c5df87796e9bdf5add89?s=96&d=mm&r=g","caption":"EDC-_admin"},"sameAs":["https:\/\/www.spaininvestorsday.com"],"url":"https:\/\/www.spaininvestorsday.com\/en\/author\/edc-_admin\/"}]}},"_links":{"self":[{"href":"https:\/\/www.spaininvestorsday.com\/en\/wp-json\/wp\/v2\/posts\/5305","targetHints":{"allow":["GET"]}}],"collection":[{"href":"https:\/\/www.spaininvestorsday.com\/en\/wp-json\/wp\/v2\/posts"}],"about":[{"href":"https:\/\/www.spaininvestorsday.com\/en\/wp-json\/wp\/v2\/types\/post"}],"author":[{"embeddable":true,"href":"https:\/\/www.spaininvestorsday.com\/en\/wp-json\/wp\/v2\/users\/1"}],"replies":[{"embeddable":true,"href":"https:\/\/www.spaininvestorsday.com\/en\/wp-json\/wp\/v2\/comments?post=5305"}],"version-history":[{"count":1,"href":"https:\/\/www.spaininvestorsday.com\/en\/wp-json\/wp\/v2\/posts\/5305\/revisions"}],"predecessor-version":[{"id":7245,"href":"https:\/\/www.spaininvestorsday.com\/en\/wp-json\/wp\/v2\/posts\/5305\/revisions\/7245"}],"wp:featuredmedia":[{"embeddable":true,"href":"https:\/\/www.spaininvestorsday.com\/en\/wp-json\/wp\/v2\/media\/7243"}],"wp:attachment":[{"href":"https:\/\/www.spaininvestorsday.com\/en\/wp-json\/wp\/v2\/media?parent=5305"}],"wp:term":[{"taxonomy":"category","embeddable":true,"href":"https:\/\/www.spaininvestorsday.com\/en\/wp-json\/wp\/v2\/categories?post=5305"},{"taxonomy":"post_tag","embeddable":true,"href":"https:\/\/www.spaininvestorsday.com\/en\/wp-json\/wp\/v2\/tags?post=5305"}],"curies":[{"name":"wp","href":"https:\/\/api.w.org\/{rel}","templated":true}]}}