{"id":5270,"date":"2019-01-15T11:01:00","date_gmt":"2019-01-15T11:01:00","guid":{"rendered":"https:\/\/www.spaininvestorsday.com\/?p=5270"},"modified":"2021-12-03T12:14:50","modified_gmt":"2021-12-03T12:14:50","slug":"teresa-ribera-ministra-de-transicion-ecologica-inaugura-la-ix-edicion-del-spain-investors-day-espana-es-un-pais-muy-atractivo-para-la-inversion-energetica","status":"publish","type":"post","link":"https:\/\/www.spaininvestorsday.com\/en\/teresa-ribera-ministra-de-transicion-ecologica-inaugura-la-ix-edicion-del-spain-investors-day-espana-es-un-pais-muy-atractivo-para-la-inversion-energetica\/","title":{"rendered":"Teresa Ribera, ministra de Transici\u00f3n Ecol\u00f3gica inaugura la IX edici\u00f3n de Spain Investors Day"},"content":{"rendered":"<p style=\"text-align: justify;\"><strong>TERESA RIBERA, MINISTRA DE TRANSICI\u00d3N ECOL\u00d3GICA, INAUGURA LA IX EDICI\u00d3N DEL SPAIN INVESTORS DAY: \u201cESPA\u00d1A ES UN PA\u00cdS MUY ATRACTIVO PARA LA INVERSI\u00d3N ENERG\u00c9TICA\u201d<\/strong><\/p>\n<ul style=\"text-align: justify;\">\n<li><em>\u201cLa transformaci\u00f3n econ\u00f3mica crear\u00e1 oportunidades de negocio y crecimiento: Espa\u00f1a puede ser uno de los pa\u00edses que lidere la transici\u00f3n ecol\u00f3gica<\/em>\u201d, se\u00f1ala la ministra.<\/li>\n<li>\u201c<em>Cada vez m\u00e1s empresas quieren venir al Spain Investors Day para exponer a los inversores internacionales c\u00f3mo est\u00e1n las empresas espa\u00f1olas\u201d<\/em>, apunta el presidente del SID, Benito Berceruelo.<\/li>\n<\/ul>\n<p style=\"text-align: justify;\">15\/01\/2019.\u00a0Teresa Ribera, la Ministra de Transici\u00f3n Ecol\u00f3gica, ha inaugurado\u00a0la IX Edici\u00f3n del <strong><em>Spain<\/em><\/strong><strong><em>\u00a0<\/em><\/strong><strong><em>Investors<\/em><\/strong><strong><em>\u00a0Day (SID)<\/em><\/strong>,\u00a0el\u00a0foro\u00a0en el que se dan cita las\u00a0empresas espa\u00f1olas\u00a0cotizadas en Bolsa con los grandes inversores y que abre el curso econ\u00f3mico. Con la presencia de m\u00e1s de 150 inversores internacionales y 43 empresas cotizadas espa\u00f1olas, la ministra ha subrayado las oportunidades de negocio que existen en Espa\u00f1a.<\/p>\n<p style=\"text-align: justify;\">\u201cEspa\u00f1a tiene mucho que ganar con la transici\u00f3n ecol\u00f3gica\u201d, ha se\u00f1alado. Para ello, \u201cel gobierno debe desarrollar un marco regulatorio que lo facilite\u201d, tambi\u00e9n ha a\u00f1adido. La titular del Ministerio, asimismo ha subrayado que \u201ccon la reducci\u00f3n de gases de efecto invernadero se generar\u00e1n nuevos puestos de trabajo\u201d. Por otra parte, Ribera ha explicado que \u201cestamos convencidos de los beneficios de una transici\u00f3n ecol\u00f3gica junto con empresas, ciudadanos y, por supuesto, inversores\u201d, se\u00f1alando que las oportunidades \u201cverdes\u201d, como las ha llamado, son un vector de crecimiento para el empleo.<\/p>\n<p style=\"text-align: justify;\">Por su parte, la Secretaria de Estado de Comercio y presidenta del ICEX, Xiana Margarida M\u00e9ndez, ha recalcado que Espa\u00f1a est\u00e1 creciendo m\u00e1s que el resto de pa\u00edses de la Eurozona. Asimismo, ha destacado que la econom\u00eda espa\u00f1ola es \u201cresiliente, abierta y m\u00e1s competitiva que hace unos a\u00f1os\u201d. Tambi\u00e9n, ha comentado que las empresas espa\u00f1olas se han consolidado como entidades clave en sus sectores, siendo cruciales para el crecimiento econ\u00f3mico.<\/p>\n<p style=\"text-align: justify;\">En lo que al PIB respecta, ha apuntado que, bas\u00e1ndose en datos del tercer trimestre de 2018, ha tenido un crecimiento de entre un 2,5 y un 2,6 %. Tambi\u00e9n, ha recalcado la importancia del libre comercio para Espa\u00f1a en el \u00e1mbito internacional, se\u00f1alando que las exportaciones han crecido un 4 %, destacando el aumento de la presencia de exportaciones a pa\u00edses no miembros de la Uni\u00f3n Europea, lo que supone un crecimiento en el total del 20 %.<\/p>\n<p style=\"text-align: justify;\">Benito Berceruelo, el presidente del SID ha se\u00f1alado que en la novena edici\u00f3n del SID \u201ctenemos m\u00e1s empresas que nunca, explicando a los inversores internacionales sus datos econ\u00f3micos fundamentales\u201d, lo que considera que es el mayor \u00e9xito de este foro.<\/p>\n<p style=\"text-align: justify;\">El\u00a0<strong>Spain<\/strong><strong>\u00a0<\/strong><strong>Investors<\/strong><strong>\u00a0Day<\/strong>\u00a0tiene como principal objetivo\u00a0poner en contacto a las empresas\u00a0cotizadas\u00a0espa\u00f1olas con los inversores extranjeros para que \u00e9stos\u00a0puedan conocer de primera mano\u00a0los\u00a0resultados del pasado ejercicio y los\u00a0planes de\u00a0futuro.\u00a0\u00a0Este foro, promovido y organizado por Estudio de\u00a0Comunicaci\u00f3n,\u00a0vuelve\u00a0a contar con BNP PARIBAS y EXANE BNP\u00a0PARIBAS como\u00a0socios\u00a0estrat\u00e9gicos.\u00a0Los patrocinadores que hacen posible el encuentro son GRANT THORNTON, AON, CECABANK, PRISA, ICEX, Equipo Econ\u00f3mico,\u00a0Linklaters, BME y\u00a0Blacktoro.<\/p>\n<p style=\"text-align: justify;\">Las 43 compa\u00f1\u00edas confirmadas, que suponen un r\u00e9cord de participaci\u00f3n, son: ACCIONA, ACERINOX, AENA, ALMIRALL, ATRESMEDIA, BANCO SABADELL, BANKINTER, BME, CAIXABANK, CECABANK, CIE AUTOMOTIVE, CORPORACI\u00d3N ALBA, EBRO FOODS, ENAGAS, ENCE, ENDESA, EUSKALTEL, FERROVIAL, FLUIDRA, GESTAMP, GRUPO ACS, GRUPO CATALANA OCCIDENTE, IBERDROLA, ICEX, INDRA, INMOBILIARIA COLONIAL, INTERNATIONAL AIRLINES GROUP, MAPFRE, MASMOVIL, MEDIASET ESPA\u00d1A, MELIA HOTELS, MERLIN PROPERTIES, PARQUES REUNIDOS, PRISA, PROSEGUR, PROSEGUR CASH, RED EL\u00c9CTRICA DE ESPA\u00d1A, SACYR, SIEMENS GAMESA, T\u00c9CNICAS REUNIDAS, UNICAJA, VIDRALA y VOCENTO.<\/p>\n","protected":false},"excerpt":{"rendered":"<p>TERESA RIBERA, MINISTRA DE TRANSICI\u00d3N ECOL\u00d3GICA, INAUGURA LA IX EDICI\u00d3N DEL SPAIN INVESTORS DAY: \u201cESPA\u00d1A ES UN PA\u00cdS MUY ATRACTIVO PARA LA INVERSI\u00d3N ENERG\u00c9TICA\u201d \u201cLa transformaci\u00f3n econ\u00f3mica crear\u00e1 oportunidades de negocio y crecimiento: Espa\u00f1a puede ser uno de los pa\u00edses que lidere la transici\u00f3n ecol\u00f3gica\u201d, se\u00f1ala la ministra. \u201cCada vez m\u00e1s empresas quieren venir al&hellip; <a class=\"more-link\" href=\"https:\/\/www.spaininvestorsday.com\/en\/teresa-ribera-ministra-de-transicion-ecologica-inaugura-la-ix-edicion-del-spain-investors-day-espana-es-un-pais-muy-atractivo-para-la-inversion-energetica\/\">Continue reading <span class=\"screen-reader-text\">Teresa Ribera, ministra de Transici\u00f3n Ecol\u00f3gica inaugura la IX edici\u00f3n de Spain Investors Day<\/span><\/a><\/p>\n","protected":false},"author":1,"featured_media":7246,"comment_status":"open","ping_status":"open","sticky":false,"template":"","format":"standard","meta":{"inline_featured_image":false,"footnotes":""},"categories":[6,7,8,5],"tags":[9,10,11,12,14,15],"class_list":["post-5270","post","type-post","status-publish","format-standard","has-post-thumbnail","hentry","category-6","category-notas-de-prensa","category-sala-de-prensa","category-ultimas-noticias","tag-day","tag-economia","tag-investors","tag-ix","tag-spain","tag-spaininvestorsday","entry"],"yoast_head":"<!-- This site is optimized with the Yoast SEO plugin v26.6 - https:\/\/yoast.com\/wordpress\/plugins\/seo\/ -->\n<title>Teresa Ribera, ministra de Transici\u00f3n Ecol\u00f3gica inaugura la IX edici\u00f3n de Spain Investors Day - Spain Investors Day<\/title>\n<meta name=\"robots\" content=\"index, follow, max-snippet:-1, max-image-preview:large, max-video-preview:-1\" \/>\n<link rel=\"canonical\" href=\"https:\/\/www.spaininvestorsday.com\/teresa-ribera-ministra-de-transicion-ecologica-inaugura-la-ix-edicion-del-spain-investors-day-espana-es-un-pais-muy-atractivo-para-la-inversion-energetica\/\" \/>\n<meta property=\"og:locale\" content=\"en_US\" \/>\n<meta property=\"og:type\" content=\"article\" \/>\n<meta property=\"og:title\" content=\"Teresa Ribera, ministra de Transici\u00f3n Ecol\u00f3gica inaugura la IX edici\u00f3n de Spain Investors Day - Spain Investors Day\" \/>\n<meta property=\"og:description\" content=\"TERESA RIBERA, MINISTRA DE TRANSICI\u00d3N ECOL\u00d3GICA, INAUGURA LA IX EDICI\u00d3N DEL SPAIN INVESTORS DAY: \u201cESPA\u00d1A ES UN PA\u00cdS MUY ATRACTIVO PARA LA INVERSI\u00d3N ENERG\u00c9TICA\u201d \u201cLa transformaci\u00f3n econ\u00f3mica crear\u00e1 oportunidades de negocio y crecimiento: Espa\u00f1a puede ser uno de los pa\u00edses que lidere la transici\u00f3n ecol\u00f3gica\u201d, se\u00f1ala la ministra. \u201cCada vez m\u00e1s empresas quieren venir al&hellip; Continue reading Teresa Ribera, ministra de Transici\u00f3n Ecol\u00f3gica inaugura la IX edici\u00f3n de Spain Investors Day\" \/>\n<meta property=\"og:url\" content=\"https:\/\/www.spaininvestorsday.com\/teresa-ribera-ministra-de-transicion-ecologica-inaugura-la-ix-edicion-del-spain-investors-day-espana-es-un-pais-muy-atractivo-para-la-inversion-energetica\/\" \/>\n<meta property=\"og:site_name\" content=\"Spain Investors Day\" \/>\n<meta property=\"article:published_time\" content=\"2019-01-15T11:01:00+00:00\" \/>\n<meta property=\"article:modified_time\" content=\"2021-12-03T12:14:50+00:00\" \/>\n<meta property=\"og:image\" content=\"https:\/\/www.spaininvestorsday.com\/wp-content\/uploads\/2019\/01\/teresa-ribera-1.jpg\" \/>\n\t<meta property=\"og:image:width\" content=\"1038\" \/>\n\t<meta property=\"og:image:height\" content=\"576\" \/>\n\t<meta property=\"og:image:type\" content=\"image\/jpeg\" \/>\n<meta name=\"author\" content=\"EDC-_admin\" \/>\n<meta name=\"twitter:card\" content=\"summary_large_image\" \/>\n<meta name=\"twitter:label1\" content=\"Written by\" \/>\n\t<meta name=\"twitter:data1\" content=\"EDC-_admin\" \/>\n\t<meta name=\"twitter:label2\" content=\"Est. reading time\" \/>\n\t<meta name=\"twitter:data2\" content=\"3 minutes\" \/>\n<script type=\"application\/ld+json\" class=\"yoast-schema-graph\">{\"@context\":\"https:\/\/schema.org\",\"@graph\":[{\"@type\":\"Article\",\"@id\":\"https:\/\/www.spaininvestorsday.com\/teresa-ribera-ministra-de-transicion-ecologica-inaugura-la-ix-edicion-del-spain-investors-day-espana-es-un-pais-muy-atractivo-para-la-inversion-energetica\/#article\",\"isPartOf\":{\"@id\":\"https:\/\/www.spaininvestorsday.com\/teresa-ribera-ministra-de-transicion-ecologica-inaugura-la-ix-edicion-del-spain-investors-day-espana-es-un-pais-muy-atractivo-para-la-inversion-energetica\/\"},\"author\":{\"name\":\"EDC-_admin\",\"@id\":\"https:\/\/www.spaininvestorsday.com\/#\/schema\/person\/ae10ee2f725c6fbf823e03329aceaef4\"},\"headline\":\"Teresa Ribera, ministra de Transici\u00f3n Ecol\u00f3gica inaugura la IX edici\u00f3n de Spain Investors Day\",\"datePublished\":\"2019-01-15T11:01:00+00:00\",\"dateModified\":\"2021-12-03T12:14:50+00:00\",\"mainEntityOfPage\":{\"@id\":\"https:\/\/www.spaininvestorsday.com\/teresa-ribera-ministra-de-transicion-ecologica-inaugura-la-ix-edicion-del-spain-investors-day-espana-es-un-pais-muy-atractivo-para-la-inversion-energetica\/\"},\"wordCount\":652,\"commentCount\":0,\"publisher\":{\"@id\":\"https:\/\/www.spaininvestorsday.com\/#organization\"},\"image\":{\"@id\":\"https:\/\/www.spaininvestorsday.com\/teresa-ribera-ministra-de-transicion-ecologica-inaugura-la-ix-edicion-del-spain-investors-day-espana-es-un-pais-muy-atractivo-para-la-inversion-energetica\/#primaryimage\"},\"thumbnailUrl\":\"https:\/\/www.spaininvestorsday.com\/wp-content\/uploads\/2019\/01\/teresa-ribera-1.jpg\",\"keywords\":[\"Day\",\"Econom\u00eda\",\"Investors\",\"IX\",\"Spain\",\"SpainInvestorsDay\"],\"articleSection\":[\"2019\",\"Notas de Prensa\",\"Sala de Prensa\",\"Ultimas noticias\"],\"inLanguage\":\"en-US\",\"potentialAction\":[{\"@type\":\"CommentAction\",\"name\":\"Comment\",\"target\":[\"https:\/\/www.spaininvestorsday.com\/teresa-ribera-ministra-de-transicion-ecologica-inaugura-la-ix-edicion-del-spain-investors-day-espana-es-un-pais-muy-atractivo-para-la-inversion-energetica\/#respond\"]}]},{\"@type\":\"WebPage\",\"@id\":\"https:\/\/www.spaininvestorsday.com\/teresa-ribera-ministra-de-transicion-ecologica-inaugura-la-ix-edicion-del-spain-investors-day-espana-es-un-pais-muy-atractivo-para-la-inversion-energetica\/\",\"url\":\"https:\/\/www.spaininvestorsday.com\/teresa-ribera-ministra-de-transicion-ecologica-inaugura-la-ix-edicion-del-spain-investors-day-espana-es-un-pais-muy-atractivo-para-la-inversion-energetica\/\",\"name\":\"Teresa Ribera, ministra de Transici\u00f3n Ecol\u00f3gica inaugura la IX edici\u00f3n de Spain Investors Day - Spain Investors Day\",\"isPartOf\":{\"@id\":\"https:\/\/www.spaininvestorsday.com\/#website\"},\"primaryImageOfPage\":{\"@id\":\"https:\/\/www.spaininvestorsday.com\/teresa-ribera-ministra-de-transicion-ecologica-inaugura-la-ix-edicion-del-spain-investors-day-espana-es-un-pais-muy-atractivo-para-la-inversion-energetica\/#primaryimage\"},\"image\":{\"@id\":\"https:\/\/www.spaininvestorsday.com\/teresa-ribera-ministra-de-transicion-ecologica-inaugura-la-ix-edicion-del-spain-investors-day-espana-es-un-pais-muy-atractivo-para-la-inversion-energetica\/#primaryimage\"},\"thumbnailUrl\":\"https:\/\/www.spaininvestorsday.com\/wp-content\/uploads\/2019\/01\/teresa-ribera-1.jpg\",\"datePublished\":\"2019-01-15T11:01:00+00:00\",\"dateModified\":\"2021-12-03T12:14:50+00:00\",\"breadcrumb\":{\"@id\":\"https:\/\/www.spaininvestorsday.com\/teresa-ribera-ministra-de-transicion-ecologica-inaugura-la-ix-edicion-del-spain-investors-day-espana-es-un-pais-muy-atractivo-para-la-inversion-energetica\/#breadcrumb\"},\"inLanguage\":\"en-US\",\"potentialAction\":[{\"@type\":\"ReadAction\",\"target\":[\"https:\/\/www.spaininvestorsday.com\/teresa-ribera-ministra-de-transicion-ecologica-inaugura-la-ix-edicion-del-spain-investors-day-espana-es-un-pais-muy-atractivo-para-la-inversion-energetica\/\"]}]},{\"@type\":\"ImageObject\",\"inLanguage\":\"en-US\",\"@id\":\"https:\/\/www.spaininvestorsday.com\/teresa-ribera-ministra-de-transicion-ecologica-inaugura-la-ix-edicion-del-spain-investors-day-espana-es-un-pais-muy-atractivo-para-la-inversion-energetica\/#primaryimage\",\"url\":\"https:\/\/www.spaininvestorsday.com\/wp-content\/uploads\/2019\/01\/teresa-ribera-1.jpg\",\"contentUrl\":\"https:\/\/www.spaininvestorsday.com\/wp-content\/uploads\/2019\/01\/teresa-ribera-1.jpg\",\"width\":1038,\"height\":576},{\"@type\":\"BreadcrumbList\",\"@id\":\"https:\/\/www.spaininvestorsday.com\/teresa-ribera-ministra-de-transicion-ecologica-inaugura-la-ix-edicion-del-spain-investors-day-espana-es-un-pais-muy-atractivo-para-la-inversion-energetica\/#breadcrumb\",\"itemListElement\":[{\"@type\":\"ListItem\",\"position\":1,\"name\":\"Portada\",\"item\":\"https:\/\/www.spaininvestorsday.com\/\"},{\"@type\":\"ListItem\",\"position\":2,\"name\":\"Teresa Ribera, ministra de Transici\u00f3n Ecol\u00f3gica inaugura la IX edici\u00f3n de Spain Investors Day\"}]},{\"@type\":\"WebSite\",\"@id\":\"https:\/\/www.spaininvestorsday.com\/#website\",\"url\":\"https:\/\/www.spaininvestorsday.com\/\",\"name\":\"Spain Investors Day\",\"description\":\"El foro profesional \u00fanico en Espa\u00f1a\",\"publisher\":{\"@id\":\"https:\/\/www.spaininvestorsday.com\/#organization\"},\"potentialAction\":[{\"@type\":\"SearchAction\",\"target\":{\"@type\":\"EntryPoint\",\"urlTemplate\":\"https:\/\/www.spaininvestorsday.com\/?s={search_term_string}\"},\"query-input\":{\"@type\":\"PropertyValueSpecification\",\"valueRequired\":true,\"valueName\":\"search_term_string\"}}],\"inLanguage\":\"en-US\"},{\"@type\":\"Organization\",\"@id\":\"https:\/\/www.spaininvestorsday.com\/#organization\",\"name\":\"Spain Investors Day\",\"url\":\"https:\/\/www.spaininvestorsday.com\/\",\"logo\":{\"@type\":\"ImageObject\",\"inLanguage\":\"en-US\",\"@id\":\"https:\/\/www.spaininvestorsday.com\/#\/schema\/logo\/image\/\",\"url\":\"https:\/\/www.spaininvestorsday.com\/wp-content\/uploads\/2021\/10\/SID-2021.svg\",\"contentUrl\":\"https:\/\/www.spaininvestorsday.com\/wp-content\/uploads\/2021\/10\/SID-2021.svg\",\"width\":199,\"height\":79,\"caption\":\"Spain Investors Day\"},\"image\":{\"@id\":\"https:\/\/www.spaininvestorsday.com\/#\/schema\/logo\/image\/\"}},{\"@type\":\"Person\",\"@id\":\"https:\/\/www.spaininvestorsday.com\/#\/schema\/person\/ae10ee2f725c6fbf823e03329aceaef4\",\"name\":\"EDC-_admin\",\"image\":{\"@type\":\"ImageObject\",\"inLanguage\":\"en-US\",\"@id\":\"https:\/\/www.spaininvestorsday.com\/#\/schema\/person\/image\/\",\"url\":\"https:\/\/secure.gravatar.com\/avatar\/3acb441469ca93d86ed0710c10950b284db14f2d3990c5df87796e9bdf5add89?s=96&d=mm&r=g\",\"contentUrl\":\"https:\/\/secure.gravatar.com\/avatar\/3acb441469ca93d86ed0710c10950b284db14f2d3990c5df87796e9bdf5add89?s=96&d=mm&r=g\",\"caption\":\"EDC-_admin\"},\"sameAs\":[\"https:\/\/www.spaininvestorsday.com\"],\"url\":\"https:\/\/www.spaininvestorsday.com\/en\/author\/edc-_admin\/\"}]}<\/script>\n<!-- \/ Yoast SEO plugin. -->","yoast_head_json":{"title":"Teresa Ribera, ministra de Transici\u00f3n Ecol\u00f3gica inaugura la IX edici\u00f3n de Spain Investors Day - Spain Investors Day","robots":{"index":"index","follow":"follow","max-snippet":"max-snippet:-1","max-image-preview":"max-image-preview:large","max-video-preview":"max-video-preview:-1"},"canonical":"https:\/\/www.spaininvestorsday.com\/teresa-ribera-ministra-de-transicion-ecologica-inaugura-la-ix-edicion-del-spain-investors-day-espana-es-un-pais-muy-atractivo-para-la-inversion-energetica\/","og_locale":"en_US","og_type":"article","og_title":"Teresa Ribera, ministra de Transici\u00f3n Ecol\u00f3gica inaugura la IX edici\u00f3n de Spain Investors Day - Spain Investors Day","og_description":"TERESA RIBERA, MINISTRA DE TRANSICI\u00d3N ECOL\u00d3GICA, INAUGURA LA IX EDICI\u00d3N DEL SPAIN INVESTORS DAY: \u201cESPA\u00d1A ES UN PA\u00cdS MUY ATRACTIVO PARA LA INVERSI\u00d3N ENERG\u00c9TICA\u201d \u201cLa transformaci\u00f3n econ\u00f3mica crear\u00e1 oportunidades de negocio y crecimiento: Espa\u00f1a puede ser uno de los pa\u00edses que lidere la transici\u00f3n ecol\u00f3gica\u201d, se\u00f1ala la ministra. \u201cCada vez m\u00e1s empresas quieren venir al&hellip; Continue reading Teresa Ribera, ministra de Transici\u00f3n Ecol\u00f3gica inaugura la IX edici\u00f3n de Spain Investors Day","og_url":"https:\/\/www.spaininvestorsday.com\/teresa-ribera-ministra-de-transicion-ecologica-inaugura-la-ix-edicion-del-spain-investors-day-espana-es-un-pais-muy-atractivo-para-la-inversion-energetica\/","og_site_name":"Spain Investors Day","article_published_time":"2019-01-15T11:01:00+00:00","article_modified_time":"2021-12-03T12:14:50+00:00","og_image":[{"width":1038,"height":576,"url":"https:\/\/www.spaininvestorsday.com\/wp-content\/uploads\/2019\/01\/teresa-ribera-1.jpg","type":"image\/jpeg"}],"author":"EDC-_admin","twitter_card":"summary_large_image","twitter_misc":{"Written by":"EDC-_admin","Est. reading time":"3 minutes"},"schema":{"@context":"https:\/\/schema.org","@graph":[{"@type":"Article","@id":"https:\/\/www.spaininvestorsday.com\/teresa-ribera-ministra-de-transicion-ecologica-inaugura-la-ix-edicion-del-spain-investors-day-espana-es-un-pais-muy-atractivo-para-la-inversion-energetica\/#article","isPartOf":{"@id":"https:\/\/www.spaininvestorsday.com\/teresa-ribera-ministra-de-transicion-ecologica-inaugura-la-ix-edicion-del-spain-investors-day-espana-es-un-pais-muy-atractivo-para-la-inversion-energetica\/"},"author":{"name":"EDC-_admin","@id":"https:\/\/www.spaininvestorsday.com\/#\/schema\/person\/ae10ee2f725c6fbf823e03329aceaef4"},"headline":"Teresa Ribera, ministra de Transici\u00f3n Ecol\u00f3gica inaugura la IX edici\u00f3n de Spain Investors Day","datePublished":"2019-01-15T11:01:00+00:00","dateModified":"2021-12-03T12:14:50+00:00","mainEntityOfPage":{"@id":"https:\/\/www.spaininvestorsday.com\/teresa-ribera-ministra-de-transicion-ecologica-inaugura-la-ix-edicion-del-spain-investors-day-espana-es-un-pais-muy-atractivo-para-la-inversion-energetica\/"},"wordCount":652,"commentCount":0,"publisher":{"@id":"https:\/\/www.spaininvestorsday.com\/#organization"},"image":{"@id":"https:\/\/www.spaininvestorsday.com\/teresa-ribera-ministra-de-transicion-ecologica-inaugura-la-ix-edicion-del-spain-investors-day-espana-es-un-pais-muy-atractivo-para-la-inversion-energetica\/#primaryimage"},"thumbnailUrl":"https:\/\/www.spaininvestorsday.com\/wp-content\/uploads\/2019\/01\/teresa-ribera-1.jpg","keywords":["Day","Econom\u00eda","Investors","IX","Spain","SpainInvestorsDay"],"articleSection":["2019","Notas de Prensa","Sala de Prensa","Ultimas noticias"],"inLanguage":"en-US","potentialAction":[{"@type":"CommentAction","name":"Comment","target":["https:\/\/www.spaininvestorsday.com\/teresa-ribera-ministra-de-transicion-ecologica-inaugura-la-ix-edicion-del-spain-investors-day-espana-es-un-pais-muy-atractivo-para-la-inversion-energetica\/#respond"]}]},{"@type":"WebPage","@id":"https:\/\/www.spaininvestorsday.com\/teresa-ribera-ministra-de-transicion-ecologica-inaugura-la-ix-edicion-del-spain-investors-day-espana-es-un-pais-muy-atractivo-para-la-inversion-energetica\/","url":"https:\/\/www.spaininvestorsday.com\/teresa-ribera-ministra-de-transicion-ecologica-inaugura-la-ix-edicion-del-spain-investors-day-espana-es-un-pais-muy-atractivo-para-la-inversion-energetica\/","name":"Teresa Ribera, ministra de Transici\u00f3n Ecol\u00f3gica inaugura la IX edici\u00f3n de Spain Investors Day - Spain Investors Day","isPartOf":{"@id":"https:\/\/www.spaininvestorsday.com\/#website"},"primaryImageOfPage":{"@id":"https:\/\/www.spaininvestorsday.com\/teresa-ribera-ministra-de-transicion-ecologica-inaugura-la-ix-edicion-del-spain-investors-day-espana-es-un-pais-muy-atractivo-para-la-inversion-energetica\/#primaryimage"},"image":{"@id":"https:\/\/www.spaininvestorsday.com\/teresa-ribera-ministra-de-transicion-ecologica-inaugura-la-ix-edicion-del-spain-investors-day-espana-es-un-pais-muy-atractivo-para-la-inversion-energetica\/#primaryimage"},"thumbnailUrl":"https:\/\/www.spaininvestorsday.com\/wp-content\/uploads\/2019\/01\/teresa-ribera-1.jpg","datePublished":"2019-01-15T11:01:00+00:00","dateModified":"2021-12-03T12:14:50+00:00","breadcrumb":{"@id":"https:\/\/www.spaininvestorsday.com\/teresa-ribera-ministra-de-transicion-ecologica-inaugura-la-ix-edicion-del-spain-investors-day-espana-es-un-pais-muy-atractivo-para-la-inversion-energetica\/#breadcrumb"},"inLanguage":"en-US","potentialAction":[{"@type":"ReadAction","target":["https:\/\/www.spaininvestorsday.com\/teresa-ribera-ministra-de-transicion-ecologica-inaugura-la-ix-edicion-del-spain-investors-day-espana-es-un-pais-muy-atractivo-para-la-inversion-energetica\/"]}]},{"@type":"ImageObject","inLanguage":"en-US","@id":"https:\/\/www.spaininvestorsday.com\/teresa-ribera-ministra-de-transicion-ecologica-inaugura-la-ix-edicion-del-spain-investors-day-espana-es-un-pais-muy-atractivo-para-la-inversion-energetica\/#primaryimage","url":"https:\/\/www.spaininvestorsday.com\/wp-content\/uploads\/2019\/01\/teresa-ribera-1.jpg","contentUrl":"https:\/\/www.spaininvestorsday.com\/wp-content\/uploads\/2019\/01\/teresa-ribera-1.jpg","width":1038,"height":576},{"@type":"BreadcrumbList","@id":"https:\/\/www.spaininvestorsday.com\/teresa-ribera-ministra-de-transicion-ecologica-inaugura-la-ix-edicion-del-spain-investors-day-espana-es-un-pais-muy-atractivo-para-la-inversion-energetica\/#breadcrumb","itemListElement":[{"@type":"ListItem","position":1,"name":"Portada","item":"https:\/\/www.spaininvestorsday.com\/"},{"@type":"ListItem","position":2,"name":"Teresa Ribera, ministra de Transici\u00f3n Ecol\u00f3gica inaugura la IX edici\u00f3n de Spain Investors Day"}]},{"@type":"WebSite","@id":"https:\/\/www.spaininvestorsday.com\/#website","url":"https:\/\/www.spaininvestorsday.com\/","name":"Spain Investors Day","description":"El foro profesional \u00fanico en Espa\u00f1a","publisher":{"@id":"https:\/\/www.spaininvestorsday.com\/#organization"},"potentialAction":[{"@type":"SearchAction","target":{"@type":"EntryPoint","urlTemplate":"https:\/\/www.spaininvestorsday.com\/?s={search_term_string}"},"query-input":{"@type":"PropertyValueSpecification","valueRequired":true,"valueName":"search_term_string"}}],"inLanguage":"en-US"},{"@type":"Organization","@id":"https:\/\/www.spaininvestorsday.com\/#organization","name":"Spain Investors Day","url":"https:\/\/www.spaininvestorsday.com\/","logo":{"@type":"ImageObject","inLanguage":"en-US","@id":"https:\/\/www.spaininvestorsday.com\/#\/schema\/logo\/image\/","url":"https:\/\/www.spaininvestorsday.com\/wp-content\/uploads\/2021\/10\/SID-2021.svg","contentUrl":"https:\/\/www.spaininvestorsday.com\/wp-content\/uploads\/2021\/10\/SID-2021.svg","width":199,"height":79,"caption":"Spain Investors Day"},"image":{"@id":"https:\/\/www.spaininvestorsday.com\/#\/schema\/logo\/image\/"}},{"@type":"Person","@id":"https:\/\/www.spaininvestorsday.com\/#\/schema\/person\/ae10ee2f725c6fbf823e03329aceaef4","name":"EDC-_admin","image":{"@type":"ImageObject","inLanguage":"en-US","@id":"https:\/\/www.spaininvestorsday.com\/#\/schema\/person\/image\/","url":"https:\/\/secure.gravatar.com\/avatar\/3acb441469ca93d86ed0710c10950b284db14f2d3990c5df87796e9bdf5add89?s=96&d=mm&r=g","contentUrl":"https:\/\/secure.gravatar.com\/avatar\/3acb441469ca93d86ed0710c10950b284db14f2d3990c5df87796e9bdf5add89?s=96&d=mm&r=g","caption":"EDC-_admin"},"sameAs":["https:\/\/www.spaininvestorsday.com"],"url":"https:\/\/www.spaininvestorsday.com\/en\/author\/edc-_admin\/"}]}},"_links":{"self":[{"href":"https:\/\/www.spaininvestorsday.com\/en\/wp-json\/wp\/v2\/posts\/5270","targetHints":{"allow":["GET"]}}],"collection":[{"href":"https:\/\/www.spaininvestorsday.com\/en\/wp-json\/wp\/v2\/posts"}],"about":[{"href":"https:\/\/www.spaininvestorsday.com\/en\/wp-json\/wp\/v2\/types\/post"}],"author":[{"embeddable":true,"href":"https:\/\/www.spaininvestorsday.com\/en\/wp-json\/wp\/v2\/users\/1"}],"replies":[{"embeddable":true,"href":"https:\/\/www.spaininvestorsday.com\/en\/wp-json\/wp\/v2\/comments?post=5270"}],"version-history":[{"count":1,"href":"https:\/\/www.spaininvestorsday.com\/en\/wp-json\/wp\/v2\/posts\/5270\/revisions"}],"predecessor-version":[{"id":7248,"href":"https:\/\/www.spaininvestorsday.com\/en\/wp-json\/wp\/v2\/posts\/5270\/revisions\/7248"}],"wp:featuredmedia":[{"embeddable":true,"href":"https:\/\/www.spaininvestorsday.com\/en\/wp-json\/wp\/v2\/media\/7246"}],"wp:attachment":[{"href":"https:\/\/www.spaininvestorsday.com\/en\/wp-json\/wp\/v2\/media?parent=5270"}],"wp:term":[{"taxonomy":"category","embeddable":true,"href":"https:\/\/www.spaininvestorsday.com\/en\/wp-json\/wp\/v2\/categories?post=5270"},{"taxonomy":"post_tag","embeddable":true,"href":"https:\/\/www.spaininvestorsday.com\/en\/wp-json\/wp\/v2\/tags?post=5270"}],"curies":[{"name":"wp","href":"https:\/\/api.w.org\/{rel}","templated":true}]}}