{"id":5178,"date":"2019-01-08T09:00:47","date_gmt":"2019-01-08T09:00:47","guid":{"rendered":"https:\/\/www.spaininvestorsday.com\/?p=5178"},"modified":"2021-12-03T12:37:04","modified_gmt":"2021-12-03T12:37:04","slug":"teresa-ribera-inaugurara-el-spain-investors-day-evento-que-cerrara-nadia-calvino","status":"publish","type":"post","link":"https:\/\/www.spaininvestorsday.com\/en\/teresa-ribera-inaugurara-el-spain-investors-day-evento-que-cerrara-nadia-calvino\/","title":{"rendered":"Teresa Ribera inaugurar\u00e1 el Spain Investors Day, evento que cerrar\u00e1 Nadia Calvi\u00f1o"},"content":{"rendered":"<div class=\"srvm-nw__intro\">\n<p style=\"text-align: justify;\">La ministra para Transici\u00f3n Ecol\u00f3gica, Teresa Ribera, se encargar\u00e1 de inaugurar la novena edici\u00f3n del Spain Investors Day (SID), evento que reunir\u00e1 en Madrid a 150 inversores internacionales los pr\u00f3ximos 15 y 16 de enero y que clausurar\u00e1 la ministra de Econom\u00eda y Empresa, Nadia Calvi\u00f1o.<\/p>\n<\/div>\n<div class=\"srvm-nw__body\">\n<p style=\"text-align: justify;\">As\u00ed lo explic\u00f3 en una entrevista a Servimedia el presidente de este foro, Benito Berceruelo, quien destac\u00f3 que el encuentro contar\u00e1 tambi\u00e9n con la presencia del ministro de Asuntos Exteriores, Uni\u00f3n Europea y Cooperaci\u00f3n, Jos\u00e9 Borrell, as\u00ed como con la ministra de Industria, Comercio y Turismo, Reyes Maroto.<\/p>\n<p style=\"text-align: justify;\">En cuanto a la presencia de empresas espa\u00f1olas, Berceruelo destac\u00f3 que hasta este momento un total de 43 han confirmado su asistencia, entre las que destacan cerca de 30 de las del Ibex.<\/p>\n<p style=\"text-align: justify;\">Por ello, el presidente del SID considera que este encuentro, que contar\u00e1 adem\u00e1s con la participaci\u00f3n del gobernador del Banco de Espa\u00f1a, Pablo Hern\u00e1ndez de Cos, se ha convertido en \u201cun elemento fundamental para vender las empresas espa\u00f1olas a los grandes inversores mundiales\u201d, ya que tienen la oportunidad de conocer de primera mano su \u201crealidad\u201d, adem\u00e1s de la de la econom\u00eda del pa\u00eds.<\/p>\n<p style=\"text-align: justify;\">\u201dNos hemos consolidado como una cita para que los inversores internacionales conozcan los datos del \u00faltimo ejercicio y las previsiones del siguiente, adem\u00e1s de los planes del Gobierno para la econom\u00eda espa\u00f1ola\u201d, a\u00f1adi\u00f3 Berceruelo.<\/p>\n<p style=\"text-align: justify;\">Preguntado por si las empresas espa\u00f1olas son interesantes en este momento para la inversi\u00f3n extranjera, afirm\u00f3 que \u201cel panorama es bastante atractivo porque los inversores internacionales siguen teniendo inter\u00e9s en la bolsa espa\u00f1ola y las compa\u00f1\u00edas est\u00e1n razonablemente bien\u201d.<\/p>\n<p style=\"text-align: justify;\">Adem\u00e1s, indic\u00f3 que \u201cla situaci\u00f3n de incertidumbre y de crisis afecta a todos los mercados mundiales, por lo que la bolsa espa\u00f1ola est\u00e1 como el resto de las europeas, afectada por la gran incertidumbre global\u201d.<\/p>\n<p style=\"text-align: justify;\">Entre los factores que contribuyen a esta incertidumbre, Berceruelo se refiri\u00f3 a las inc\u00f3gnitas sobre el \u2018Brexit\u2019, el proteccionismo estadounidense, la tendencia a la ruptura de las libertades del comercio mundial, la guerra comercial entre China y Estados Unidos y la desaceleraci\u00f3n econ\u00f3mica en muchos pa\u00edses.<\/p>\n<p style=\"text-align: justify;\">En este contexto, valor\u00f3 que Espa\u00f1a continu\u00f3 creciendo en 2018 y que las compa\u00f1\u00edas espa\u00f1olas cotizadas en bolsa crecieron por encima del 4% con rentabilidades por dividendo bastante buenas.<\/p>\n<p style=\"text-align: justify;\">El Spain Investors Day, evento organizado por Estudio de Comunicaci\u00f3n, cuenta con BNP Paribas como socio estrat\u00e9gico y el patrocinio de firmas internacionales como Grant Thornton y AON. Tambi\u00e9n apoyan el encuentro Cecabank, Prisa, BME y el ICEX.<\/p>\n<p>(Foto: 20Minutos)<\/p>\n<\/div>\n","protected":false},"excerpt":{"rendered":"<p>La ministra para Transici\u00f3n Ecol\u00f3gica, Teresa Ribera, se encargar\u00e1 de inaugurar la novena edici\u00f3n del Spain Investors Day (SID), evento que reunir\u00e1 en Madrid a 150 inversores internacionales los pr\u00f3ximos 15 y 16 de enero y que clausurar\u00e1 la ministra de Econom\u00eda y Empresa, Nadia Calvi\u00f1o. As\u00ed lo explic\u00f3 en una entrevista a Servimedia el&hellip; <a class=\"more-link\" href=\"https:\/\/www.spaininvestorsday.com\/en\/teresa-ribera-inaugurara-el-spain-investors-day-evento-que-cerrara-nadia-calvino\/\">Continue reading <span class=\"screen-reader-text\">Teresa Ribera inaugurar\u00e1 el Spain Investors Day, evento que cerrar\u00e1 Nadia Calvi\u00f1o<\/span><\/a><\/p>\n","protected":false},"author":1,"featured_media":5197,"comment_status":"open","ping_status":"open","sticky":false,"template":"","format":"standard","meta":{"inline_featured_image":false,"footnotes":""},"categories":[6,7,8],"tags":[],"class_list":["post-5178","post","type-post","status-publish","format-standard","has-post-thumbnail","hentry","category-6","category-notas-de-prensa","category-sala-de-prensa","entry"],"yoast_head":"<!-- This site is optimized with the Yoast SEO plugin v26.6 - https:\/\/yoast.com\/wordpress\/plugins\/seo\/ -->\n<title>Teresa Ribera inaugurar\u00e1 el Spain Investors Day, evento que cerrar\u00e1 Nadia Calvi\u00f1o - Spain Investors Day<\/title>\n<meta name=\"robots\" content=\"index, follow, max-snippet:-1, max-image-preview:large, max-video-preview:-1\" \/>\n<link rel=\"canonical\" href=\"https:\/\/www.spaininvestorsday.com\/teresa-ribera-inaugurara-el-spain-investors-day-evento-que-cerrara-nadia-calvino\/\" \/>\n<meta property=\"og:locale\" content=\"en_US\" \/>\n<meta property=\"og:type\" content=\"article\" \/>\n<meta property=\"og:title\" content=\"Teresa Ribera inaugurar\u00e1 el Spain Investors Day, evento que cerrar\u00e1 Nadia Calvi\u00f1o - Spain Investors Day\" \/>\n<meta property=\"og:description\" content=\"La ministra para Transici\u00f3n Ecol\u00f3gica, Teresa Ribera, se encargar\u00e1 de inaugurar la novena edici\u00f3n del Spain Investors Day (SID), evento que reunir\u00e1 en Madrid a 150 inversores internacionales los pr\u00f3ximos 15 y 16 de enero y que clausurar\u00e1 la ministra de Econom\u00eda y Empresa, Nadia Calvi\u00f1o. As\u00ed lo explic\u00f3 en una entrevista a Servimedia el&hellip; Continue reading Teresa Ribera inaugurar\u00e1 el Spain Investors Day, evento que cerrar\u00e1 Nadia Calvi\u00f1o\" \/>\n<meta property=\"og:url\" content=\"https:\/\/www.spaininvestorsday.com\/teresa-ribera-inaugurara-el-spain-investors-day-evento-que-cerrara-nadia-calvino\/\" \/>\n<meta property=\"og:site_name\" content=\"Spain Investors Day\" \/>\n<meta property=\"article:published_time\" content=\"2019-01-08T09:00:47+00:00\" \/>\n<meta property=\"article:modified_time\" content=\"2021-12-03T12:37:04+00:00\" \/>\n<meta name=\"author\" content=\"EDC-_admin\" \/>\n<meta name=\"twitter:card\" content=\"summary_large_image\" \/>\n<meta name=\"twitter:label1\" content=\"Written by\" \/>\n\t<meta name=\"twitter:data1\" content=\"EDC-_admin\" \/>\n\t<meta name=\"twitter:label2\" content=\"Est. reading time\" \/>\n\t<meta name=\"twitter:data2\" content=\"2 minutes\" \/>\n<script type=\"application\/ld+json\" class=\"yoast-schema-graph\">{\"@context\":\"https:\/\/schema.org\",\"@graph\":[{\"@type\":\"Article\",\"@id\":\"https:\/\/www.spaininvestorsday.com\/teresa-ribera-inaugurara-el-spain-investors-day-evento-que-cerrara-nadia-calvino\/#article\",\"isPartOf\":{\"@id\":\"https:\/\/www.spaininvestorsday.com\/teresa-ribera-inaugurara-el-spain-investors-day-evento-que-cerrara-nadia-calvino\/\"},\"author\":{\"name\":\"EDC-_admin\",\"@id\":\"https:\/\/www.spaininvestorsday.com\/#\/schema\/person\/ae10ee2f725c6fbf823e03329aceaef4\"},\"headline\":\"Teresa Ribera inaugurar\u00e1 el Spain Investors Day, evento que cerrar\u00e1 Nadia Calvi\u00f1o\",\"datePublished\":\"2019-01-08T09:00:47+00:00\",\"dateModified\":\"2021-12-03T12:37:04+00:00\",\"mainEntityOfPage\":{\"@id\":\"https:\/\/www.spaininvestorsday.com\/teresa-ribera-inaugurara-el-spain-investors-day-evento-que-cerrara-nadia-calvino\/\"},\"wordCount\":460,\"commentCount\":0,\"publisher\":{\"@id\":\"https:\/\/www.spaininvestorsday.com\/#organization\"},\"image\":{\"@id\":\"https:\/\/www.spaininvestorsday.com\/teresa-ribera-inaugurara-el-spain-investors-day-evento-que-cerrara-nadia-calvino\/#primaryimage\"},\"thumbnailUrl\":\"\",\"articleSection\":[\"2019\",\"Notas de Prensa\",\"Sala de Prensa\"],\"inLanguage\":\"en-US\",\"potentialAction\":[{\"@type\":\"CommentAction\",\"name\":\"Comment\",\"target\":[\"https:\/\/www.spaininvestorsday.com\/teresa-ribera-inaugurara-el-spain-investors-day-evento-que-cerrara-nadia-calvino\/#respond\"]}]},{\"@type\":\"WebPage\",\"@id\":\"https:\/\/www.spaininvestorsday.com\/teresa-ribera-inaugurara-el-spain-investors-day-evento-que-cerrara-nadia-calvino\/\",\"url\":\"https:\/\/www.spaininvestorsday.com\/teresa-ribera-inaugurara-el-spain-investors-day-evento-que-cerrara-nadia-calvino\/\",\"name\":\"Teresa Ribera inaugurar\u00e1 el Spain Investors Day, evento que cerrar\u00e1 Nadia Calvi\u00f1o - Spain Investors Day\",\"isPartOf\":{\"@id\":\"https:\/\/www.spaininvestorsday.com\/#website\"},\"primaryImageOfPage\":{\"@id\":\"https:\/\/www.spaininvestorsday.com\/teresa-ribera-inaugurara-el-spain-investors-day-evento-que-cerrara-nadia-calvino\/#primaryimage\"},\"image\":{\"@id\":\"https:\/\/www.spaininvestorsday.com\/teresa-ribera-inaugurara-el-spain-investors-day-evento-que-cerrara-nadia-calvino\/#primaryimage\"},\"thumbnailUrl\":\"\",\"datePublished\":\"2019-01-08T09:00:47+00:00\",\"dateModified\":\"2021-12-03T12:37:04+00:00\",\"breadcrumb\":{\"@id\":\"https:\/\/www.spaininvestorsday.com\/teresa-ribera-inaugurara-el-spain-investors-day-evento-que-cerrara-nadia-calvino\/#breadcrumb\"},\"inLanguage\":\"en-US\",\"potentialAction\":[{\"@type\":\"ReadAction\",\"target\":[\"https:\/\/www.spaininvestorsday.com\/teresa-ribera-inaugurara-el-spain-investors-day-evento-que-cerrara-nadia-calvino\/\"]}]},{\"@type\":\"ImageObject\",\"inLanguage\":\"en-US\",\"@id\":\"https:\/\/www.spaininvestorsday.com\/teresa-ribera-inaugurara-el-spain-investors-day-evento-que-cerrara-nadia-calvino\/#primaryimage\",\"url\":\"\",\"contentUrl\":\"\"},{\"@type\":\"BreadcrumbList\",\"@id\":\"https:\/\/www.spaininvestorsday.com\/teresa-ribera-inaugurara-el-spain-investors-day-evento-que-cerrara-nadia-calvino\/#breadcrumb\",\"itemListElement\":[{\"@type\":\"ListItem\",\"position\":1,\"name\":\"Portada\",\"item\":\"https:\/\/www.spaininvestorsday.com\/\"},{\"@type\":\"ListItem\",\"position\":2,\"name\":\"Teresa Ribera inaugurar\u00e1 el Spain Investors Day, evento que cerrar\u00e1 Nadia Calvi\u00f1o\"}]},{\"@type\":\"WebSite\",\"@id\":\"https:\/\/www.spaininvestorsday.com\/#website\",\"url\":\"https:\/\/www.spaininvestorsday.com\/\",\"name\":\"Spain Investors Day\",\"description\":\"El foro profesional \u00fanico en Espa\u00f1a\",\"publisher\":{\"@id\":\"https:\/\/www.spaininvestorsday.com\/#organization\"},\"potentialAction\":[{\"@type\":\"SearchAction\",\"target\":{\"@type\":\"EntryPoint\",\"urlTemplate\":\"https:\/\/www.spaininvestorsday.com\/?s={search_term_string}\"},\"query-input\":{\"@type\":\"PropertyValueSpecification\",\"valueRequired\":true,\"valueName\":\"search_term_string\"}}],\"inLanguage\":\"en-US\"},{\"@type\":\"Organization\",\"@id\":\"https:\/\/www.spaininvestorsday.com\/#organization\",\"name\":\"Spain Investors Day\",\"url\":\"https:\/\/www.spaininvestorsday.com\/\",\"logo\":{\"@type\":\"ImageObject\",\"inLanguage\":\"en-US\",\"@id\":\"https:\/\/www.spaininvestorsday.com\/#\/schema\/logo\/image\/\",\"url\":\"https:\/\/www.spaininvestorsday.com\/wp-content\/uploads\/2021\/10\/SID-2021.svg\",\"contentUrl\":\"https:\/\/www.spaininvestorsday.com\/wp-content\/uploads\/2021\/10\/SID-2021.svg\",\"width\":199,\"height\":79,\"caption\":\"Spain Investors Day\"},\"image\":{\"@id\":\"https:\/\/www.spaininvestorsday.com\/#\/schema\/logo\/image\/\"}},{\"@type\":\"Person\",\"@id\":\"https:\/\/www.spaininvestorsday.com\/#\/schema\/person\/ae10ee2f725c6fbf823e03329aceaef4\",\"name\":\"EDC-_admin\",\"image\":{\"@type\":\"ImageObject\",\"inLanguage\":\"en-US\",\"@id\":\"https:\/\/www.spaininvestorsday.com\/#\/schema\/person\/image\/\",\"url\":\"https:\/\/secure.gravatar.com\/avatar\/3acb441469ca93d86ed0710c10950b284db14f2d3990c5df87796e9bdf5add89?s=96&d=mm&r=g\",\"contentUrl\":\"https:\/\/secure.gravatar.com\/avatar\/3acb441469ca93d86ed0710c10950b284db14f2d3990c5df87796e9bdf5add89?s=96&d=mm&r=g\",\"caption\":\"EDC-_admin\"},\"sameAs\":[\"https:\/\/www.spaininvestorsday.com\"],\"url\":\"https:\/\/www.spaininvestorsday.com\/en\/author\/edc-_admin\/\"}]}<\/script>\n<!-- \/ Yoast SEO plugin. -->","yoast_head_json":{"title":"Teresa Ribera inaugurar\u00e1 el Spain Investors Day, evento que cerrar\u00e1 Nadia Calvi\u00f1o - Spain Investors Day","robots":{"index":"index","follow":"follow","max-snippet":"max-snippet:-1","max-image-preview":"max-image-preview:large","max-video-preview":"max-video-preview:-1"},"canonical":"https:\/\/www.spaininvestorsday.com\/teresa-ribera-inaugurara-el-spain-investors-day-evento-que-cerrara-nadia-calvino\/","og_locale":"en_US","og_type":"article","og_title":"Teresa Ribera inaugurar\u00e1 el Spain Investors Day, evento que cerrar\u00e1 Nadia Calvi\u00f1o - Spain Investors Day","og_description":"La ministra para Transici\u00f3n Ecol\u00f3gica, Teresa Ribera, se encargar\u00e1 de inaugurar la novena edici\u00f3n del Spain Investors Day (SID), evento que reunir\u00e1 en Madrid a 150 inversores internacionales los pr\u00f3ximos 15 y 16 de enero y que clausurar\u00e1 la ministra de Econom\u00eda y Empresa, Nadia Calvi\u00f1o. As\u00ed lo explic\u00f3 en una entrevista a Servimedia el&hellip; Continue reading Teresa Ribera inaugurar\u00e1 el Spain Investors Day, evento que cerrar\u00e1 Nadia Calvi\u00f1o","og_url":"https:\/\/www.spaininvestorsday.com\/teresa-ribera-inaugurara-el-spain-investors-day-evento-que-cerrara-nadia-calvino\/","og_site_name":"Spain Investors Day","article_published_time":"2019-01-08T09:00:47+00:00","article_modified_time":"2021-12-03T12:37:04+00:00","author":"EDC-_admin","twitter_card":"summary_large_image","twitter_misc":{"Written by":"EDC-_admin","Est. reading time":"2 minutes"},"schema":{"@context":"https:\/\/schema.org","@graph":[{"@type":"Article","@id":"https:\/\/www.spaininvestorsday.com\/teresa-ribera-inaugurara-el-spain-investors-day-evento-que-cerrara-nadia-calvino\/#article","isPartOf":{"@id":"https:\/\/www.spaininvestorsday.com\/teresa-ribera-inaugurara-el-spain-investors-day-evento-que-cerrara-nadia-calvino\/"},"author":{"name":"EDC-_admin","@id":"https:\/\/www.spaininvestorsday.com\/#\/schema\/person\/ae10ee2f725c6fbf823e03329aceaef4"},"headline":"Teresa Ribera inaugurar\u00e1 el Spain Investors Day, evento que cerrar\u00e1 Nadia Calvi\u00f1o","datePublished":"2019-01-08T09:00:47+00:00","dateModified":"2021-12-03T12:37:04+00:00","mainEntityOfPage":{"@id":"https:\/\/www.spaininvestorsday.com\/teresa-ribera-inaugurara-el-spain-investors-day-evento-que-cerrara-nadia-calvino\/"},"wordCount":460,"commentCount":0,"publisher":{"@id":"https:\/\/www.spaininvestorsday.com\/#organization"},"image":{"@id":"https:\/\/www.spaininvestorsday.com\/teresa-ribera-inaugurara-el-spain-investors-day-evento-que-cerrara-nadia-calvino\/#primaryimage"},"thumbnailUrl":"","articleSection":["2019","Notas de Prensa","Sala de Prensa"],"inLanguage":"en-US","potentialAction":[{"@type":"CommentAction","name":"Comment","target":["https:\/\/www.spaininvestorsday.com\/teresa-ribera-inaugurara-el-spain-investors-day-evento-que-cerrara-nadia-calvino\/#respond"]}]},{"@type":"WebPage","@id":"https:\/\/www.spaininvestorsday.com\/teresa-ribera-inaugurara-el-spain-investors-day-evento-que-cerrara-nadia-calvino\/","url":"https:\/\/www.spaininvestorsday.com\/teresa-ribera-inaugurara-el-spain-investors-day-evento-que-cerrara-nadia-calvino\/","name":"Teresa Ribera inaugurar\u00e1 el Spain Investors Day, evento que cerrar\u00e1 Nadia Calvi\u00f1o - Spain Investors Day","isPartOf":{"@id":"https:\/\/www.spaininvestorsday.com\/#website"},"primaryImageOfPage":{"@id":"https:\/\/www.spaininvestorsday.com\/teresa-ribera-inaugurara-el-spain-investors-day-evento-que-cerrara-nadia-calvino\/#primaryimage"},"image":{"@id":"https:\/\/www.spaininvestorsday.com\/teresa-ribera-inaugurara-el-spain-investors-day-evento-que-cerrara-nadia-calvino\/#primaryimage"},"thumbnailUrl":"","datePublished":"2019-01-08T09:00:47+00:00","dateModified":"2021-12-03T12:37:04+00:00","breadcrumb":{"@id":"https:\/\/www.spaininvestorsday.com\/teresa-ribera-inaugurara-el-spain-investors-day-evento-que-cerrara-nadia-calvino\/#breadcrumb"},"inLanguage":"en-US","potentialAction":[{"@type":"ReadAction","target":["https:\/\/www.spaininvestorsday.com\/teresa-ribera-inaugurara-el-spain-investors-day-evento-que-cerrara-nadia-calvino\/"]}]},{"@type":"ImageObject","inLanguage":"en-US","@id":"https:\/\/www.spaininvestorsday.com\/teresa-ribera-inaugurara-el-spain-investors-day-evento-que-cerrara-nadia-calvino\/#primaryimage","url":"","contentUrl":""},{"@type":"BreadcrumbList","@id":"https:\/\/www.spaininvestorsday.com\/teresa-ribera-inaugurara-el-spain-investors-day-evento-que-cerrara-nadia-calvino\/#breadcrumb","itemListElement":[{"@type":"ListItem","position":1,"name":"Portada","item":"https:\/\/www.spaininvestorsday.com\/"},{"@type":"ListItem","position":2,"name":"Teresa Ribera inaugurar\u00e1 el Spain Investors Day, evento que cerrar\u00e1 Nadia Calvi\u00f1o"}]},{"@type":"WebSite","@id":"https:\/\/www.spaininvestorsday.com\/#website","url":"https:\/\/www.spaininvestorsday.com\/","name":"Spain Investors Day","description":"El foro profesional \u00fanico en Espa\u00f1a","publisher":{"@id":"https:\/\/www.spaininvestorsday.com\/#organization"},"potentialAction":[{"@type":"SearchAction","target":{"@type":"EntryPoint","urlTemplate":"https:\/\/www.spaininvestorsday.com\/?s={search_term_string}"},"query-input":{"@type":"PropertyValueSpecification","valueRequired":true,"valueName":"search_term_string"}}],"inLanguage":"en-US"},{"@type":"Organization","@id":"https:\/\/www.spaininvestorsday.com\/#organization","name":"Spain Investors Day","url":"https:\/\/www.spaininvestorsday.com\/","logo":{"@type":"ImageObject","inLanguage":"en-US","@id":"https:\/\/www.spaininvestorsday.com\/#\/schema\/logo\/image\/","url":"https:\/\/www.spaininvestorsday.com\/wp-content\/uploads\/2021\/10\/SID-2021.svg","contentUrl":"https:\/\/www.spaininvestorsday.com\/wp-content\/uploads\/2021\/10\/SID-2021.svg","width":199,"height":79,"caption":"Spain Investors Day"},"image":{"@id":"https:\/\/www.spaininvestorsday.com\/#\/schema\/logo\/image\/"}},{"@type":"Person","@id":"https:\/\/www.spaininvestorsday.com\/#\/schema\/person\/ae10ee2f725c6fbf823e03329aceaef4","name":"EDC-_admin","image":{"@type":"ImageObject","inLanguage":"en-US","@id":"https:\/\/www.spaininvestorsday.com\/#\/schema\/person\/image\/","url":"https:\/\/secure.gravatar.com\/avatar\/3acb441469ca93d86ed0710c10950b284db14f2d3990c5df87796e9bdf5add89?s=96&d=mm&r=g","contentUrl":"https:\/\/secure.gravatar.com\/avatar\/3acb441469ca93d86ed0710c10950b284db14f2d3990c5df87796e9bdf5add89?s=96&d=mm&r=g","caption":"EDC-_admin"},"sameAs":["https:\/\/www.spaininvestorsday.com"],"url":"https:\/\/www.spaininvestorsday.com\/en\/author\/edc-_admin\/"}]}},"_links":{"self":[{"href":"https:\/\/www.spaininvestorsday.com\/en\/wp-json\/wp\/v2\/posts\/5178","targetHints":{"allow":["GET"]}}],"collection":[{"href":"https:\/\/www.spaininvestorsday.com\/en\/wp-json\/wp\/v2\/posts"}],"about":[{"href":"https:\/\/www.spaininvestorsday.com\/en\/wp-json\/wp\/v2\/types\/post"}],"author":[{"embeddable":true,"href":"https:\/\/www.spaininvestorsday.com\/en\/wp-json\/wp\/v2\/users\/1"}],"replies":[{"embeddable":true,"href":"https:\/\/www.spaininvestorsday.com\/en\/wp-json\/wp\/v2\/comments?post=5178"}],"version-history":[{"count":1,"href":"https:\/\/www.spaininvestorsday.com\/en\/wp-json\/wp\/v2\/posts\/5178\/revisions"}],"predecessor-version":[{"id":7386,"href":"https:\/\/www.spaininvestorsday.com\/en\/wp-json\/wp\/v2\/posts\/5178\/revisions\/7386"}],"wp:featuredmedia":[{"embeddable":true,"href":"https:\/\/www.spaininvestorsday.com\/en\/wp-json\/"}],"wp:attachment":[{"href":"https:\/\/www.spaininvestorsday.com\/en\/wp-json\/wp\/v2\/media?parent=5178"}],"wp:term":[{"taxonomy":"category","embeddable":true,"href":"https:\/\/www.spaininvestorsday.com\/en\/wp-json\/wp\/v2\/categories?post=5178"},{"taxonomy":"post_tag","embeddable":true,"href":"https:\/\/www.spaininvestorsday.com\/en\/wp-json\/wp\/v2\/tags?post=5178"}],"curies":[{"name":"wp","href":"https:\/\/api.w.org\/{rel}","templated":true}]}}