{"id":22258,"date":"2025-01-10T13:27:00","date_gmt":"2025-01-10T13:27:00","guid":{"rendered":"https:\/\/www.spaininvestorsday.com\/?p=22258"},"modified":"2025-01-10T13:27:00","modified_gmt":"2025-01-10T13:27:00","slug":"s-m-el-rey-inaugurara-la-xv-edicion-del-spain-investors-day","status":"publish","type":"post","link":"https:\/\/www.spaininvestorsday.com\/en\/s-m-el-rey-inaugurara-la-xv-edicion-del-spain-investors-day\/","title":{"rendered":"S.M. EL REY\u202fINAUGURAR\u00c1 LA XV EDICI\u00d3N DEL\u202fSPAIN INVESTORS DAY"},"content":{"rendered":"<p><span data-contrast=\"auto\">En el acto de inauguraci\u00f3n intervendr\u00e1n el vicepresidente del Banco Central Europeo, Luis de Guindos, el ministro de Industria, Comercio y Turismo, Jordi Hereu, y el alcalde de Madrid, Jos\u00e9 Luis Mart\u00ednez-Almeida.<\/span><span data-ccp-props=\"{&quot;134233117&quot;:false,&quot;134233118&quot;:false,&quot;201341983&quot;:0,&quot;335551550&quot;:6,&quot;335551620&quot;:6,&quot;335559738&quot;:0,&quot;335559739&quot;:0,&quot;335559740&quot;:240}\">\u00a0<\/span><\/p>\n<p>&nbsp;<\/p>\n<p><b><span data-contrast=\"auto\">S.M. EL REY\u202fINAUGURAR\u00c1 LA XV EDICI\u00d3N DEL\u202f<\/span><\/b><b><i><span data-contrast=\"auto\">SPAIN INVESTORS DAY<\/span><\/i><\/b><span data-ccp-props=\"{&quot;134233117&quot;:false,&quot;134233118&quot;:false,&quot;201341983&quot;:0,&quot;335551550&quot;:2,&quot;335551620&quot;:2,&quot;335559738&quot;:0,&quot;335559739&quot;:0,&quot;335559740&quot;:240}\">\u00a0<\/span><\/p>\n<p><b><span data-contrast=\"auto\">Madrid, 10\/01\/2025.- <\/span><\/b><span data-contrast=\"auto\">Don Felipe presidir\u00e1 la inauguraci\u00f3n de la XV edici\u00f3n del foro<\/span><i><span data-contrast=\"auto\">\u202fSpain Investors Day<\/span><\/i><span data-contrast=\"auto\">\u202f(SID), que se celebrar\u00e1 los d\u00edas 15 y 16 de enero en Madrid. En el acto de inauguraci\u00f3n intervendr\u00e1n el vicepresidente del Banco Central Europeo, Luis de Guindos; el ministro de Industria, Comercio y Turismo, Jordi Hereu, y el alcalde de Madrid, Jos\u00e9 Luis Mart\u00ednez-Almeida.<\/span><span data-ccp-props=\"{&quot;201341983&quot;:0,&quot;335551550&quot;:6,&quot;335551620&quot;:6,&quot;335559738&quot;:240,&quot;335559739&quot;:120,&quot;335559740&quot;:264}\">\u00a0<\/span><\/p>\n<p><span data-contrast=\"auto\">El Foro reunir\u00e1 a los principales actores de la econom\u00eda espa\u00f1ola, entre ellos, miembros del equipo econ\u00f3mico del Gobierno, organismos reguladores, grandes empresas e inversores internacionales. M\u00e1s de 40 empresas cotizadas, 75 ponentes y m\u00e1s de 200 inversores nacionales e internacionales participar\u00e1n en 10 Mesas Redondas de diversas tem\u00e1ticas, en las que se analizar\u00e1n las fortalezas y desaf\u00edos de la actividad econ\u00f3mica de nuestro pa\u00eds en un contexto global complejo.<\/span><span data-ccp-props=\"{&quot;201341983&quot;:0,&quot;335551550&quot;:6,&quot;335551620&quot;:6,&quot;335559738&quot;:240,&quot;335559739&quot;:120,&quot;335559740&quot;:264}\">\u00a0<\/span><\/p>\n<p><span data-contrast=\"auto\">En esta edici\u00f3n, los inversores institucionales que participan mantendr\u00e1n encuentros\u202f<\/span><i><span data-contrast=\"auto\">one-to-one<\/span><\/i><span data-contrast=\"auto\">\u202fcon empresas de sectores como el energ\u00e9tico, el financiero, el tur\u00edstico, el tecnol\u00f3gico, el de movilidad, el inmobiliario y el de las infraestructuras, entre otros.<\/span><span data-ccp-props=\"{&quot;201341983&quot;:0,&quot;335551550&quot;:6,&quot;335551620&quot;:6,&quot;335559738&quot;:240,&quot;335559739&quot;:120,&quot;335559740&quot;:264}\">\u00a0<\/span><\/p>\n<p><b><span data-contrast=\"auto\">Representaci\u00f3n gubernamental y reguladora<\/span><\/b><span data-ccp-props=\"{&quot;201341983&quot;:0,&quot;335551550&quot;:6,&quot;335551620&quot;:6,&quot;335559738&quot;:240,&quot;335559739&quot;:120,&quot;335559740&quot;:264}\">\u00a0<\/span><\/p>\n<p><span data-contrast=\"auto\">El equipo econ\u00f3mico del Gobierno estar\u00e1 presente con la participaci\u00f3n de la <\/span><span data-contrast=\"none\">vicepresidenta tercera del Gobierno y ministra para la Transici\u00f3n Ecol\u00f3gica y el Reto Demogr\u00e1fico<\/span><span data-contrast=\"auto\">, Sara Aagesen; el ministro de Industria, Comercio y Turismo, Jordi Hereu; el ministro de Econom\u00eda, Comercio y Empresa, Carlos Cuerpo; la ministra de Sanidad, M\u00f3nica Garc\u00eda y ministro para la Transformaci\u00f3n Digital y de la Funci\u00f3n P\u00fablica, Oscar L\u00f3pez.<\/span><span data-ccp-props=\"{&quot;201341983&quot;:0,&quot;335551550&quot;:6,&quot;335551620&quot;:6,&quot;335559738&quot;:120,&quot;335559739&quot;:120,&quot;335559740&quot;:264}\">\u00a0<\/span><\/p>\n<p><span data-contrast=\"auto\">El evento tambi\u00e9n contar\u00e1 con el director de la Oficina de Asuntos Econ\u00f3micos y G20, Manuel\u202fde\u202fla\u202fRocha; el secretario de Estado de Transportes y Movilidad Sostenible, Jos\u00e9 Antonio Santano Clavero; la secretaria de Estado de Comercio y presidenta del ICEX, Amparo L\u00f3pez Senovilla; y el presidente de la CNMV, Carlos San Basilio.<\/span><span data-ccp-props=\"{&quot;201341983&quot;:0,&quot;335551550&quot;:6,&quot;335551620&quot;:6,&quot;335559738&quot;:240,&quot;335559739&quot;:120,&quot;335559740&quot;:264}\">\u00a0<\/span><\/p>\n<p><span data-ccp-props=\"{&quot;201341983&quot;:0,&quot;335551550&quot;:6,&quot;335551620&quot;:6,&quot;335559738&quot;:240,&quot;335559739&quot;:120,&quot;335559740&quot;:264}\">\u00a0<\/span><\/p>\n<p><b><span data-contrast=\"auto\">Un foro clave en un contexto complejo<\/span><\/b><span data-ccp-props=\"{&quot;201341983&quot;:0,&quot;335551550&quot;:6,&quot;335551620&quot;:6,&quot;335559738&quot;:120,&quot;335559740&quot;:259}\">\u00a0<\/span><\/p>\n<p><span data-contrast=\"auto\">La XV edici\u00f3n del SID se celebra en\u202fun contexto geopol\u00edtico complejo, con desaf\u00edos como el cumplimiento de los compromisos de gasto en defensa con la OTAN, la lucha contra el d\u00e9ficit de los pa\u00edses europeos, conflictos como las guerras de Ucrania y Gaza y la posible imposici\u00f3n de aranceles por parte de Estados Unidos. A nivel nacional, la polarizaci\u00f3n pol\u00edtica y retos como el desempleo, la productividad y la transici\u00f3n energ\u00e9tica a\u00f1aden presi\u00f3n a la econom\u00eda espa\u00f1ola, que busca consolidar su protagonismo internacional.<\/span><span data-ccp-props=\"{&quot;201341983&quot;:0,&quot;335551550&quot;:6,&quot;335551620&quot;:6,&quot;335559738&quot;:120,&quot;335559740&quot;:259}\">\u00a0<\/span><\/p>\n<p><span data-contrast=\"auto\">Benito Berceruelo, presidente del SID, destaca\u202fel creciente inter\u00e9s de la inversi\u00f3n internacional en Espa\u00f1a, despu\u00e9s de un a\u00f1o en el que nuestro pa\u00eds ha liderado el crecimiento econ\u00f3mico en Europa. En su opini\u00f3n, \u201cla confianza de la inversi\u00f3n internacional en la econom\u00eda espa\u00f1ola es importante y hay muchos grandes inversores que estudian con detalle las oportunidades que ofrece nuestro pa\u00eds. El\u202f<\/span><i><span data-contrast=\"auto\">Spain Investors Day<\/span><\/i><span data-contrast=\"auto\">\u202fse ha consolidado como un evento clave para conectar a empresas espa\u00f1olas con inversores de todo el mundo, facilitando el intercambio de informaci\u00f3n y promoviendo la inversi\u00f3n extranjera en diversos sectores de la econom\u00eda nacional. La participaci\u00f3n de un importante n\u00famero de inversores internacionales, a\u00f1o tras a\u00f1o, subraya la relevancia de Espa\u00f1a en el panorama econ\u00f3mico global y el atractivo de las empresas espa\u00f1olas, que han vuelto a liderar la retribuci\u00f3n por dividendo a sus accionistas en los mercados mundiales\u201d.<\/span><span data-ccp-props=\"{&quot;201341983&quot;:0,&quot;335551550&quot;:6,&quot;335551620&quot;:6,&quot;335559738&quot;:120,&quot;335559740&quot;:259}\">\u00a0<\/span><\/p>\n<p><b><span data-contrast=\"auto\">Mesas redondas y temas clave<\/span><\/b><span data-ccp-props=\"{&quot;201341983&quot;:0,&quot;335551550&quot;:6,&quot;335551620&quot;:6,&quot;335559738&quot;:120,&quot;335559740&quot;:259}\">\u00a0<\/span><\/p>\n<p><span data-contrast=\"auto\">Las Mesas Redondas que tendr\u00e1n lugar los dos d\u00edas del evento abordar\u00e1n cuestiones de actualidad como:\u202f\u201cEstrategia y gesti\u00f3n de los valores ESG en tiempos de transformaci\u00f3n\u201d,\u202f\u201cEl papel de los grandes inversores en el desarrollo de la econom\u00eda espa\u00f1ola\u201d,\u202f\u201cEl escenario econ\u00f3mico espa\u00f1ol\u201d, \u201cTelecomunicaciones y transformaci\u00f3n digital: desaf\u00edos y oportunidades en Espa\u00f1a\u201d, \u201cLa investigaci\u00f3n sanitaria como motor de crecimiento econ\u00f3mico en Espa\u00f1a\u201d, \u201cLas transacciones corporativas en el mercado Espa\u00f1ol\u201d, \u201cPerspectivas de inversi\u00f3n en infraestructuras en Espa\u00f1a\u201d e \u201cInversiones estrat\u00e9gicas: energ\u00eda, transformaci\u00f3n digital y movilidad\u201d.<\/span><span data-ccp-props=\"{&quot;201341983&quot;:0,&quot;335551550&quot;:6,&quot;335551620&quot;:6,&quot;335559738&quot;:120,&quot;335559740&quot;:259}\">\u00a0<\/span><\/p>\n<p><span data-contrast=\"auto\">Madrid tambi\u00e9n ser\u00e1 protagonista del evento, con la Mesa \u201cMadrid, una inversi\u00f3n de valor\u201d, que contar\u00e1 con la participaci\u00f3n de la consejera de Econom\u00eda de la Comunidad de Madrid, Roc\u00edo Albert L\u00f3pez-Ibor, y de destacadas empresas que est\u00e1n realizando inversiones en Madrid.<\/span><span data-ccp-props=\"{&quot;201341983&quot;:0,&quot;335551550&quot;:6,&quot;335551620&quot;:6,&quot;335559738&quot;:120,&quot;335559740&quot;:259}\">\u00a0<\/span><\/p>\n<p><span data-ccp-props=\"{&quot;201341983&quot;:0,&quot;335551550&quot;:6,&quot;335551620&quot;:6,&quot;335559738&quot;:120,&quot;335559740&quot;:259}\">\u00a0<\/span><\/p>\n<p><span data-contrast=\"none\">Los asociados estrat\u00e9gicos que hacen posible el Foro <\/span><i><span data-contrast=\"none\">Spain Investors Day<\/span><\/i><span data-contrast=\"none\"> son BNP PARIBAS y BNP PARIBAS EXANE. El Foro cuenta con el patrocinio de DELOITTE, ENDESA, CECABANK, AON, IAG, BME y PRISA, y el patrocinio acad\u00e9mico de ESADE. Tambi\u00e9n apoyan el encuentro LINKLATERS y EQUIPO ECON\u00d3MICO y las entidades p\u00fablicas ICEX-Invest in Spain, ICO, COFIDES e INVEST in Madrid. <\/span><i><span data-contrast=\"none\">Spain Investors Day<\/span><\/i><span data-contrast=\"none\"> es una empresa de ESTUDIO DE COMUNICACI\u00d3N.\u202f<\/span><\/p>\n","protected":false},"excerpt":{"rendered":"<p>En el acto de inauguraci\u00f3n intervendr\u00e1n el vicepresidente del Banco Central Europeo, Luis de Guindos, el ministro de Industria, Comercio y Turismo, Jordi Hereu, y el alcalde de Madrid, Jos\u00e9 Luis Mart\u00ednez-Almeida.\u00a0 &nbsp; S.M. EL REY\u202fINAUGURAR\u00c1 LA XV EDICI\u00d3N DEL\u202fSPAIN INVESTORS DAY\u00a0 Madrid, 10\/01\/2025.- Don Felipe presidir\u00e1 la inauguraci\u00f3n de la XV edici\u00f3n del foro\u202fSpain&hellip; <a class=\"more-link\" href=\"https:\/\/www.spaininvestorsday.com\/en\/s-m-el-rey-inaugurara-la-xv-edicion-del-spain-investors-day\/\">Continue reading <span class=\"screen-reader-text\">S.M. EL REY\u202fINAUGURAR\u00c1 LA XV EDICI\u00d3N DEL\u202fSPAIN INVESTORS DAY<\/span><\/a><\/p>\n","protected":false},"author":11,"featured_media":22259,"comment_status":"open","ping_status":"open","sticky":false,"template":"","format":"standard","meta":{"inline_featured_image":false,"footnotes":""},"categories":[330,7,318],"tags":[],"class_list":["post-22258","post","type-post","status-publish","format-standard","has-post-thumbnail","hentry","category-330","category-notas-de-prensa","category-portada","entry"],"yoast_head":"<!-- This site is optimized with the Yoast SEO plugin v26.6 - https:\/\/yoast.com\/wordpress\/plugins\/seo\/ -->\n<title>S.M. EL REY\u202fINAUGURAR\u00c1 LA XV EDICI\u00d3N DEL\u202fSPAIN INVESTORS DAY - Spain Investors Day<\/title>\n<meta name=\"robots\" content=\"index, follow, max-snippet:-1, max-image-preview:large, max-video-preview:-1\" \/>\n<link rel=\"canonical\" href=\"https:\/\/www.spaininvestorsday.com\/s-m-el-rey-inaugurara-la-xv-edicion-del-spain-investors-day\/\" \/>\n<meta property=\"og:locale\" content=\"en_US\" \/>\n<meta property=\"og:type\" content=\"article\" \/>\n<meta property=\"og:title\" content=\"S.M. EL REY\u202fINAUGURAR\u00c1 LA XV EDICI\u00d3N DEL\u202fSPAIN INVESTORS DAY - Spain Investors Day\" \/>\n<meta property=\"og:description\" content=\"En el acto de inauguraci\u00f3n intervendr\u00e1n el vicepresidente del Banco Central Europeo, Luis de Guindos, el ministro de Industria, Comercio y Turismo, Jordi Hereu, y el alcalde de Madrid, Jos\u00e9 Luis Mart\u00ednez-Almeida.\u00a0 &nbsp; S.M. EL REY\u202fINAUGURAR\u00c1 LA XV EDICI\u00d3N DEL\u202fSPAIN INVESTORS DAY\u00a0 Madrid, 10\/01\/2025.- Don Felipe presidir\u00e1 la inauguraci\u00f3n de la XV edici\u00f3n del foro\u202fSpain&hellip; Continue reading S.M. EL REY\u202fINAUGURAR\u00c1 LA XV EDICI\u00d3N DEL\u202fSPAIN INVESTORS DAY\" \/>\n<meta property=\"og:url\" content=\"https:\/\/www.spaininvestorsday.com\/s-m-el-rey-inaugurara-la-xv-edicion-del-spain-investors-day\/\" \/>\n<meta property=\"og:site_name\" content=\"Spain Investors Day\" \/>\n<meta property=\"article:published_time\" content=\"2025-01-10T13:27:00+00:00\" \/>\n<meta property=\"og:image\" content=\"https:\/\/www.spaininvestorsday.com\/wp-content\/uploads\/2025\/01\/8cbb8462-4afb-6dc1-9fe5-6d5665e9b7f8-scaled.jpg\" \/>\n\t<meta property=\"og:image:width\" content=\"2560\" \/>\n\t<meta property=\"og:image:height\" content=\"1246\" \/>\n\t<meta property=\"og:image:type\" content=\"image\/jpeg\" \/>\n<meta name=\"author\" content=\"Maria Elena Irausqu\u00edn\" \/>\n<meta name=\"twitter:card\" content=\"summary_large_image\" \/>\n<meta name=\"twitter:label1\" content=\"Written by\" \/>\n\t<meta name=\"twitter:data1\" content=\"Maria Elena Irausqu\u00edn\" \/>\n\t<meta name=\"twitter:label2\" content=\"Est. reading time\" \/>\n\t<meta name=\"twitter:data2\" content=\"4 minutes\" \/>\n<script type=\"application\/ld+json\" class=\"yoast-schema-graph\">{\"@context\":\"https:\/\/schema.org\",\"@graph\":[{\"@type\":\"Article\",\"@id\":\"https:\/\/www.spaininvestorsday.com\/s-m-el-rey-inaugurara-la-xv-edicion-del-spain-investors-day\/#article\",\"isPartOf\":{\"@id\":\"https:\/\/www.spaininvestorsday.com\/s-m-el-rey-inaugurara-la-xv-edicion-del-spain-investors-day\/\"},\"author\":{\"name\":\"Maria Elena Irausqu\u00edn\",\"@id\":\"https:\/\/www.spaininvestorsday.com\/#\/schema\/person\/04394fe175146abf7b9b03d0a886e942\"},\"headline\":\"S.M. EL REY\u202fINAUGURAR\u00c1 LA XV EDICI\u00d3N DEL\u202fSPAIN INVESTORS DAY\",\"datePublished\":\"2025-01-10T13:27:00+00:00\",\"mainEntityOfPage\":{\"@id\":\"https:\/\/www.spaininvestorsday.com\/s-m-el-rey-inaugurara-la-xv-edicion-del-spain-investors-day\/\"},\"wordCount\":894,\"commentCount\":0,\"publisher\":{\"@id\":\"https:\/\/www.spaininvestorsday.com\/#organization\"},\"image\":{\"@id\":\"https:\/\/www.spaininvestorsday.com\/s-m-el-rey-inaugurara-la-xv-edicion-del-spain-investors-day\/#primaryimage\"},\"thumbnailUrl\":\"https:\/\/www.spaininvestorsday.com\/wp-content\/uploads\/2025\/01\/8cbb8462-4afb-6dc1-9fe5-6d5665e9b7f8-scaled.jpg\",\"articleSection\":[\"2025\",\"Notas de Prensa\",\"Portada\"],\"inLanguage\":\"en-US\",\"potentialAction\":[{\"@type\":\"CommentAction\",\"name\":\"Comment\",\"target\":[\"https:\/\/www.spaininvestorsday.com\/s-m-el-rey-inaugurara-la-xv-edicion-del-spain-investors-day\/#respond\"]}]},{\"@type\":\"WebPage\",\"@id\":\"https:\/\/www.spaininvestorsday.com\/s-m-el-rey-inaugurara-la-xv-edicion-del-spain-investors-day\/\",\"url\":\"https:\/\/www.spaininvestorsday.com\/s-m-el-rey-inaugurara-la-xv-edicion-del-spain-investors-day\/\",\"name\":\"S.M. EL REY\u202fINAUGURAR\u00c1 LA XV EDICI\u00d3N DEL\u202fSPAIN INVESTORS DAY - Spain Investors Day\",\"isPartOf\":{\"@id\":\"https:\/\/www.spaininvestorsday.com\/#website\"},\"primaryImageOfPage\":{\"@id\":\"https:\/\/www.spaininvestorsday.com\/s-m-el-rey-inaugurara-la-xv-edicion-del-spain-investors-day\/#primaryimage\"},\"image\":{\"@id\":\"https:\/\/www.spaininvestorsday.com\/s-m-el-rey-inaugurara-la-xv-edicion-del-spain-investors-day\/#primaryimage\"},\"thumbnailUrl\":\"https:\/\/www.spaininvestorsday.com\/wp-content\/uploads\/2025\/01\/8cbb8462-4afb-6dc1-9fe5-6d5665e9b7f8-scaled.jpg\",\"datePublished\":\"2025-01-10T13:27:00+00:00\",\"breadcrumb\":{\"@id\":\"https:\/\/www.spaininvestorsday.com\/s-m-el-rey-inaugurara-la-xv-edicion-del-spain-investors-day\/#breadcrumb\"},\"inLanguage\":\"en-US\",\"potentialAction\":[{\"@type\":\"ReadAction\",\"target\":[\"https:\/\/www.spaininvestorsday.com\/s-m-el-rey-inaugurara-la-xv-edicion-del-spain-investors-day\/\"]}]},{\"@type\":\"ImageObject\",\"inLanguage\":\"en-US\",\"@id\":\"https:\/\/www.spaininvestorsday.com\/s-m-el-rey-inaugurara-la-xv-edicion-del-spain-investors-day\/#primaryimage\",\"url\":\"https:\/\/www.spaininvestorsday.com\/wp-content\/uploads\/2025\/01\/8cbb8462-4afb-6dc1-9fe5-6d5665e9b7f8-scaled.jpg\",\"contentUrl\":\"https:\/\/www.spaininvestorsday.com\/wp-content\/uploads\/2025\/01\/8cbb8462-4afb-6dc1-9fe5-6d5665e9b7f8-scaled.jpg\",\"width\":2560,\"height\":1246},{\"@type\":\"BreadcrumbList\",\"@id\":\"https:\/\/www.spaininvestorsday.com\/s-m-el-rey-inaugurara-la-xv-edicion-del-spain-investors-day\/#breadcrumb\",\"itemListElement\":[{\"@type\":\"ListItem\",\"position\":1,\"name\":\"Portada\",\"item\":\"https:\/\/www.spaininvestorsday.com\/\"},{\"@type\":\"ListItem\",\"position\":2,\"name\":\"S.M. EL REY\u202fINAUGURAR\u00c1 LA XV EDICI\u00d3N DEL\u202fSPAIN INVESTORS DAY\"}]},{\"@type\":\"WebSite\",\"@id\":\"https:\/\/www.spaininvestorsday.com\/#website\",\"url\":\"https:\/\/www.spaininvestorsday.com\/\",\"name\":\"Spain Investors Day\",\"description\":\"El foro profesional \u00fanico en Espa\u00f1a\",\"publisher\":{\"@id\":\"https:\/\/www.spaininvestorsday.com\/#organization\"},\"potentialAction\":[{\"@type\":\"SearchAction\",\"target\":{\"@type\":\"EntryPoint\",\"urlTemplate\":\"https:\/\/www.spaininvestorsday.com\/?s={search_term_string}\"},\"query-input\":{\"@type\":\"PropertyValueSpecification\",\"valueRequired\":true,\"valueName\":\"search_term_string\"}}],\"inLanguage\":\"en-US\"},{\"@type\":\"Organization\",\"@id\":\"https:\/\/www.spaininvestorsday.com\/#organization\",\"name\":\"Spain Investors Day\",\"url\":\"https:\/\/www.spaininvestorsday.com\/\",\"logo\":{\"@type\":\"ImageObject\",\"inLanguage\":\"en-US\",\"@id\":\"https:\/\/www.spaininvestorsday.com\/#\/schema\/logo\/image\/\",\"url\":\"https:\/\/www.spaininvestorsday.com\/wp-content\/uploads\/2021\/10\/SID-2021.svg\",\"contentUrl\":\"https:\/\/www.spaininvestorsday.com\/wp-content\/uploads\/2021\/10\/SID-2021.svg\",\"width\":199,\"height\":79,\"caption\":\"Spain Investors Day\"},\"image\":{\"@id\":\"https:\/\/www.spaininvestorsday.com\/#\/schema\/logo\/image\/\"}},{\"@type\":\"Person\",\"@id\":\"https:\/\/www.spaininvestorsday.com\/#\/schema\/person\/04394fe175146abf7b9b03d0a886e942\",\"name\":\"Maria Elena Irausqu\u00edn\",\"image\":{\"@type\":\"ImageObject\",\"inLanguage\":\"en-US\",\"@id\":\"https:\/\/www.spaininvestorsday.com\/#\/schema\/person\/image\/\",\"url\":\"https:\/\/secure.gravatar.com\/avatar\/cf746aad5e83755b07dd36bf640130eb2d1675877e6ab7d6fe69e8e1de80ce06?s=96&d=mm&r=g\",\"contentUrl\":\"https:\/\/secure.gravatar.com\/avatar\/cf746aad5e83755b07dd36bf640130eb2d1675877e6ab7d6fe69e8e1de80ce06?s=96&d=mm&r=g\",\"caption\":\"Maria Elena Irausqu\u00edn\"},\"url\":\"https:\/\/www.spaininvestorsday.com\/en\/author\/mirausquin\/\"}]}<\/script>\n<!-- \/ Yoast SEO plugin. -->","yoast_head_json":{"title":"S.M. EL REY\u202fINAUGURAR\u00c1 LA XV EDICI\u00d3N DEL\u202fSPAIN INVESTORS DAY - Spain Investors Day","robots":{"index":"index","follow":"follow","max-snippet":"max-snippet:-1","max-image-preview":"max-image-preview:large","max-video-preview":"max-video-preview:-1"},"canonical":"https:\/\/www.spaininvestorsday.com\/s-m-el-rey-inaugurara-la-xv-edicion-del-spain-investors-day\/","og_locale":"en_US","og_type":"article","og_title":"S.M. EL REY\u202fINAUGURAR\u00c1 LA XV EDICI\u00d3N DEL\u202fSPAIN INVESTORS DAY - Spain Investors Day","og_description":"En el acto de inauguraci\u00f3n intervendr\u00e1n el vicepresidente del Banco Central Europeo, Luis de Guindos, el ministro de Industria, Comercio y Turismo, Jordi Hereu, y el alcalde de Madrid, Jos\u00e9 Luis Mart\u00ednez-Almeida.\u00a0 &nbsp; S.M. EL REY\u202fINAUGURAR\u00c1 LA XV EDICI\u00d3N DEL\u202fSPAIN INVESTORS DAY\u00a0 Madrid, 10\/01\/2025.- Don Felipe presidir\u00e1 la inauguraci\u00f3n de la XV edici\u00f3n del foro\u202fSpain&hellip; Continue reading S.M. EL REY\u202fINAUGURAR\u00c1 LA XV EDICI\u00d3N DEL\u202fSPAIN INVESTORS DAY","og_url":"https:\/\/www.spaininvestorsday.com\/s-m-el-rey-inaugurara-la-xv-edicion-del-spain-investors-day\/","og_site_name":"Spain Investors Day","article_published_time":"2025-01-10T13:27:00+00:00","og_image":[{"width":2560,"height":1246,"url":"https:\/\/www.spaininvestorsday.com\/wp-content\/uploads\/2025\/01\/8cbb8462-4afb-6dc1-9fe5-6d5665e9b7f8-scaled.jpg","type":"image\/jpeg"}],"author":"Maria Elena Irausqu\u00edn","twitter_card":"summary_large_image","twitter_misc":{"Written by":"Maria Elena Irausqu\u00edn","Est. reading time":"4 minutes"},"schema":{"@context":"https:\/\/schema.org","@graph":[{"@type":"Article","@id":"https:\/\/www.spaininvestorsday.com\/s-m-el-rey-inaugurara-la-xv-edicion-del-spain-investors-day\/#article","isPartOf":{"@id":"https:\/\/www.spaininvestorsday.com\/s-m-el-rey-inaugurara-la-xv-edicion-del-spain-investors-day\/"},"author":{"name":"Maria Elena Irausqu\u00edn","@id":"https:\/\/www.spaininvestorsday.com\/#\/schema\/person\/04394fe175146abf7b9b03d0a886e942"},"headline":"S.M. EL REY\u202fINAUGURAR\u00c1 LA XV EDICI\u00d3N DEL\u202fSPAIN INVESTORS DAY","datePublished":"2025-01-10T13:27:00+00:00","mainEntityOfPage":{"@id":"https:\/\/www.spaininvestorsday.com\/s-m-el-rey-inaugurara-la-xv-edicion-del-spain-investors-day\/"},"wordCount":894,"commentCount":0,"publisher":{"@id":"https:\/\/www.spaininvestorsday.com\/#organization"},"image":{"@id":"https:\/\/www.spaininvestorsday.com\/s-m-el-rey-inaugurara-la-xv-edicion-del-spain-investors-day\/#primaryimage"},"thumbnailUrl":"https:\/\/www.spaininvestorsday.com\/wp-content\/uploads\/2025\/01\/8cbb8462-4afb-6dc1-9fe5-6d5665e9b7f8-scaled.jpg","articleSection":["2025","Notas de Prensa","Portada"],"inLanguage":"en-US","potentialAction":[{"@type":"CommentAction","name":"Comment","target":["https:\/\/www.spaininvestorsday.com\/s-m-el-rey-inaugurara-la-xv-edicion-del-spain-investors-day\/#respond"]}]},{"@type":"WebPage","@id":"https:\/\/www.spaininvestorsday.com\/s-m-el-rey-inaugurara-la-xv-edicion-del-spain-investors-day\/","url":"https:\/\/www.spaininvestorsday.com\/s-m-el-rey-inaugurara-la-xv-edicion-del-spain-investors-day\/","name":"S.M. EL REY\u202fINAUGURAR\u00c1 LA XV EDICI\u00d3N DEL\u202fSPAIN INVESTORS DAY - Spain Investors Day","isPartOf":{"@id":"https:\/\/www.spaininvestorsday.com\/#website"},"primaryImageOfPage":{"@id":"https:\/\/www.spaininvestorsday.com\/s-m-el-rey-inaugurara-la-xv-edicion-del-spain-investors-day\/#primaryimage"},"image":{"@id":"https:\/\/www.spaininvestorsday.com\/s-m-el-rey-inaugurara-la-xv-edicion-del-spain-investors-day\/#primaryimage"},"thumbnailUrl":"https:\/\/www.spaininvestorsday.com\/wp-content\/uploads\/2025\/01\/8cbb8462-4afb-6dc1-9fe5-6d5665e9b7f8-scaled.jpg","datePublished":"2025-01-10T13:27:00+00:00","breadcrumb":{"@id":"https:\/\/www.spaininvestorsday.com\/s-m-el-rey-inaugurara-la-xv-edicion-del-spain-investors-day\/#breadcrumb"},"inLanguage":"en-US","potentialAction":[{"@type":"ReadAction","target":["https:\/\/www.spaininvestorsday.com\/s-m-el-rey-inaugurara-la-xv-edicion-del-spain-investors-day\/"]}]},{"@type":"ImageObject","inLanguage":"en-US","@id":"https:\/\/www.spaininvestorsday.com\/s-m-el-rey-inaugurara-la-xv-edicion-del-spain-investors-day\/#primaryimage","url":"https:\/\/www.spaininvestorsday.com\/wp-content\/uploads\/2025\/01\/8cbb8462-4afb-6dc1-9fe5-6d5665e9b7f8-scaled.jpg","contentUrl":"https:\/\/www.spaininvestorsday.com\/wp-content\/uploads\/2025\/01\/8cbb8462-4afb-6dc1-9fe5-6d5665e9b7f8-scaled.jpg","width":2560,"height":1246},{"@type":"BreadcrumbList","@id":"https:\/\/www.spaininvestorsday.com\/s-m-el-rey-inaugurara-la-xv-edicion-del-spain-investors-day\/#breadcrumb","itemListElement":[{"@type":"ListItem","position":1,"name":"Portada","item":"https:\/\/www.spaininvestorsday.com\/"},{"@type":"ListItem","position":2,"name":"S.M. EL REY\u202fINAUGURAR\u00c1 LA XV EDICI\u00d3N DEL\u202fSPAIN INVESTORS DAY"}]},{"@type":"WebSite","@id":"https:\/\/www.spaininvestorsday.com\/#website","url":"https:\/\/www.spaininvestorsday.com\/","name":"Spain Investors Day","description":"El foro profesional \u00fanico en Espa\u00f1a","publisher":{"@id":"https:\/\/www.spaininvestorsday.com\/#organization"},"potentialAction":[{"@type":"SearchAction","target":{"@type":"EntryPoint","urlTemplate":"https:\/\/www.spaininvestorsday.com\/?s={search_term_string}"},"query-input":{"@type":"PropertyValueSpecification","valueRequired":true,"valueName":"search_term_string"}}],"inLanguage":"en-US"},{"@type":"Organization","@id":"https:\/\/www.spaininvestorsday.com\/#organization","name":"Spain Investors Day","url":"https:\/\/www.spaininvestorsday.com\/","logo":{"@type":"ImageObject","inLanguage":"en-US","@id":"https:\/\/www.spaininvestorsday.com\/#\/schema\/logo\/image\/","url":"https:\/\/www.spaininvestorsday.com\/wp-content\/uploads\/2021\/10\/SID-2021.svg","contentUrl":"https:\/\/www.spaininvestorsday.com\/wp-content\/uploads\/2021\/10\/SID-2021.svg","width":199,"height":79,"caption":"Spain Investors Day"},"image":{"@id":"https:\/\/www.spaininvestorsday.com\/#\/schema\/logo\/image\/"}},{"@type":"Person","@id":"https:\/\/www.spaininvestorsday.com\/#\/schema\/person\/04394fe175146abf7b9b03d0a886e942","name":"Maria Elena Irausqu\u00edn","image":{"@type":"ImageObject","inLanguage":"en-US","@id":"https:\/\/www.spaininvestorsday.com\/#\/schema\/person\/image\/","url":"https:\/\/secure.gravatar.com\/avatar\/cf746aad5e83755b07dd36bf640130eb2d1675877e6ab7d6fe69e8e1de80ce06?s=96&d=mm&r=g","contentUrl":"https:\/\/secure.gravatar.com\/avatar\/cf746aad5e83755b07dd36bf640130eb2d1675877e6ab7d6fe69e8e1de80ce06?s=96&d=mm&r=g","caption":"Maria Elena Irausqu\u00edn"},"url":"https:\/\/www.spaininvestorsday.com\/en\/author\/mirausquin\/"}]}},"_links":{"self":[{"href":"https:\/\/www.spaininvestorsday.com\/en\/wp-json\/wp\/v2\/posts\/22258","targetHints":{"allow":["GET"]}}],"collection":[{"href":"https:\/\/www.spaininvestorsday.com\/en\/wp-json\/wp\/v2\/posts"}],"about":[{"href":"https:\/\/www.spaininvestorsday.com\/en\/wp-json\/wp\/v2\/types\/post"}],"author":[{"embeddable":true,"href":"https:\/\/www.spaininvestorsday.com\/en\/wp-json\/wp\/v2\/users\/11"}],"replies":[{"embeddable":true,"href":"https:\/\/www.spaininvestorsday.com\/en\/wp-json\/wp\/v2\/comments?post=22258"}],"version-history":[{"count":1,"href":"https:\/\/www.spaininvestorsday.com\/en\/wp-json\/wp\/v2\/posts\/22258\/revisions"}],"predecessor-version":[{"id":22261,"href":"https:\/\/www.spaininvestorsday.com\/en\/wp-json\/wp\/v2\/posts\/22258\/revisions\/22261"}],"wp:featuredmedia":[{"embeddable":true,"href":"https:\/\/www.spaininvestorsday.com\/en\/wp-json\/wp\/v2\/media\/22259"}],"wp:attachment":[{"href":"https:\/\/www.spaininvestorsday.com\/en\/wp-json\/wp\/v2\/media?parent=22258"}],"wp:term":[{"taxonomy":"category","embeddable":true,"href":"https:\/\/www.spaininvestorsday.com\/en\/wp-json\/wp\/v2\/categories?post=22258"},{"taxonomy":"post_tag","embeddable":true,"href":"https:\/\/www.spaininvestorsday.com\/en\/wp-json\/wp\/v2\/tags?post=22258"}],"curies":[{"name":"wp","href":"https:\/\/api.w.org\/{rel}","templated":true}]}}