{"id":21271,"date":"2024-11-27T10:39:08","date_gmt":"2024-11-27T10:39:08","guid":{"rendered":"https:\/\/www.spaininvestorsday.com\/?p=21271"},"modified":"2024-12-03T14:57:32","modified_gmt":"2024-12-03T14:57:32","slug":"el-foro-spain-investors-day-sid-reunira-a-los-grandes-inversores-interesados-en-espana-los-dias-15-y-16-de-enero","status":"publish","type":"post","link":"https:\/\/www.spaininvestorsday.com\/en\/el-foro-spain-investors-day-sid-reunira-a-los-grandes-inversores-interesados-en-espana-los-dias-15-y-16-de-enero\/","title":{"rendered":"EL FORO SPAIN INVESTORS DAY (SID) REUNIR\u00c1 A LOS GRANDES INVERSORES INTERESADOS EN ESPA\u00d1A LOS D\u00cdAS 15 Y 16 DE ENERO"},"content":{"rendered":"<ul>\n<li data-leveltext=\"\uf0a7\" data-font=\"Wingdings\" data-listid=\"10\" data-list-defn-props=\"{&quot;335552541&quot;:1,&quot;335559685&quot;:720,&quot;335559991&quot;:360,&quot;469769226&quot;:&quot;Wingdings&quot;,&quot;469769242&quot;:[9642],&quot;469777803&quot;:&quot;left&quot;,&quot;469777804&quot;:&quot;\uf0a7&quot;,&quot;469777815&quot;:&quot;hybridMultilevel&quot;}\" aria-setsize=\"-1\" data-aria-posinset=\"1\" data-aria-level=\"1\"><span data-contrast=\"auto\">Las empresas cotizadas y los miembros del equipo econ\u00f3mico del Gobierno y reguladores del mercado dar\u00e1n cuenta del pasado ejercicio y avanzar\u00e1n sus planes para 2025 a los principales inversores internacionales.<\/span><span data-ccp-props=\"{&quot;201341983&quot;:0,&quot;335551550&quot;:6,&quot;335551620&quot;:6,&quot;335559685&quot;:567,&quot;335559739&quot;:0,&quot;335559740&quot;:240,&quot;335559991&quot;:357}\">\u00a0<\/span><\/li>\n<li data-leveltext=\"\uf0a7\" data-font=\"Wingdings\" data-listid=\"10\" data-list-defn-props=\"{&quot;335552541&quot;:1,&quot;335559685&quot;:720,&quot;335559991&quot;:360,&quot;469769226&quot;:&quot;Wingdings&quot;,&quot;469769242&quot;:[9642],&quot;469777803&quot;:&quot;left&quot;,&quot;469777804&quot;:&quot;\uf0a7&quot;,&quot;469777815&quot;:&quot;hybridMultilevel&quot;}\" aria-setsize=\"-1\" data-aria-posinset=\"1\" data-aria-level=\"1\"><span data-contrast=\"auto\">En esta nueva edici\u00f3n, el SID abordar\u00e1 la situaci\u00f3n de sectores que forman parte de la agenda empresarial europea como las telecomunicaciones, las infraestructuras y las inversiones estrat\u00e9gicas.<\/span><span data-ccp-props=\"{&quot;201341983&quot;:0,&quot;335551550&quot;:6,&quot;335551620&quot;:6,&quot;335559685&quot;:567,&quot;335559739&quot;:0,&quot;335559740&quot;:240,&quot;335559991&quot;:357}\">\u00a0<\/span><\/li>\n<\/ul>\n<p><span data-contrast=\"auto\">Madrid, 25\/11\/2024.-<\/span><span data-contrast=\"auto\"> El foro financiero <\/span><b><i><span data-contrast=\"auto\">Spain Investors Day<\/span><\/i><\/b><span data-contrast=\"auto\"> (SID) celebrar\u00e1 su XV edici\u00f3n los d\u00edas 15 y 16 de enero, en Madrid. Este encuentro, que contar\u00e1 nuevamente con Su Majestad el Rey Felipe VI como Presidente de Honor, reunir\u00e1 a los principales directivos de empresas cotizadas, gestores de grandes fondos internacionales, as\u00ed como miembros del equipo econ\u00f3mico del Gobierno y reguladores, para analizar y debatir las claves del futuro econ\u00f3mico de Espa\u00f1a en un cambiante contexto global, marcado por las guerras y las tensiones geopol\u00edticas.<\/span><span data-ccp-props=\"{&quot;201341983&quot;:0,&quot;335551550&quot;:6,&quot;335551620&quot;:6,&quot;335559739&quot;:240,&quot;335559740&quot;:264}\">\u00a0<\/span><\/p>\n<p><span data-contrast=\"auto\">Desde hace quince a\u00f1os, el SID se ha consolidado como el escaparate econ\u00f3mico donde se presenta una fotograf\u00eda real de la econom\u00eda espa\u00f1ola, con el objetivo de impulsar la confianza de los grandes inversores internacionales.<\/span><span data-ccp-props=\"{&quot;201341983&quot;:0,&quot;335551550&quot;:6,&quot;335551620&quot;:6,&quot;335559739&quot;:240,&quot;335559740&quot;:264}\">\u00a0<\/span><\/p>\n<p><span data-contrast=\"auto\">Este a\u00f1o, en su XV edici\u00f3n, el foro tiene lugar en un momento crucial. El control de la inflaci\u00f3n y la bajada de los tipos de inter\u00e9s ofrecen cierta estabilidad que se ve amenazada por las guerras, los cambios pol\u00edticos y las amenazas proteccionistas que pueden afectar directamente a Europa.<\/span><span data-ccp-props=\"{&quot;201341983&quot;:0,&quot;335551550&quot;:6,&quot;335551620&quot;:6,&quot;335559739&quot;:240,&quot;335559740&quot;:264}\">\u00a0<\/span><\/p>\n<p><span data-contrast=\"auto\">Todos estos temas, hoy muy presentes en la conversaci\u00f3n social, ser\u00e1n debatidos durante dos d\u00edas por directivos de empresas cotizadas, inversores internacionales, autoridades espa\u00f1olas y actores clave del \u00e1mbito econ\u00f3mico internacional.<\/span><span data-ccp-props=\"{&quot;201341983&quot;:0,&quot;335551550&quot;:6,&quot;335551620&quot;:6,&quot;335559739&quot;:240,&quot;335559740&quot;:264}\">\u00a0<\/span><\/p>\n<p><b><span data-contrast=\"auto\">Una econom\u00eda preparada para liderar el cambio<\/span><\/b><span data-ccp-props=\"{&quot;201341983&quot;:0,&quot;335551550&quot;:6,&quot;335551620&quot;:6,&quot;335559739&quot;:40,&quot;335559740&quot;:264}\">\u00a0<\/span><\/p>\n<p><span data-contrast=\"auto\">En 2025, la XV edici\u00f3n del foro se enmarca en un escenario marcado por la continuidad de las Guerras de Ucrania e Israel, la llegada de nuevos liderazgos en la Comisi\u00f3n Europea y en Estados Unidos. En este contexto, Espa\u00f1a aspira a consolidarse como motor de la econom\u00eda europea, con unas cifras de crecimiento superiores a la media, factores que sit\u00faan a nuestro pa\u00eds en el radar de los inversores, focalizados en sectores estrat\u00e9gicos para los que reclaman innovaci\u00f3n, sostenibilidad, digitalizaci\u00f3n y gobernanza.<\/span><span data-ccp-props=\"{&quot;201341983&quot;:0,&quot;335551550&quot;:6,&quot;335551620&quot;:6,&quot;335559739&quot;:240,&quot;335559740&quot;:264}\">\u00a0<\/span><\/p>\n<p><span data-contrast=\"auto\">\u201c<\/span><i><span data-contrast=\"auto\">Es un momento para construir confianza y para dar a conocer a los inversores las causas del crecimiento de Espa\u00f1a, que est\u00e1 liderando la Uni\u00f3n Europea<\/span><\/i><span data-contrast=\"auto\">\u201d, se\u00f1ala <\/span><b><span data-contrast=\"auto\">Benito Berceruelo, presidente del SID<\/span><\/b><span data-contrast=\"auto\">. \u201c<\/span><i><span data-contrast=\"auto\">La contenci\u00f3n de la inflaci\u00f3n y el cambio de rumbo en las pol\u00edticas monetarias nos ofrecen un respiro, pero los inversores exigen cambios estructurales, que consoliden en crecimiento, y planes claros en sectores estrat\u00e9gicos, adem\u00e1s de seguridad jur\u00eddica para continuar confiando en Espa\u00f1a<\/span><\/i><span data-contrast=\"auto\">\u201d.<\/span><span data-ccp-props=\"{&quot;201341983&quot;:0,&quot;335551550&quot;:6,&quot;335551620&quot;:6,&quot;335559739&quot;:240,&quot;335559740&quot;:264}\">\u00a0<\/span><\/p>\n<p><b><span data-contrast=\"auto\">Quince a\u00f1os como escaparate de la econom\u00eda espa\u00f1ola<\/span><\/b><span data-ccp-props=\"{&quot;201341983&quot;:0,&quot;335551550&quot;:6,&quot;335551620&quot;:6,&quot;335559739&quot;:40,&quot;335559740&quot;:264}\">\u00a0<\/span><\/p>\n<p><span data-contrast=\"auto\">Desde su creaci\u00f3n, el SID ha sido un puente entre Espa\u00f1a y los mayores inversores internacionales, ofreciendo una visi\u00f3n transparente del rumbo econ\u00f3mico del pa\u00eds. Este a\u00f1o, la innovaci\u00f3n, la competitividad y la sostenibilidad ser\u00e1n los pilares del debate, reflejando el compromiso de Espa\u00f1a con estas palancas que han impulsado su crecimiento por encima de las econ\u00f3micas vecinas.<\/span><span data-ccp-props=\"{&quot;201341983&quot;:0,&quot;335551550&quot;:6,&quot;335551620&quot;:6,&quot;335559739&quot;:240,&quot;335559740&quot;:264}\">\u00a0<\/span><\/p>\n<p><span data-contrast=\"auto\">El foro <\/span><b><i><span data-contrast=\"auto\">Spain Investors Day<\/span><\/i><\/b><span data-contrast=\"auto\"> no solo ser\u00e1 un espacio para el debate, sino un punto de encuentro para quienes marcan el ritmo del desarrollo econ\u00f3mico, fortaleciendo la confianza en el potencial de Espa\u00f1a y mostrando al mundo que el pa\u00eds est\u00e1 preparado para los retos de 2025.<\/span><span data-ccp-props=\"{&quot;201341983&quot;:0,&quot;335551550&quot;:6,&quot;335551620&quot;:6,&quot;335559739&quot;:240,&quot;335559740&quot;:264}\">\u00a0<\/span><\/p>\n<p><span data-contrast=\"auto\">El Consejo Rector del <\/span><i><span data-contrast=\"auto\">Spain Investors Day<\/span><\/i><span data-contrast=\"auto\"> est\u00e1 formado por S.M. El Rey Felipe VI, como Presidente de Honor; Benito Berceruelo (CEO de Estudio de Comunicaci\u00f3n) como Presidente Ejecutivo. Como consejeros del foro figuran Cecilia Boned (Presidenta de BNP PARIBAS en Espa\u00f1a), H\u00e9ctor Fl\u00f3rez (Presidente de Deloitte), Jos\u00e9 D. Bogas, (CEO de Endesa), Luis Gallego, (CEO de IAG), Jos\u00e9 Mar\u00eda M\u00e9ndez, (CEO de Cecabank), Joseph Oughourlian (Presidente de Grupo Prisa), Jacobo Hornedo (CEO de Aon), Jos Dijsselhof (Presidente de BME \u2013 CEO de SIX), Ricardo Mart\u00ednez Rico (Presidente de Equipo Econ\u00f3mico), Jos\u00e9 Gim\u00e9nez (Socio-Director de Linklaters), \u00c1ngel Corc\u00f3stegui (Presidente de Magnum), Fernando Ruiz (Presidente de la Fundaci\u00f3n Seres), Juan Carlos Ureta (Presidente de Renta 4), Amparo L\u00f3pez Senovilla (Secretaria de Estado de Comercio y Presidenta del ICEX), Manuel Illueca (Presidente del ICO), Ladislao Azcona (Presidente Estudio de Comunicaci\u00f3n), Luis Sancho (CEO de Banca Corporativa y de Inversi\u00f3n de BNP Paribas en Espa\u00f1a<\/span><span data-contrast=\"auto\">), V\u00edctor Steinberg y Sonia D\u00edaz (Directora del SID).<\/span><span data-ccp-props=\"{&quot;201341983&quot;:0,&quot;335551550&quot;:6,&quot;335551620&quot;:6,&quot;335559740&quot;:264}\">\u00a0<\/span><\/p>\n<p><span data-contrast=\"auto\">Hacen posible el Foro <\/span><i><span data-contrast=\"auto\">Spain Investors Day<\/span><\/i><span data-contrast=\"auto\"> BNP PARIBAS, asociado estrat\u00e9gico, adem\u00e1s de DELOITTE, ENDESA, IAG, CECABANK, ESADE, AON, BME, NOVARTIS, LETTERONE y PRISA. Tambi\u00e9n apoyan el encuentro LINKLATERS y EQUIPO ECON\u00d3MICO y las entidades p\u00fablicas ICEX-Invest in Spain, COFIDES, ICO e Invest in Madrid. <\/span><i><span data-contrast=\"auto\">Spain Investors Day<\/span><\/i><span data-contrast=\"auto\"> es una empresa de ESTUDIO DE COMUNICACI\u00d3N.<\/span><span data-ccp-props=\"{&quot;201341983&quot;:0,&quot;335551550&quot;:6,&quot;335551620&quot;:6,&quot;335559738&quot;:240,&quot;335559739&quot;:120,&quot;335559740&quot;:264}\">\u00a0<\/span><\/p>\n","protected":false},"excerpt":{"rendered":"<p>Las empresas cotizadas y los miembros del equipo econ\u00f3mico del Gobierno y reguladores del mercado dar\u00e1n cuenta del pasado ejercicio y avanzar\u00e1n sus planes para 2025 a los principales inversores internacionales.\u00a0 En esta nueva edici\u00f3n, el SID abordar\u00e1 la situaci\u00f3n de sectores que forman parte de la agenda empresarial europea como las telecomunicaciones, las infraestructuras&hellip; <a class=\"more-link\" href=\"https:\/\/www.spaininvestorsday.com\/en\/el-foro-spain-investors-day-sid-reunira-a-los-grandes-inversores-interesados-en-espana-los-dias-15-y-16-de-enero\/\">Continue reading <span class=\"screen-reader-text\">EL FORO SPAIN INVESTORS DAY (SID) REUNIR\u00c1 A LOS GRANDES INVERSORES INTERESADOS EN ESPA\u00d1A LOS D\u00cdAS 15 Y 16 DE ENERO<\/span><\/a><\/p>\n","protected":false},"author":11,"featured_media":21292,"comment_status":"open","ping_status":"open","sticky":false,"template":"","format":"standard","meta":{"inline_featured_image":false,"footnotes":""},"categories":[330,7,318],"tags":[],"class_list":["post-21271","post","type-post","status-publish","format-standard","has-post-thumbnail","hentry","category-330","category-notas-de-prensa","category-portada","entry"],"yoast_head":"<!-- This site is optimized with the Yoast SEO plugin v26.6 - https:\/\/yoast.com\/wordpress\/plugins\/seo\/ -->\n<title>EL FORO SPAIN INVESTORS DAY (SID) REUNIR\u00c1 A LOS GRANDES INVERSORES INTERESADOS EN ESPA\u00d1A LOS D\u00cdAS 15 Y 16 DE ENERO - Spain Investors Day<\/title>\n<meta name=\"robots\" content=\"index, follow, max-snippet:-1, max-image-preview:large, max-video-preview:-1\" \/>\n<link rel=\"canonical\" href=\"https:\/\/www.spaininvestorsday.com\/el-foro-spain-investors-day-sid-reunira-a-los-grandes-inversores-interesados-en-espana-los-dias-15-y-16-de-enero\/\" \/>\n<meta property=\"og:locale\" content=\"en_US\" \/>\n<meta property=\"og:type\" content=\"article\" \/>\n<meta property=\"og:title\" content=\"EL FORO SPAIN INVESTORS DAY (SID) REUNIR\u00c1 A LOS GRANDES INVERSORES INTERESADOS EN ESPA\u00d1A LOS D\u00cdAS 15 Y 16 DE ENERO - Spain Investors Day\" \/>\n<meta property=\"og:description\" content=\"Las empresas cotizadas y los miembros del equipo econ\u00f3mico del Gobierno y reguladores del mercado dar\u00e1n cuenta del pasado ejercicio y avanzar\u00e1n sus planes para 2025 a los principales inversores internacionales.\u00a0 En esta nueva edici\u00f3n, el SID abordar\u00e1 la situaci\u00f3n de sectores que forman parte de la agenda empresarial europea como las telecomunicaciones, las infraestructuras&hellip; Continue reading EL FORO SPAIN INVESTORS DAY (SID) REUNIR\u00c1 A LOS GRANDES INVERSORES INTERESADOS EN ESPA\u00d1A LOS D\u00cdAS 15 Y 16 DE ENERO\" \/>\n<meta property=\"og:url\" content=\"https:\/\/www.spaininvestorsday.com\/el-foro-spain-investors-day-sid-reunira-a-los-grandes-inversores-interesados-en-espana-los-dias-15-y-16-de-enero\/\" \/>\n<meta property=\"og:site_name\" content=\"Spain Investors Day\" \/>\n<meta property=\"article:published_time\" content=\"2024-11-27T10:39:08+00:00\" \/>\n<meta property=\"article:modified_time\" content=\"2024-12-03T14:57:32+00:00\" \/>\n<meta property=\"og:image\" content=\"https:\/\/www.spaininvestorsday.com\/wp-content\/uploads\/2024\/11\/LM10094-scaled.jpg\" \/>\n\t<meta property=\"og:image:width\" content=\"2560\" \/>\n\t<meta property=\"og:image:height\" content=\"1707\" \/>\n\t<meta property=\"og:image:type\" content=\"image\/jpeg\" \/>\n<meta name=\"author\" content=\"Maria Elena Irausqu\u00edn\" \/>\n<meta name=\"twitter:card\" content=\"summary_large_image\" \/>\n<meta name=\"twitter:label1\" content=\"Written by\" \/>\n\t<meta name=\"twitter:data1\" content=\"Maria Elena Irausqu\u00edn\" \/>\n\t<meta name=\"twitter:label2\" content=\"Est. reading time\" \/>\n\t<meta name=\"twitter:data2\" content=\"4 minutes\" \/>\n<script type=\"application\/ld+json\" class=\"yoast-schema-graph\">{\"@context\":\"https:\/\/schema.org\",\"@graph\":[{\"@type\":\"Article\",\"@id\":\"https:\/\/www.spaininvestorsday.com\/el-foro-spain-investors-day-sid-reunira-a-los-grandes-inversores-interesados-en-espana-los-dias-15-y-16-de-enero\/#article\",\"isPartOf\":{\"@id\":\"https:\/\/www.spaininvestorsday.com\/el-foro-spain-investors-day-sid-reunira-a-los-grandes-inversores-interesados-en-espana-los-dias-15-y-16-de-enero\/\"},\"author\":{\"name\":\"Maria Elena Irausqu\u00edn\",\"@id\":\"https:\/\/www.spaininvestorsday.com\/#\/schema\/person\/04394fe175146abf7b9b03d0a886e942\"},\"headline\":\"EL FORO SPAIN INVESTORS DAY (SID) REUNIR\u00c1 A LOS GRANDES INVERSORES INTERESADOS EN ESPA\u00d1A LOS D\u00cdAS 15 Y 16 DE ENERO\",\"datePublished\":\"2024-11-27T10:39:08+00:00\",\"dateModified\":\"2024-12-03T14:57:32+00:00\",\"mainEntityOfPage\":{\"@id\":\"https:\/\/www.spaininvestorsday.com\/el-foro-spain-investors-day-sid-reunira-a-los-grandes-inversores-interesados-en-espana-los-dias-15-y-16-de-enero\/\"},\"wordCount\":855,\"commentCount\":0,\"publisher\":{\"@id\":\"https:\/\/www.spaininvestorsday.com\/#organization\"},\"image\":{\"@id\":\"https:\/\/www.spaininvestorsday.com\/el-foro-spain-investors-day-sid-reunira-a-los-grandes-inversores-interesados-en-espana-los-dias-15-y-16-de-enero\/#primaryimage\"},\"thumbnailUrl\":\"https:\/\/www.spaininvestorsday.com\/wp-content\/uploads\/2024\/11\/LM10094-scaled.jpg\",\"articleSection\":[\"2025\",\"Notas de Prensa\",\"Portada\"],\"inLanguage\":\"en-US\",\"potentialAction\":[{\"@type\":\"CommentAction\",\"name\":\"Comment\",\"target\":[\"https:\/\/www.spaininvestorsday.com\/el-foro-spain-investors-day-sid-reunira-a-los-grandes-inversores-interesados-en-espana-los-dias-15-y-16-de-enero\/#respond\"]}]},{\"@type\":\"WebPage\",\"@id\":\"https:\/\/www.spaininvestorsday.com\/el-foro-spain-investors-day-sid-reunira-a-los-grandes-inversores-interesados-en-espana-los-dias-15-y-16-de-enero\/\",\"url\":\"https:\/\/www.spaininvestorsday.com\/el-foro-spain-investors-day-sid-reunira-a-los-grandes-inversores-interesados-en-espana-los-dias-15-y-16-de-enero\/\",\"name\":\"EL FORO SPAIN INVESTORS DAY (SID) REUNIR\u00c1 A LOS GRANDES INVERSORES INTERESADOS EN ESPA\u00d1A LOS D\u00cdAS 15 Y 16 DE ENERO - Spain Investors Day\",\"isPartOf\":{\"@id\":\"https:\/\/www.spaininvestorsday.com\/#website\"},\"primaryImageOfPage\":{\"@id\":\"https:\/\/www.spaininvestorsday.com\/el-foro-spain-investors-day-sid-reunira-a-los-grandes-inversores-interesados-en-espana-los-dias-15-y-16-de-enero\/#primaryimage\"},\"image\":{\"@id\":\"https:\/\/www.spaininvestorsday.com\/el-foro-spain-investors-day-sid-reunira-a-los-grandes-inversores-interesados-en-espana-los-dias-15-y-16-de-enero\/#primaryimage\"},\"thumbnailUrl\":\"https:\/\/www.spaininvestorsday.com\/wp-content\/uploads\/2024\/11\/LM10094-scaled.jpg\",\"datePublished\":\"2024-11-27T10:39:08+00:00\",\"dateModified\":\"2024-12-03T14:57:32+00:00\",\"breadcrumb\":{\"@id\":\"https:\/\/www.spaininvestorsday.com\/el-foro-spain-investors-day-sid-reunira-a-los-grandes-inversores-interesados-en-espana-los-dias-15-y-16-de-enero\/#breadcrumb\"},\"inLanguage\":\"en-US\",\"potentialAction\":[{\"@type\":\"ReadAction\",\"target\":[\"https:\/\/www.spaininvestorsday.com\/el-foro-spain-investors-day-sid-reunira-a-los-grandes-inversores-interesados-en-espana-los-dias-15-y-16-de-enero\/\"]}]},{\"@type\":\"ImageObject\",\"inLanguage\":\"en-US\",\"@id\":\"https:\/\/www.spaininvestorsday.com\/el-foro-spain-investors-day-sid-reunira-a-los-grandes-inversores-interesados-en-espana-los-dias-15-y-16-de-enero\/#primaryimage\",\"url\":\"https:\/\/www.spaininvestorsday.com\/wp-content\/uploads\/2024\/11\/LM10094-scaled.jpg\",\"contentUrl\":\"https:\/\/www.spaininvestorsday.com\/wp-content\/uploads\/2024\/11\/LM10094-scaled.jpg\",\"width\":2560,\"height\":1707},{\"@type\":\"BreadcrumbList\",\"@id\":\"https:\/\/www.spaininvestorsday.com\/el-foro-spain-investors-day-sid-reunira-a-los-grandes-inversores-interesados-en-espana-los-dias-15-y-16-de-enero\/#breadcrumb\",\"itemListElement\":[{\"@type\":\"ListItem\",\"position\":1,\"name\":\"Portada\",\"item\":\"https:\/\/www.spaininvestorsday.com\/\"},{\"@type\":\"ListItem\",\"position\":2,\"name\":\"EL FORO SPAIN INVESTORS DAY (SID) REUNIR\u00c1 A LOS GRANDES INVERSORES INTERESADOS EN ESPA\u00d1A LOS D\u00cdAS 15 Y 16 DE ENERO\"}]},{\"@type\":\"WebSite\",\"@id\":\"https:\/\/www.spaininvestorsday.com\/#website\",\"url\":\"https:\/\/www.spaininvestorsday.com\/\",\"name\":\"Spain Investors Day\",\"description\":\"El foro profesional \u00fanico en Espa\u00f1a\",\"publisher\":{\"@id\":\"https:\/\/www.spaininvestorsday.com\/#organization\"},\"potentialAction\":[{\"@type\":\"SearchAction\",\"target\":{\"@type\":\"EntryPoint\",\"urlTemplate\":\"https:\/\/www.spaininvestorsday.com\/?s={search_term_string}\"},\"query-input\":{\"@type\":\"PropertyValueSpecification\",\"valueRequired\":true,\"valueName\":\"search_term_string\"}}],\"inLanguage\":\"en-US\"},{\"@type\":\"Organization\",\"@id\":\"https:\/\/www.spaininvestorsday.com\/#organization\",\"name\":\"Spain Investors Day\",\"url\":\"https:\/\/www.spaininvestorsday.com\/\",\"logo\":{\"@type\":\"ImageObject\",\"inLanguage\":\"en-US\",\"@id\":\"https:\/\/www.spaininvestorsday.com\/#\/schema\/logo\/image\/\",\"url\":\"https:\/\/www.spaininvestorsday.com\/wp-content\/uploads\/2021\/10\/SID-2021.svg\",\"contentUrl\":\"https:\/\/www.spaininvestorsday.com\/wp-content\/uploads\/2021\/10\/SID-2021.svg\",\"width\":199,\"height\":79,\"caption\":\"Spain Investors Day\"},\"image\":{\"@id\":\"https:\/\/www.spaininvestorsday.com\/#\/schema\/logo\/image\/\"}},{\"@type\":\"Person\",\"@id\":\"https:\/\/www.spaininvestorsday.com\/#\/schema\/person\/04394fe175146abf7b9b03d0a886e942\",\"name\":\"Maria Elena Irausqu\u00edn\",\"image\":{\"@type\":\"ImageObject\",\"inLanguage\":\"en-US\",\"@id\":\"https:\/\/www.spaininvestorsday.com\/#\/schema\/person\/image\/\",\"url\":\"https:\/\/secure.gravatar.com\/avatar\/cf746aad5e83755b07dd36bf640130eb2d1675877e6ab7d6fe69e8e1de80ce06?s=96&d=mm&r=g\",\"contentUrl\":\"https:\/\/secure.gravatar.com\/avatar\/cf746aad5e83755b07dd36bf640130eb2d1675877e6ab7d6fe69e8e1de80ce06?s=96&d=mm&r=g\",\"caption\":\"Maria Elena Irausqu\u00edn\"},\"url\":\"https:\/\/www.spaininvestorsday.com\/en\/author\/mirausquin\/\"}]}<\/script>\n<!-- \/ Yoast SEO plugin. -->","yoast_head_json":{"title":"EL FORO SPAIN INVESTORS DAY (SID) REUNIR\u00c1 A LOS GRANDES INVERSORES INTERESADOS EN ESPA\u00d1A LOS D\u00cdAS 15 Y 16 DE ENERO - Spain Investors Day","robots":{"index":"index","follow":"follow","max-snippet":"max-snippet:-1","max-image-preview":"max-image-preview:large","max-video-preview":"max-video-preview:-1"},"canonical":"https:\/\/www.spaininvestorsday.com\/el-foro-spain-investors-day-sid-reunira-a-los-grandes-inversores-interesados-en-espana-los-dias-15-y-16-de-enero\/","og_locale":"en_US","og_type":"article","og_title":"EL FORO SPAIN INVESTORS DAY (SID) REUNIR\u00c1 A LOS GRANDES INVERSORES INTERESADOS EN ESPA\u00d1A LOS D\u00cdAS 15 Y 16 DE ENERO - Spain Investors Day","og_description":"Las empresas cotizadas y los miembros del equipo econ\u00f3mico del Gobierno y reguladores del mercado dar\u00e1n cuenta del pasado ejercicio y avanzar\u00e1n sus planes para 2025 a los principales inversores internacionales.\u00a0 En esta nueva edici\u00f3n, el SID abordar\u00e1 la situaci\u00f3n de sectores que forman parte de la agenda empresarial europea como las telecomunicaciones, las infraestructuras&hellip; Continue reading EL FORO SPAIN INVESTORS DAY (SID) REUNIR\u00c1 A LOS GRANDES INVERSORES INTERESADOS EN ESPA\u00d1A LOS D\u00cdAS 15 Y 16 DE ENERO","og_url":"https:\/\/www.spaininvestorsday.com\/el-foro-spain-investors-day-sid-reunira-a-los-grandes-inversores-interesados-en-espana-los-dias-15-y-16-de-enero\/","og_site_name":"Spain Investors Day","article_published_time":"2024-11-27T10:39:08+00:00","article_modified_time":"2024-12-03T14:57:32+00:00","og_image":[{"width":2560,"height":1707,"url":"https:\/\/www.spaininvestorsday.com\/wp-content\/uploads\/2024\/11\/LM10094-scaled.jpg","type":"image\/jpeg"}],"author":"Maria Elena Irausqu\u00edn","twitter_card":"summary_large_image","twitter_misc":{"Written by":"Maria Elena Irausqu\u00edn","Est. reading time":"4 minutes"},"schema":{"@context":"https:\/\/schema.org","@graph":[{"@type":"Article","@id":"https:\/\/www.spaininvestorsday.com\/el-foro-spain-investors-day-sid-reunira-a-los-grandes-inversores-interesados-en-espana-los-dias-15-y-16-de-enero\/#article","isPartOf":{"@id":"https:\/\/www.spaininvestorsday.com\/el-foro-spain-investors-day-sid-reunira-a-los-grandes-inversores-interesados-en-espana-los-dias-15-y-16-de-enero\/"},"author":{"name":"Maria Elena Irausqu\u00edn","@id":"https:\/\/www.spaininvestorsday.com\/#\/schema\/person\/04394fe175146abf7b9b03d0a886e942"},"headline":"EL FORO SPAIN INVESTORS DAY (SID) REUNIR\u00c1 A LOS GRANDES INVERSORES INTERESADOS EN ESPA\u00d1A LOS D\u00cdAS 15 Y 16 DE ENERO","datePublished":"2024-11-27T10:39:08+00:00","dateModified":"2024-12-03T14:57:32+00:00","mainEntityOfPage":{"@id":"https:\/\/www.spaininvestorsday.com\/el-foro-spain-investors-day-sid-reunira-a-los-grandes-inversores-interesados-en-espana-los-dias-15-y-16-de-enero\/"},"wordCount":855,"commentCount":0,"publisher":{"@id":"https:\/\/www.spaininvestorsday.com\/#organization"},"image":{"@id":"https:\/\/www.spaininvestorsday.com\/el-foro-spain-investors-day-sid-reunira-a-los-grandes-inversores-interesados-en-espana-los-dias-15-y-16-de-enero\/#primaryimage"},"thumbnailUrl":"https:\/\/www.spaininvestorsday.com\/wp-content\/uploads\/2024\/11\/LM10094-scaled.jpg","articleSection":["2025","Notas de Prensa","Portada"],"inLanguage":"en-US","potentialAction":[{"@type":"CommentAction","name":"Comment","target":["https:\/\/www.spaininvestorsday.com\/el-foro-spain-investors-day-sid-reunira-a-los-grandes-inversores-interesados-en-espana-los-dias-15-y-16-de-enero\/#respond"]}]},{"@type":"WebPage","@id":"https:\/\/www.spaininvestorsday.com\/el-foro-spain-investors-day-sid-reunira-a-los-grandes-inversores-interesados-en-espana-los-dias-15-y-16-de-enero\/","url":"https:\/\/www.spaininvestorsday.com\/el-foro-spain-investors-day-sid-reunira-a-los-grandes-inversores-interesados-en-espana-los-dias-15-y-16-de-enero\/","name":"EL FORO SPAIN INVESTORS DAY (SID) REUNIR\u00c1 A LOS GRANDES INVERSORES INTERESADOS EN ESPA\u00d1A LOS D\u00cdAS 15 Y 16 DE ENERO - Spain Investors Day","isPartOf":{"@id":"https:\/\/www.spaininvestorsday.com\/#website"},"primaryImageOfPage":{"@id":"https:\/\/www.spaininvestorsday.com\/el-foro-spain-investors-day-sid-reunira-a-los-grandes-inversores-interesados-en-espana-los-dias-15-y-16-de-enero\/#primaryimage"},"image":{"@id":"https:\/\/www.spaininvestorsday.com\/el-foro-spain-investors-day-sid-reunira-a-los-grandes-inversores-interesados-en-espana-los-dias-15-y-16-de-enero\/#primaryimage"},"thumbnailUrl":"https:\/\/www.spaininvestorsday.com\/wp-content\/uploads\/2024\/11\/LM10094-scaled.jpg","datePublished":"2024-11-27T10:39:08+00:00","dateModified":"2024-12-03T14:57:32+00:00","breadcrumb":{"@id":"https:\/\/www.spaininvestorsday.com\/el-foro-spain-investors-day-sid-reunira-a-los-grandes-inversores-interesados-en-espana-los-dias-15-y-16-de-enero\/#breadcrumb"},"inLanguage":"en-US","potentialAction":[{"@type":"ReadAction","target":["https:\/\/www.spaininvestorsday.com\/el-foro-spain-investors-day-sid-reunira-a-los-grandes-inversores-interesados-en-espana-los-dias-15-y-16-de-enero\/"]}]},{"@type":"ImageObject","inLanguage":"en-US","@id":"https:\/\/www.spaininvestorsday.com\/el-foro-spain-investors-day-sid-reunira-a-los-grandes-inversores-interesados-en-espana-los-dias-15-y-16-de-enero\/#primaryimage","url":"https:\/\/www.spaininvestorsday.com\/wp-content\/uploads\/2024\/11\/LM10094-scaled.jpg","contentUrl":"https:\/\/www.spaininvestorsday.com\/wp-content\/uploads\/2024\/11\/LM10094-scaled.jpg","width":2560,"height":1707},{"@type":"BreadcrumbList","@id":"https:\/\/www.spaininvestorsday.com\/el-foro-spain-investors-day-sid-reunira-a-los-grandes-inversores-interesados-en-espana-los-dias-15-y-16-de-enero\/#breadcrumb","itemListElement":[{"@type":"ListItem","position":1,"name":"Portada","item":"https:\/\/www.spaininvestorsday.com\/"},{"@type":"ListItem","position":2,"name":"EL FORO SPAIN INVESTORS DAY (SID) REUNIR\u00c1 A LOS GRANDES INVERSORES INTERESADOS EN ESPA\u00d1A LOS D\u00cdAS 15 Y 16 DE ENERO"}]},{"@type":"WebSite","@id":"https:\/\/www.spaininvestorsday.com\/#website","url":"https:\/\/www.spaininvestorsday.com\/","name":"Spain Investors Day","description":"El foro profesional \u00fanico en Espa\u00f1a","publisher":{"@id":"https:\/\/www.spaininvestorsday.com\/#organization"},"potentialAction":[{"@type":"SearchAction","target":{"@type":"EntryPoint","urlTemplate":"https:\/\/www.spaininvestorsday.com\/?s={search_term_string}"},"query-input":{"@type":"PropertyValueSpecification","valueRequired":true,"valueName":"search_term_string"}}],"inLanguage":"en-US"},{"@type":"Organization","@id":"https:\/\/www.spaininvestorsday.com\/#organization","name":"Spain Investors Day","url":"https:\/\/www.spaininvestorsday.com\/","logo":{"@type":"ImageObject","inLanguage":"en-US","@id":"https:\/\/www.spaininvestorsday.com\/#\/schema\/logo\/image\/","url":"https:\/\/www.spaininvestorsday.com\/wp-content\/uploads\/2021\/10\/SID-2021.svg","contentUrl":"https:\/\/www.spaininvestorsday.com\/wp-content\/uploads\/2021\/10\/SID-2021.svg","width":199,"height":79,"caption":"Spain Investors Day"},"image":{"@id":"https:\/\/www.spaininvestorsday.com\/#\/schema\/logo\/image\/"}},{"@type":"Person","@id":"https:\/\/www.spaininvestorsday.com\/#\/schema\/person\/04394fe175146abf7b9b03d0a886e942","name":"Maria Elena Irausqu\u00edn","image":{"@type":"ImageObject","inLanguage":"en-US","@id":"https:\/\/www.spaininvestorsday.com\/#\/schema\/person\/image\/","url":"https:\/\/secure.gravatar.com\/avatar\/cf746aad5e83755b07dd36bf640130eb2d1675877e6ab7d6fe69e8e1de80ce06?s=96&d=mm&r=g","contentUrl":"https:\/\/secure.gravatar.com\/avatar\/cf746aad5e83755b07dd36bf640130eb2d1675877e6ab7d6fe69e8e1de80ce06?s=96&d=mm&r=g","caption":"Maria Elena Irausqu\u00edn"},"url":"https:\/\/www.spaininvestorsday.com\/en\/author\/mirausquin\/"}]}},"_links":{"self":[{"href":"https:\/\/www.spaininvestorsday.com\/en\/wp-json\/wp\/v2\/posts\/21271","targetHints":{"allow":["GET"]}}],"collection":[{"href":"https:\/\/www.spaininvestorsday.com\/en\/wp-json\/wp\/v2\/posts"}],"about":[{"href":"https:\/\/www.spaininvestorsday.com\/en\/wp-json\/wp\/v2\/types\/post"}],"author":[{"embeddable":true,"href":"https:\/\/www.spaininvestorsday.com\/en\/wp-json\/wp\/v2\/users\/11"}],"replies":[{"embeddable":true,"href":"https:\/\/www.spaininvestorsday.com\/en\/wp-json\/wp\/v2\/comments?post=21271"}],"version-history":[{"count":4,"href":"https:\/\/www.spaininvestorsday.com\/en\/wp-json\/wp\/v2\/posts\/21271\/revisions"}],"predecessor-version":[{"id":21313,"href":"https:\/\/www.spaininvestorsday.com\/en\/wp-json\/wp\/v2\/posts\/21271\/revisions\/21313"}],"wp:featuredmedia":[{"embeddable":true,"href":"https:\/\/www.spaininvestorsday.com\/en\/wp-json\/wp\/v2\/media\/21292"}],"wp:attachment":[{"href":"https:\/\/www.spaininvestorsday.com\/en\/wp-json\/wp\/v2\/media?parent=21271"}],"wp:term":[{"taxonomy":"category","embeddable":true,"href":"https:\/\/www.spaininvestorsday.com\/en\/wp-json\/wp\/v2\/categories?post=21271"},{"taxonomy":"post_tag","embeddable":true,"href":"https:\/\/www.spaininvestorsday.com\/en\/wp-json\/wp\/v2\/tags?post=21271"}],"curies":[{"name":"wp","href":"https:\/\/api.w.org\/{rel}","templated":true}]}}