{"id":21152,"date":"2024-01-12T11:52:26","date_gmt":"2024-01-12T11:52:26","guid":{"rendered":"https:\/\/www.spaininvestorsday.com\/?p=21152"},"modified":"2024-01-12T11:53:40","modified_gmt":"2024-01-12T11:53:40","slug":"el-presidente-del-gobierno-avanza-un-nuevo-impulso-de-pais-para-priorizar-una-economia-moderna-responsabilidad-fiscal-y-finanzas-sostenibles","status":"publish","type":"post","link":"https:\/\/www.spaininvestorsday.com\/en\/el-presidente-del-gobierno-avanza-un-nuevo-impulso-de-pais-para-priorizar-una-economia-moderna-responsabilidad-fiscal-y-finanzas-sostenibles\/","title":{"rendered":"EL PRESIDENTE DEL GOBIERNO AVANZA UN &#8220;NUEVO IMPULSO DE PA\u00cdS&#8221; PARA PRIORIZAR UNA ECONOM\u00cdA MODERNA, RESPONSABILIDAD FISCAL Y FINANZAS SOSTENIBLES"},"content":{"rendered":"<ul>\n<li>Pedro S\u00e1nchez ha clausurado el foro financiero internacional &#8216;Spain Investors Day&#8217;, donde ha destacado la resiliencia y la fortaleza de la econom\u00eda espa\u00f1ola.<\/li>\n<\/ul>\n<p>&nbsp;<\/p>\n<p class=\"news-location\">Madrid 11\/01\/2024.- El presidente del Gobierno, Pedro S\u00e1nchez, ha clausurado esta tarde la XIV edici\u00f3n del foro financiero internacional &#8216;Spain Investors Day&#8217;, donde ha remarcado la &#8220;extraordinaria resiliencia y fortaleza&#8221; de la econom\u00eda espa\u00f1ola en un contexto de volatilidad, incertidumbre y &#8220;transformaciones sin precedentes&#8221;, que hace que sea &#8220;el momento de dar un nuevo impulso&#8221;.<\/p>\n<p class=\"ms-rteElement-Parrafo_Normal\">&#8220;Espa\u00f1a ha demostrado, con creces, que sabe romper inercias, que es capaz de desafiar tendencias y vencer los vaticinios m\u00e1s sombr\u00edos y que est\u00e1 dispuesta a avanzar en la senda de la modernizaci\u00f3n&#8221;, ha afirmado Pedro S\u00e1nchez, quien ha anticipado un &#8220;nuevo impulso de pa\u00eds&#8221; de cara a las prioridades para la nueva legislatura, que pasan por profundizar la agenda reformista y modernizadora, continuar la senda de saneamiento de las cuentas p\u00fablicas e impulsar las finanzas sostenibles. Y todo ello &#8220;con plena confianza en nuestro capital humano, tecnol\u00f3gico y f\u00edsico&#8221;.<\/p>\n<p class=\"ms-rteElement-Parrafo_Normal\">Para lograrlo, ha aseverado que el Gobierno dar\u00e1 un nuevo impulso a la colaboraci\u00f3n entre el sector p\u00fablico y el sector privado, as\u00ed como a la cogobernanza entre todas las administraciones, ya que &#8220;los objetivos son compartidos: crecimiento econ\u00f3mico y justicia social&#8221;.<\/p>\n<p class=\"ms-rteElement-Parrafo_Normal\">Este impulso se dar\u00e1 con &#8220;un Gobierno de progreso, determinado y empe\u00f1ado en que Espa\u00f1a siga avanzando, con un proyecto y rumbo claros, hacia una nueva prosperidad basada en tres pilares: empleo, derechos y convivencia&#8221;.<\/p>\n<h4>Prioridades para la nueva legislatura<\/h4>\n<p class=\"ms-rteElement-Parrafo_Normal\">Sobre modernizaci\u00f3n de la econom\u00eda, ha explicado que los tres objetivos son alcanzar el pleno empleo, acelerar la digitalizaci\u00f3n de la Administraci\u00f3n y la reindustrializaci\u00f3n de la econom\u00eda sobre el vector de la sostenibilidad.<\/p>\n<p class=\"ms-rteElement-Parrafo_Normal\">Para alcanzar el pleno empleo, el Ejecutivo va a trabajar con los agentes sociales para mejorar los sistemas de recualificaci\u00f3n y modernizar los servicios de empleo, al tiempo que la digitalizaci\u00f3n de la Administraci\u00f3n se acelerar\u00e1 automatizando procesos, reduciendo tr\u00e1mites y burocracia con Inteligencia Artificial y tecnolog\u00eda. Con el objetivo de acelerar la reindustrializaci\u00f3n sostenible de la econom\u00eda, ya se trabaja en la nueva planificaci\u00f3n de la red el\u00e9ctrica, se van a facilitar las inversiones en energ\u00edas limpias y se aprobar\u00e1 una nueva Ley de Industria.<\/p>\n<p class=\"ms-rteElement-Parrafo_Normal\">En cuanto a la senda de responsabilidad, se ha comprometido a continuar con la reducci\u00f3n gradual del d\u00e9ficit, que pasar\u00e1 del 10,1% del PIB en el pico de la pandemia al 3% este a\u00f1o, y de la deuda p\u00fablica, que se habr\u00e1 reducido casi 20 puntos a finales de este a\u00f1o. &#8220;Vamos a cumplir con las nuevas reglas fiscales europeas, acordadas bajo Presidencia Espa\u00f1ola&#8221;, ha asegurado.<\/p>\n<p class=\"ms-rteElement-Parrafo_Normal\">Por \u00faltimo, sobre la prioridad de las finanzas sostenibles ha anunciado la pr\u00f3xima publicaci\u00f3n de un Libro Verde de Financiaci\u00f3n Sostenible y la creaci\u00f3n de un Consejo de Finanzas Sostenibles.<\/p>\n<h4>Di\u00e1logo y acuerdo<\/h4>\n<p class=\"ms-rteElement-Parrafo_Normal\">El jefe del Ejecutivo ha defendido que el di\u00e1logo y el acuerdo son un eje de actuaci\u00f3n para el Gobierno. Como qued\u00f3 demostrado ya en la pasada legislatura, la negociaci\u00f3n con agentes sociales, administraciones, socios europeos y formaciones pol\u00edticas propici\u00f3 acuerdos para aprobar reformas trascendentales en materias como las pensiones, el mercado laboral o la conciliaci\u00f3n con paz social.<\/p>\n<p class=\"ms-rteElement-Parrafo_Normal\">En este sentido, ha adelantado que en la nueva etapa se seguir\u00e1 en la misma senda: &#8220;Estamos determinados a forjar nuevos acuerdos entre diferentes que permitan avanzar en la agenda de extensi\u00f3n de derechos y modernizaci\u00f3n econ\u00f3mica&#8221;.<\/p>\n<p class=\"ms-rteElement-Parrafo_Normal\">Como ejemplo, se ha referido a la negociaci\u00f3n en torno a los\u00a0<a href=\"https:\/\/www.lamoncloa.gob.es\/serviciosdeprensa\/notasprensa\/presidencia-justicia-relaciones-cortes\/Paginas\/2024\/100124-aprobado-real-decreto-ley-prorroga-medidas-.aspx\">decretos convalidados ayer en el Congreso<\/a>\u00a0para &#8220;materializar reformas pactadas con Bruselas que permitir\u00e1n recibir los 10.000 millones de fondos europeos y continuar creciendo y creando empleo&#8221; y &#8220;seguir protegiendo a las familias y a las empresas&#8221; con medidas por valor de m\u00e1s de 5.000 millones de euros. Estas se suman al paquete de medidas por m\u00e1s de 40.000 millones de euros aprobado por el Gobierno para hacer frente a los efectos adversos de la guerra de Ucrania.<\/p>\n<h4>&#8220;Extraordinaria resiliencia y fortaleza&#8221; de la econom\u00eda espa\u00f1ola<\/h4>\n<p class=\"ms-rteElement-Parrafo_Normal\">Pedro S\u00e1nchez ha destacado que, a pesar del escenario geopol\u00edtico complejo, la econom\u00eda espa\u00f1ola est\u00e1 mostrando una &#8220;extraordinaria resiliencia y fortaleza&#8221;, tras cerrar 2023 con un crecimiento en torno al 2,4% y contar con unos pron\u00f3sticos &#8220;muy positivos&#8221; para 2024.<\/p>\n<p class=\"ms-rteElement-Parrafo_Normal\">Adem\u00e1s, la inflaci\u00f3n media anual se situ\u00f3 en el 3,4% en 2023, m\u00e1s de dos puntos por debajo de la inflaci\u00f3n de la Eurozona, y se crearon m\u00e1s de medio mill\u00f3n de nuevos empleos el a\u00f1o pasado.<\/p>\n<p class=\"ms-rteElement-Parrafo_Normal\">&#8220;Espa\u00f1a presenta los mejores pron\u00f3sticos de las cinco mayores econom\u00edas de la Eurozona en tres aspectos b\u00e1sicos como son el empleo, las exportaciones y la inversi\u00f3n&#8221;, ha valorado.<\/p>\n<h4>Segunda edici\u00f3n de los fondos europeos a partir de 2026<\/h4>\n<p class=\"ms-rteElement-Parrafo_Normal\">El comportamiento de la econom\u00eda espa\u00f1ola se debe en parte al despliegue de los fondos europeos. Espa\u00f1a es l\u00edder en la recepci\u00f3n y ejecuci\u00f3n de los\u00a0<a href=\"https:\/\/planderecuperacion.gob.es\/\" target=\"_blank\" rel=\"noopener\">fondos europeos Next Generation<\/a>\u00a0y ya se han activado recursos por valor de 34.000 millones de euros en convocatorias ya resueltas, con m\u00e1s de 600.000 beneficiarios, m\u00e1s de la mitad empresas. A ello se suman los 94.000 millones de euros adicionales de la Adenda al Plan de Recuperaci\u00f3n.<\/p>\n<p class=\"ms-rteElement-Parrafo_Normal\">&#8220;Vamos a dar la batalla para que los fondos europeos tengan una segunda edici\u00f3n a partir de 2026&#8221;, ha declarado Pedro S\u00e1nchez, ya que &#8220;Europa necesita estos recursos para abordar la transformaci\u00f3n digital y la transici\u00f3n ecol\u00f3gica&#8221; para &#8220;sentar unas bases mucho m\u00e1s sostenibles en todos los \u00e1mbitos: social, econ\u00f3mico, fiscal, financiero y medioambiental&#8221;.<\/p>\n<h4>Espa\u00f1a, &#8220;un lugar ideal para invertir&#8221;<\/h4>\n<p class=\"ms-rteElement-Parrafo_Normal\">En este sentido, ha destacado la confianza que Espa\u00f1a suscita en los inversores internacionales, como reflejan los resultados de la\u00a0<a href=\"https:\/\/www.lamoncloa.gob.es\/serviciosdeprensa\/notasprensa\/economia-comercio-empresa\/Paginas\/2024\/100124-tesoro-emision-deuda.aspx\">emisi\u00f3n de deuda p\u00fablica<\/a>\u00a0celebrada ayer por el Tesoro P\u00fablico, que recibi\u00f3 una demanda r\u00e9cord por valor de 138.000 millones de euros.<\/p>\n<p class=\"ms-rteElement-Parrafo_Normal\">Adem\u00e1s, ha valorado que Espa\u00f1a cuenta con un entorno institucional &#8220;altamente propicio para la inversi\u00f3n extranjera&#8221;, dado que es uno de los pa\u00edses con menores barreras a la inversi\u00f3n, de acuerdo con la OCDE. Esta confianza se traduce en una importante atracci\u00f3n de inversiones. Durante el periodo 2018-2022, Espa\u00f1a ha recibido flujos de Inversi\u00f3n Extranjera Directa del 2,2% del PIB, el doble en tama\u00f1o relativo que los recibidos por Francia, Alemania, Reino Unido o EEUU.<\/p>\n<p class=\"ms-rteElement-Parrafo_Normal\">&#8220;Espa\u00f1a es un lugar ideal para invertir&#8221; ha afirmado Pedro S\u00e1nchez, en alusi\u00f3n a fortalezas como la &#8220;solidaridad y civismo&#8221; del pa\u00eds demostrada durante la pandemia, el talento del capital humano (casi la mitad de los j\u00f3venes entre 25 y 34 a\u00f1os tiene una titulaci\u00f3n de educaci\u00f3n superior), y la fortaleza institucional y democr\u00e1tica. &#8220;Nuestras instituciones democr\u00e1ticas son fuertes y contribuyen a reforzar la estabilidad pol\u00edtica, la seguridad jur\u00eddica y la paz social&#8221;, ha enfatizado.<\/p>\n<p class=\"ms-rteElement-Parrafo_Normal\">Pedro S\u00e1nchez ha concluido su intervenci\u00f3n instando a los inversores a confiar e invertir en Espa\u00f1a, &#8220;un pa\u00eds que ha cambiado mucho en muy poco tiempo, sin perder su car\u00e1cter abierto, acogedor, creativo, que ha dejado atr\u00e1s viejos complejos&#8221; y &#8220;est\u00e1 decidido a ser parte de la locomotora&#8221;.<\/p>\n","protected":false},"excerpt":{"rendered":"<p>Pedro S\u00e1nchez ha clausurado el foro financiero internacional &#8216;Spain Investors Day&#8217;, donde ha destacado la resiliencia y la fortaleza de la econom\u00eda espa\u00f1ola. &nbsp; Madrid 11\/01\/2024.- El presidente del Gobierno, Pedro S\u00e1nchez, ha clausurado esta tarde la XIV edici\u00f3n del foro financiero internacional &#8216;Spain Investors Day&#8217;, donde ha remarcado la &#8220;extraordinaria resiliencia y fortaleza&#8221; de&hellip; <a class=\"more-link\" href=\"https:\/\/www.spaininvestorsday.com\/en\/el-presidente-del-gobierno-avanza-un-nuevo-impulso-de-pais-para-priorizar-una-economia-moderna-responsabilidad-fiscal-y-finanzas-sostenibles\/\">Continue reading <span class=\"screen-reader-text\">EL PRESIDENTE DEL GOBIERNO AVANZA UN &#8220;NUEVO IMPULSO DE PA\u00cdS&#8221; PARA PRIORIZAR UNA ECONOM\u00cdA MODERNA, RESPONSABILIDAD FISCAL Y FINANZAS SOSTENIBLES<\/span><\/a><\/p>\n","protected":false},"author":3,"featured_media":21153,"comment_status":"open","ping_status":"open","sticky":false,"template":"","format":"standard","meta":{"inline_featured_image":false,"footnotes":""},"categories":[7,318],"tags":[],"class_list":["post-21152","post","type-post","status-publish","format-standard","has-post-thumbnail","hentry","category-notas-de-prensa","category-portada","entry"],"yoast_head":"<!-- This site is optimized with the Yoast SEO plugin v26.6 - https:\/\/yoast.com\/wordpress\/plugins\/seo\/ -->\n<title>EL PRESIDENTE DEL GOBIERNO AVANZA UN &quot;NUEVO IMPULSO DE PA\u00cdS&quot; PARA PRIORIZAR UNA ECONOM\u00cdA MODERNA, RESPONSABILIDAD FISCAL Y FINANZAS SOSTENIBLES - Spain Investors Day<\/title>\n<meta name=\"robots\" content=\"index, follow, max-snippet:-1, max-image-preview:large, max-video-preview:-1\" \/>\n<link rel=\"canonical\" href=\"https:\/\/www.spaininvestorsday.com\/el-presidente-del-gobierno-avanza-un-nuevo-impulso-de-pais-para-priorizar-una-economia-moderna-responsabilidad-fiscal-y-finanzas-sostenibles\/\" \/>\n<meta property=\"og:locale\" content=\"en_US\" \/>\n<meta property=\"og:type\" content=\"article\" \/>\n<meta property=\"og:title\" content=\"EL PRESIDENTE DEL GOBIERNO AVANZA UN &quot;NUEVO IMPULSO DE PA\u00cdS&quot; PARA PRIORIZAR UNA ECONOM\u00cdA MODERNA, RESPONSABILIDAD FISCAL Y FINANZAS SOSTENIBLES - Spain Investors Day\" \/>\n<meta property=\"og:description\" content=\"Pedro S\u00e1nchez ha clausurado el foro financiero internacional &#8216;Spain Investors Day&#8217;, donde ha destacado la resiliencia y la fortaleza de la econom\u00eda espa\u00f1ola. &nbsp; Madrid 11\/01\/2024.- El presidente del Gobierno, Pedro S\u00e1nchez, ha clausurado esta tarde la XIV edici\u00f3n del foro financiero internacional &#8216;Spain Investors Day&#8217;, donde ha remarcado la &#8220;extraordinaria resiliencia y fortaleza&#8221; de&hellip; Continue reading EL PRESIDENTE DEL GOBIERNO AVANZA UN &#8220;NUEVO IMPULSO DE PA\u00cdS&#8221; PARA PRIORIZAR UNA ECONOM\u00cdA MODERNA, RESPONSABILIDAD FISCAL Y FINANZAS SOSTENIBLES\" \/>\n<meta property=\"og:url\" content=\"https:\/\/www.spaininvestorsday.com\/el-presidente-del-gobierno-avanza-un-nuevo-impulso-de-pais-para-priorizar-una-economia-moderna-responsabilidad-fiscal-y-finanzas-sostenibles\/\" \/>\n<meta property=\"og:site_name\" content=\"Spain Investors Day\" \/>\n<meta property=\"article:published_time\" content=\"2024-01-12T11:52:26+00:00\" \/>\n<meta property=\"article:modified_time\" content=\"2024-01-12T11:53:40+00:00\" \/>\n<meta property=\"og:image\" content=\"https:\/\/www.spaininvestorsday.com\/wp-content\/uploads\/2024\/01\/NOTA-DE-PRENSA-10.jpg\" \/>\n\t<meta property=\"og:image:width\" content=\"1200\" \/>\n\t<meta property=\"og:image:height\" content=\"800\" \/>\n\t<meta property=\"og:image:type\" content=\"image\/jpeg\" \/>\n<meta name=\"author\" content=\"mmartin\" \/>\n<meta name=\"twitter:card\" content=\"summary_large_image\" \/>\n<meta name=\"twitter:label1\" content=\"Written by\" \/>\n\t<meta name=\"twitter:data1\" content=\"mmartin\" \/>\n\t<meta name=\"twitter:label2\" content=\"Est. reading time\" \/>\n\t<meta name=\"twitter:data2\" content=\"6 minutes\" \/>\n<script type=\"application\/ld+json\" class=\"yoast-schema-graph\">{\"@context\":\"https:\/\/schema.org\",\"@graph\":[{\"@type\":\"Article\",\"@id\":\"https:\/\/www.spaininvestorsday.com\/el-presidente-del-gobierno-avanza-un-nuevo-impulso-de-pais-para-priorizar-una-economia-moderna-responsabilidad-fiscal-y-finanzas-sostenibles\/#article\",\"isPartOf\":{\"@id\":\"https:\/\/www.spaininvestorsday.com\/el-presidente-del-gobierno-avanza-un-nuevo-impulso-de-pais-para-priorizar-una-economia-moderna-responsabilidad-fiscal-y-finanzas-sostenibles\/\"},\"author\":{\"name\":\"mmartin\",\"@id\":\"https:\/\/www.spaininvestorsday.com\/#\/schema\/person\/5a97fa83708e448b6ed2a99027d2c7a6\"},\"headline\":\"EL PRESIDENTE DEL GOBIERNO AVANZA UN &#8220;NUEVO IMPULSO DE PA\u00cdS&#8221; PARA PRIORIZAR UNA ECONOM\u00cdA MODERNA, RESPONSABILIDAD FISCAL Y FINANZAS SOSTENIBLES\",\"datePublished\":\"2024-01-12T11:52:26+00:00\",\"dateModified\":\"2024-01-12T11:53:40+00:00\",\"mainEntityOfPage\":{\"@id\":\"https:\/\/www.spaininvestorsday.com\/el-presidente-del-gobierno-avanza-un-nuevo-impulso-de-pais-para-priorizar-una-economia-moderna-responsabilidad-fiscal-y-finanzas-sostenibles\/\"},\"wordCount\":1284,\"commentCount\":0,\"publisher\":{\"@id\":\"https:\/\/www.spaininvestorsday.com\/#organization\"},\"image\":{\"@id\":\"https:\/\/www.spaininvestorsday.com\/el-presidente-del-gobierno-avanza-un-nuevo-impulso-de-pais-para-priorizar-una-economia-moderna-responsabilidad-fiscal-y-finanzas-sostenibles\/#primaryimage\"},\"thumbnailUrl\":\"https:\/\/www.spaininvestorsday.com\/wp-content\/uploads\/2024\/01\/NOTA-DE-PRENSA-10.jpg\",\"articleSection\":[\"Notas de Prensa\",\"Portada\"],\"inLanguage\":\"en-US\",\"potentialAction\":[{\"@type\":\"CommentAction\",\"name\":\"Comment\",\"target\":[\"https:\/\/www.spaininvestorsday.com\/el-presidente-del-gobierno-avanza-un-nuevo-impulso-de-pais-para-priorizar-una-economia-moderna-responsabilidad-fiscal-y-finanzas-sostenibles\/#respond\"]}]},{\"@type\":\"WebPage\",\"@id\":\"https:\/\/www.spaininvestorsday.com\/el-presidente-del-gobierno-avanza-un-nuevo-impulso-de-pais-para-priorizar-una-economia-moderna-responsabilidad-fiscal-y-finanzas-sostenibles\/\",\"url\":\"https:\/\/www.spaininvestorsday.com\/el-presidente-del-gobierno-avanza-un-nuevo-impulso-de-pais-para-priorizar-una-economia-moderna-responsabilidad-fiscal-y-finanzas-sostenibles\/\",\"name\":\"EL PRESIDENTE DEL GOBIERNO AVANZA UN \\\"NUEVO IMPULSO DE PA\u00cdS\\\" PARA PRIORIZAR UNA ECONOM\u00cdA MODERNA, RESPONSABILIDAD FISCAL Y FINANZAS SOSTENIBLES - Spain Investors Day\",\"isPartOf\":{\"@id\":\"https:\/\/www.spaininvestorsday.com\/#website\"},\"primaryImageOfPage\":{\"@id\":\"https:\/\/www.spaininvestorsday.com\/el-presidente-del-gobierno-avanza-un-nuevo-impulso-de-pais-para-priorizar-una-economia-moderna-responsabilidad-fiscal-y-finanzas-sostenibles\/#primaryimage\"},\"image\":{\"@id\":\"https:\/\/www.spaininvestorsday.com\/el-presidente-del-gobierno-avanza-un-nuevo-impulso-de-pais-para-priorizar-una-economia-moderna-responsabilidad-fiscal-y-finanzas-sostenibles\/#primaryimage\"},\"thumbnailUrl\":\"https:\/\/www.spaininvestorsday.com\/wp-content\/uploads\/2024\/01\/NOTA-DE-PRENSA-10.jpg\",\"datePublished\":\"2024-01-12T11:52:26+00:00\",\"dateModified\":\"2024-01-12T11:53:40+00:00\",\"breadcrumb\":{\"@id\":\"https:\/\/www.spaininvestorsday.com\/el-presidente-del-gobierno-avanza-un-nuevo-impulso-de-pais-para-priorizar-una-economia-moderna-responsabilidad-fiscal-y-finanzas-sostenibles\/#breadcrumb\"},\"inLanguage\":\"en-US\",\"potentialAction\":[{\"@type\":\"ReadAction\",\"target\":[\"https:\/\/www.spaininvestorsday.com\/el-presidente-del-gobierno-avanza-un-nuevo-impulso-de-pais-para-priorizar-una-economia-moderna-responsabilidad-fiscal-y-finanzas-sostenibles\/\"]}]},{\"@type\":\"ImageObject\",\"inLanguage\":\"en-US\",\"@id\":\"https:\/\/www.spaininvestorsday.com\/el-presidente-del-gobierno-avanza-un-nuevo-impulso-de-pais-para-priorizar-una-economia-moderna-responsabilidad-fiscal-y-finanzas-sostenibles\/#primaryimage\",\"url\":\"https:\/\/www.spaininvestorsday.com\/wp-content\/uploads\/2024\/01\/NOTA-DE-PRENSA-10.jpg\",\"contentUrl\":\"https:\/\/www.spaininvestorsday.com\/wp-content\/uploads\/2024\/01\/NOTA-DE-PRENSA-10.jpg\",\"width\":1200,\"height\":800},{\"@type\":\"BreadcrumbList\",\"@id\":\"https:\/\/www.spaininvestorsday.com\/el-presidente-del-gobierno-avanza-un-nuevo-impulso-de-pais-para-priorizar-una-economia-moderna-responsabilidad-fiscal-y-finanzas-sostenibles\/#breadcrumb\",\"itemListElement\":[{\"@type\":\"ListItem\",\"position\":1,\"name\":\"Portada\",\"item\":\"https:\/\/www.spaininvestorsday.com\/\"},{\"@type\":\"ListItem\",\"position\":2,\"name\":\"EL PRESIDENTE DEL GOBIERNO AVANZA UN \u00abNUEVO IMPULSO DE PA\u00cdS\u00bb PARA PRIORIZAR UNA ECONOM\u00cdA MODERNA, RESPONSABILIDAD FISCAL Y FINANZAS SOSTENIBLES\"}]},{\"@type\":\"WebSite\",\"@id\":\"https:\/\/www.spaininvestorsday.com\/#website\",\"url\":\"https:\/\/www.spaininvestorsday.com\/\",\"name\":\"Spain Investors Day\",\"description\":\"El foro profesional \u00fanico en Espa\u00f1a\",\"publisher\":{\"@id\":\"https:\/\/www.spaininvestorsday.com\/#organization\"},\"potentialAction\":[{\"@type\":\"SearchAction\",\"target\":{\"@type\":\"EntryPoint\",\"urlTemplate\":\"https:\/\/www.spaininvestorsday.com\/?s={search_term_string}\"},\"query-input\":{\"@type\":\"PropertyValueSpecification\",\"valueRequired\":true,\"valueName\":\"search_term_string\"}}],\"inLanguage\":\"en-US\"},{\"@type\":\"Organization\",\"@id\":\"https:\/\/www.spaininvestorsday.com\/#organization\",\"name\":\"Spain Investors Day\",\"url\":\"https:\/\/www.spaininvestorsday.com\/\",\"logo\":{\"@type\":\"ImageObject\",\"inLanguage\":\"en-US\",\"@id\":\"https:\/\/www.spaininvestorsday.com\/#\/schema\/logo\/image\/\",\"url\":\"https:\/\/www.spaininvestorsday.com\/wp-content\/uploads\/2021\/10\/SID-2021.svg\",\"contentUrl\":\"https:\/\/www.spaininvestorsday.com\/wp-content\/uploads\/2021\/10\/SID-2021.svg\",\"width\":199,\"height\":79,\"caption\":\"Spain Investors Day\"},\"image\":{\"@id\":\"https:\/\/www.spaininvestorsday.com\/#\/schema\/logo\/image\/\"}},{\"@type\":\"Person\",\"@id\":\"https:\/\/www.spaininvestorsday.com\/#\/schema\/person\/5a97fa83708e448b6ed2a99027d2c7a6\",\"name\":\"mmartin\",\"image\":{\"@type\":\"ImageObject\",\"inLanguage\":\"en-US\",\"@id\":\"https:\/\/www.spaininvestorsday.com\/#\/schema\/person\/image\/\",\"url\":\"https:\/\/secure.gravatar.com\/avatar\/2cdbc25794109186737f2b868bb8d6ff2bb08f76288d542344cbff2280751ac1?s=96&d=mm&r=g\",\"contentUrl\":\"https:\/\/secure.gravatar.com\/avatar\/2cdbc25794109186737f2b868bb8d6ff2bb08f76288d542344cbff2280751ac1?s=96&d=mm&r=g\",\"caption\":\"mmartin\"},\"url\":\"https:\/\/www.spaininvestorsday.com\/en\/author\/mmartin\/\"}]}<\/script>\n<!-- \/ Yoast SEO plugin. -->","yoast_head_json":{"title":"EL PRESIDENTE DEL GOBIERNO AVANZA UN \"NUEVO IMPULSO DE PA\u00cdS\" PARA PRIORIZAR UNA ECONOM\u00cdA MODERNA, RESPONSABILIDAD FISCAL Y FINANZAS SOSTENIBLES - Spain Investors Day","robots":{"index":"index","follow":"follow","max-snippet":"max-snippet:-1","max-image-preview":"max-image-preview:large","max-video-preview":"max-video-preview:-1"},"canonical":"https:\/\/www.spaininvestorsday.com\/el-presidente-del-gobierno-avanza-un-nuevo-impulso-de-pais-para-priorizar-una-economia-moderna-responsabilidad-fiscal-y-finanzas-sostenibles\/","og_locale":"en_US","og_type":"article","og_title":"EL PRESIDENTE DEL GOBIERNO AVANZA UN \"NUEVO IMPULSO DE PA\u00cdS\" PARA PRIORIZAR UNA ECONOM\u00cdA MODERNA, RESPONSABILIDAD FISCAL Y FINANZAS SOSTENIBLES - Spain Investors Day","og_description":"Pedro S\u00e1nchez ha clausurado el foro financiero internacional &#8216;Spain Investors Day&#8217;, donde ha destacado la resiliencia y la fortaleza de la econom\u00eda espa\u00f1ola. &nbsp; Madrid 11\/01\/2024.- El presidente del Gobierno, Pedro S\u00e1nchez, ha clausurado esta tarde la XIV edici\u00f3n del foro financiero internacional &#8216;Spain Investors Day&#8217;, donde ha remarcado la &#8220;extraordinaria resiliencia y fortaleza&#8221; de&hellip; Continue reading EL PRESIDENTE DEL GOBIERNO AVANZA UN &#8220;NUEVO IMPULSO DE PA\u00cdS&#8221; PARA PRIORIZAR UNA ECONOM\u00cdA MODERNA, RESPONSABILIDAD FISCAL Y FINANZAS SOSTENIBLES","og_url":"https:\/\/www.spaininvestorsday.com\/el-presidente-del-gobierno-avanza-un-nuevo-impulso-de-pais-para-priorizar-una-economia-moderna-responsabilidad-fiscal-y-finanzas-sostenibles\/","og_site_name":"Spain Investors Day","article_published_time":"2024-01-12T11:52:26+00:00","article_modified_time":"2024-01-12T11:53:40+00:00","og_image":[{"width":1200,"height":800,"url":"https:\/\/www.spaininvestorsday.com\/wp-content\/uploads\/2024\/01\/NOTA-DE-PRENSA-10.jpg","type":"image\/jpeg"}],"author":"mmartin","twitter_card":"summary_large_image","twitter_misc":{"Written by":"mmartin","Est. reading time":"6 minutes"},"schema":{"@context":"https:\/\/schema.org","@graph":[{"@type":"Article","@id":"https:\/\/www.spaininvestorsday.com\/el-presidente-del-gobierno-avanza-un-nuevo-impulso-de-pais-para-priorizar-una-economia-moderna-responsabilidad-fiscal-y-finanzas-sostenibles\/#article","isPartOf":{"@id":"https:\/\/www.spaininvestorsday.com\/el-presidente-del-gobierno-avanza-un-nuevo-impulso-de-pais-para-priorizar-una-economia-moderna-responsabilidad-fiscal-y-finanzas-sostenibles\/"},"author":{"name":"mmartin","@id":"https:\/\/www.spaininvestorsday.com\/#\/schema\/person\/5a97fa83708e448b6ed2a99027d2c7a6"},"headline":"EL PRESIDENTE DEL GOBIERNO AVANZA UN &#8220;NUEVO IMPULSO DE PA\u00cdS&#8221; PARA PRIORIZAR UNA ECONOM\u00cdA MODERNA, RESPONSABILIDAD FISCAL Y FINANZAS SOSTENIBLES","datePublished":"2024-01-12T11:52:26+00:00","dateModified":"2024-01-12T11:53:40+00:00","mainEntityOfPage":{"@id":"https:\/\/www.spaininvestorsday.com\/el-presidente-del-gobierno-avanza-un-nuevo-impulso-de-pais-para-priorizar-una-economia-moderna-responsabilidad-fiscal-y-finanzas-sostenibles\/"},"wordCount":1284,"commentCount":0,"publisher":{"@id":"https:\/\/www.spaininvestorsday.com\/#organization"},"image":{"@id":"https:\/\/www.spaininvestorsday.com\/el-presidente-del-gobierno-avanza-un-nuevo-impulso-de-pais-para-priorizar-una-economia-moderna-responsabilidad-fiscal-y-finanzas-sostenibles\/#primaryimage"},"thumbnailUrl":"https:\/\/www.spaininvestorsday.com\/wp-content\/uploads\/2024\/01\/NOTA-DE-PRENSA-10.jpg","articleSection":["Notas de Prensa","Portada"],"inLanguage":"en-US","potentialAction":[{"@type":"CommentAction","name":"Comment","target":["https:\/\/www.spaininvestorsday.com\/el-presidente-del-gobierno-avanza-un-nuevo-impulso-de-pais-para-priorizar-una-economia-moderna-responsabilidad-fiscal-y-finanzas-sostenibles\/#respond"]}]},{"@type":"WebPage","@id":"https:\/\/www.spaininvestorsday.com\/el-presidente-del-gobierno-avanza-un-nuevo-impulso-de-pais-para-priorizar-una-economia-moderna-responsabilidad-fiscal-y-finanzas-sostenibles\/","url":"https:\/\/www.spaininvestorsday.com\/el-presidente-del-gobierno-avanza-un-nuevo-impulso-de-pais-para-priorizar-una-economia-moderna-responsabilidad-fiscal-y-finanzas-sostenibles\/","name":"EL PRESIDENTE DEL GOBIERNO AVANZA UN \"NUEVO IMPULSO DE PA\u00cdS\" PARA PRIORIZAR UNA ECONOM\u00cdA MODERNA, RESPONSABILIDAD FISCAL Y FINANZAS SOSTENIBLES - Spain Investors Day","isPartOf":{"@id":"https:\/\/www.spaininvestorsday.com\/#website"},"primaryImageOfPage":{"@id":"https:\/\/www.spaininvestorsday.com\/el-presidente-del-gobierno-avanza-un-nuevo-impulso-de-pais-para-priorizar-una-economia-moderna-responsabilidad-fiscal-y-finanzas-sostenibles\/#primaryimage"},"image":{"@id":"https:\/\/www.spaininvestorsday.com\/el-presidente-del-gobierno-avanza-un-nuevo-impulso-de-pais-para-priorizar-una-economia-moderna-responsabilidad-fiscal-y-finanzas-sostenibles\/#primaryimage"},"thumbnailUrl":"https:\/\/www.spaininvestorsday.com\/wp-content\/uploads\/2024\/01\/NOTA-DE-PRENSA-10.jpg","datePublished":"2024-01-12T11:52:26+00:00","dateModified":"2024-01-12T11:53:40+00:00","breadcrumb":{"@id":"https:\/\/www.spaininvestorsday.com\/el-presidente-del-gobierno-avanza-un-nuevo-impulso-de-pais-para-priorizar-una-economia-moderna-responsabilidad-fiscal-y-finanzas-sostenibles\/#breadcrumb"},"inLanguage":"en-US","potentialAction":[{"@type":"ReadAction","target":["https:\/\/www.spaininvestorsday.com\/el-presidente-del-gobierno-avanza-un-nuevo-impulso-de-pais-para-priorizar-una-economia-moderna-responsabilidad-fiscal-y-finanzas-sostenibles\/"]}]},{"@type":"ImageObject","inLanguage":"en-US","@id":"https:\/\/www.spaininvestorsday.com\/el-presidente-del-gobierno-avanza-un-nuevo-impulso-de-pais-para-priorizar-una-economia-moderna-responsabilidad-fiscal-y-finanzas-sostenibles\/#primaryimage","url":"https:\/\/www.spaininvestorsday.com\/wp-content\/uploads\/2024\/01\/NOTA-DE-PRENSA-10.jpg","contentUrl":"https:\/\/www.spaininvestorsday.com\/wp-content\/uploads\/2024\/01\/NOTA-DE-PRENSA-10.jpg","width":1200,"height":800},{"@type":"BreadcrumbList","@id":"https:\/\/www.spaininvestorsday.com\/el-presidente-del-gobierno-avanza-un-nuevo-impulso-de-pais-para-priorizar-una-economia-moderna-responsabilidad-fiscal-y-finanzas-sostenibles\/#breadcrumb","itemListElement":[{"@type":"ListItem","position":1,"name":"Portada","item":"https:\/\/www.spaininvestorsday.com\/"},{"@type":"ListItem","position":2,"name":"EL PRESIDENTE DEL GOBIERNO AVANZA UN \u00abNUEVO IMPULSO DE PA\u00cdS\u00bb PARA PRIORIZAR UNA ECONOM\u00cdA MODERNA, RESPONSABILIDAD FISCAL Y FINANZAS SOSTENIBLES"}]},{"@type":"WebSite","@id":"https:\/\/www.spaininvestorsday.com\/#website","url":"https:\/\/www.spaininvestorsday.com\/","name":"Spain Investors Day","description":"El foro profesional \u00fanico en Espa\u00f1a","publisher":{"@id":"https:\/\/www.spaininvestorsday.com\/#organization"},"potentialAction":[{"@type":"SearchAction","target":{"@type":"EntryPoint","urlTemplate":"https:\/\/www.spaininvestorsday.com\/?s={search_term_string}"},"query-input":{"@type":"PropertyValueSpecification","valueRequired":true,"valueName":"search_term_string"}}],"inLanguage":"en-US"},{"@type":"Organization","@id":"https:\/\/www.spaininvestorsday.com\/#organization","name":"Spain Investors Day","url":"https:\/\/www.spaininvestorsday.com\/","logo":{"@type":"ImageObject","inLanguage":"en-US","@id":"https:\/\/www.spaininvestorsday.com\/#\/schema\/logo\/image\/","url":"https:\/\/www.spaininvestorsday.com\/wp-content\/uploads\/2021\/10\/SID-2021.svg","contentUrl":"https:\/\/www.spaininvestorsday.com\/wp-content\/uploads\/2021\/10\/SID-2021.svg","width":199,"height":79,"caption":"Spain Investors Day"},"image":{"@id":"https:\/\/www.spaininvestorsday.com\/#\/schema\/logo\/image\/"}},{"@type":"Person","@id":"https:\/\/www.spaininvestorsday.com\/#\/schema\/person\/5a97fa83708e448b6ed2a99027d2c7a6","name":"mmartin","image":{"@type":"ImageObject","inLanguage":"en-US","@id":"https:\/\/www.spaininvestorsday.com\/#\/schema\/person\/image\/","url":"https:\/\/secure.gravatar.com\/avatar\/2cdbc25794109186737f2b868bb8d6ff2bb08f76288d542344cbff2280751ac1?s=96&d=mm&r=g","contentUrl":"https:\/\/secure.gravatar.com\/avatar\/2cdbc25794109186737f2b868bb8d6ff2bb08f76288d542344cbff2280751ac1?s=96&d=mm&r=g","caption":"mmartin"},"url":"https:\/\/www.spaininvestorsday.com\/en\/author\/mmartin\/"}]}},"_links":{"self":[{"href":"https:\/\/www.spaininvestorsday.com\/en\/wp-json\/wp\/v2\/posts\/21152","targetHints":{"allow":["GET"]}}],"collection":[{"href":"https:\/\/www.spaininvestorsday.com\/en\/wp-json\/wp\/v2\/posts"}],"about":[{"href":"https:\/\/www.spaininvestorsday.com\/en\/wp-json\/wp\/v2\/types\/post"}],"author":[{"embeddable":true,"href":"https:\/\/www.spaininvestorsday.com\/en\/wp-json\/wp\/v2\/users\/3"}],"replies":[{"embeddable":true,"href":"https:\/\/www.spaininvestorsday.com\/en\/wp-json\/wp\/v2\/comments?post=21152"}],"version-history":[{"count":4,"href":"https:\/\/www.spaininvestorsday.com\/en\/wp-json\/wp\/v2\/posts\/21152\/revisions"}],"predecessor-version":[{"id":21158,"href":"https:\/\/www.spaininvestorsday.com\/en\/wp-json\/wp\/v2\/posts\/21152\/revisions\/21158"}],"wp:featuredmedia":[{"embeddable":true,"href":"https:\/\/www.spaininvestorsday.com\/en\/wp-json\/wp\/v2\/media\/21153"}],"wp:attachment":[{"href":"https:\/\/www.spaininvestorsday.com\/en\/wp-json\/wp\/v2\/media?parent=21152"}],"wp:term":[{"taxonomy":"category","embeddable":true,"href":"https:\/\/www.spaininvestorsday.com\/en\/wp-json\/wp\/v2\/categories?post=21152"},{"taxonomy":"post_tag","embeddable":true,"href":"https:\/\/www.spaininvestorsday.com\/en\/wp-json\/wp\/v2\/tags?post=21152"}],"curies":[{"name":"wp","href":"https:\/\/api.w.org\/{rel}","templated":true}]}}