{"id":21137,"date":"2024-01-11T14:36:02","date_gmt":"2024-01-11T14:36:02","guid":{"rendered":"https:\/\/www.spaininvestorsday.com\/?p=21137"},"modified":"2024-01-11T14:37:23","modified_gmt":"2024-01-11T14:37:23","slug":"carlos-cuerpo-preve-un-crecimiento-para-la-economia-espanola-en-2023-de-24-superior-a-las-principales-economias-de-la-union-europea","status":"publish","type":"post","link":"https:\/\/www.spaininvestorsday.com\/en\/carlos-cuerpo-preve-un-crecimiento-para-la-economia-espanola-en-2023-de-24-superior-a-las-principales-economias-de-la-union-europea\/","title":{"rendered":"CARLOS CUERPO PREV\u00c9 UN CRECIMIENTO PARA LA ECONOM\u00cdA ESPA\u00d1OLA EN 2023 DE 2,4%, SUPERIOR A LAS PRINCIPALES ECONOM\u00cdAS DE LA UNI\u00d3N EUROPEA"},"content":{"rendered":"<ul>\n<li>El ministro hizo hincapi\u00e9 en el excelente desempe\u00f1o de Espa\u00f1a como motor de crecimiento de Europa, con una previsi\u00f3n de crecimiento del 2,4% en 2023<\/li>\n<\/ul>\n<p><strong>Madrid 11\/01\/2024.-<\/strong> <strong>Carlos Cuerpo, ministro de Econom\u00eda, Comercio y Empresa<\/strong>, afirm\u00f3 hoy, en la XIV edici\u00f3n del foro econ\u00f3mico Spain Investors Day, que Espa\u00f1a ha registrado unos resultados excepcionales en los \u00faltimos a\u00f1os, alz\u00e1ndose como \u201cmotor de crecimiento de Europa\u201d. As\u00ed lo avanz\u00f3 ante responsables de m\u00e1s de 40 grandes compa\u00f1\u00edas cotizadas que representan m\u00e1s del 70% del Ibex 35 y m\u00e1s de 200 inversores nacionales e internacionales. Adem\u00e1s, destac\u00f3 que \u201cen 2023 se espera un crecimiento del 2,4%, superior a las principales econom\u00edas de la Uni\u00f3n Europea\u201d.<\/p>\n<p>En la coyuntura econ\u00f3mica actual, el ministro subray\u00f3 que \u201clas tendencias de crecimiento en Espa\u00f1a se sostienen gracias a un mercado laboral robusto, as\u00ed como a un s\u00f3lido sector exterior\u201d. En vista de esto, el titular de Econom\u00eda tambi\u00e9n indic\u00f3 que \u201cEspa\u00f1a ha registrado 11 a\u00f1os consecutivos de super\u00e1vit por cuenta corriente, un dato r\u00e9cord que no se ve\u00eda en mucho tiempo\u201d.<\/p>\n<p>Por su parte, en cuanto a la evoluci\u00f3n del mercado laboral, se\u00f1al\u00f3 que \u201cla estabilidad del empleo est\u00e1 convergiendo hacia los niveles de Europa, y los j\u00f3venes y las mujeres se est\u00e1n beneficiando del desarrollo del mercado laboral\u201d. Como resultado, afirm\u00f3 que \u201clos sectores de alto valor a\u00f1adido tambi\u00e9n est\u00e1n creciendo, y la reforma del mercado laboral ha demostrado avances que se ven reflejados en los salarios m\u00ednimos, las leyes de solvencia, la ley de startups, y otros factores\u201d.<\/p>\n<p>Cuerpo puso de manifiesto que \u201cm\u00e1s del 40% de la inversi\u00f3n en Espa\u00f1a es extranjera\u201d. A este respecto, dio un mensaje de optimismo a empresarios e inversores y resalt\u00f3 su \u201cdeterminaci\u00f3n de mantener una pol\u00edtica econ\u00f3mica continuista para renovar la confianza de los inversores en la econom\u00eda espa\u00f1ola\u201d.<\/p>\n<p>La XIV edici\u00f3n del Spain Investors Day ha visto un incremento en el n\u00famero de inversores y las regiones de procedencia, habi\u00e9ndose organizado m\u00e1s de 800 encuentros <em>one-to-one<\/em> entre inversores y empresas de sectores como el energ\u00e9tico, el financiero, el tur\u00edstico, el tecnol\u00f3gico, la movilidad, el inmobiliario y el de las infraestructuras, entre otros.<\/p>\n<p>Los asociados estrat\u00e9gicos que hacen posible el Foro Spain Investors Day son BNP PARIBAS, l\u00edder europeo en servicios financieros, y BNP PARIBAS EXANE, uno de los principales intermediarios en renta variable europea. El Foro cuenta con el patrocinio de DELOITTE, ENDESA, CECABANK, AON, IAG, BME y PRISA. Tambi\u00e9n apoyan el encuentro LINKLATERS y EQUIPO ECON\u00d3MICO y las entidades p\u00fablicas ICEX-Invest in Spain, ICO y COFIDES e Invest in Madrid. Spain Investors Day es una empresa de ESTUDIO DE COMUNICACI\u00d3N.<\/p>\n","protected":false},"excerpt":{"rendered":"<p>El ministro hizo hincapi\u00e9 en el excelente desempe\u00f1o de Espa\u00f1a como motor de crecimiento de Europa, con una previsi\u00f3n de crecimiento del 2,4% en 2023 Madrid 11\/01\/2024.- Carlos Cuerpo, ministro de Econom\u00eda, Comercio y Empresa, afirm\u00f3 hoy, en la XIV edici\u00f3n del foro econ\u00f3mico Spain Investors Day, que Espa\u00f1a ha registrado unos resultados excepcionales en&hellip; <a class=\"more-link\" href=\"https:\/\/www.spaininvestorsday.com\/en\/carlos-cuerpo-preve-un-crecimiento-para-la-economia-espanola-en-2023-de-24-superior-a-las-principales-economias-de-la-union-europea\/\">Continue reading <span class=\"screen-reader-text\">CARLOS CUERPO PREV\u00c9 UN CRECIMIENTO PARA LA ECONOM\u00cdA ESPA\u00d1OLA EN 2023 DE 2,4%, SUPERIOR A LAS PRINCIPALES ECONOM\u00cdAS DE LA UNI\u00d3N EUROPEA<\/span><\/a><\/p>\n","protected":false},"author":3,"featured_media":21138,"comment_status":"open","ping_status":"open","sticky":false,"template":"","format":"standard","meta":{"inline_featured_image":false,"footnotes":""},"categories":[7,318],"tags":[],"class_list":["post-21137","post","type-post","status-publish","format-standard","has-post-thumbnail","hentry","category-notas-de-prensa","category-portada","entry"],"yoast_head":"<!-- This site is optimized with the Yoast SEO plugin v26.6 - https:\/\/yoast.com\/wordpress\/plugins\/seo\/ -->\n<title>CARLOS CUERPO PREV\u00c9 UN CRECIMIENTO PARA LA ECONOM\u00cdA ESPA\u00d1OLA EN 2023 DE 2,4%, SUPERIOR A LAS PRINCIPALES ECONOM\u00cdAS DE LA UNI\u00d3N EUROPEA - Spain Investors Day<\/title>\n<meta name=\"robots\" content=\"index, follow, max-snippet:-1, max-image-preview:large, max-video-preview:-1\" \/>\n<link rel=\"canonical\" href=\"https:\/\/www.spaininvestorsday.com\/carlos-cuerpo-preve-un-crecimiento-para-la-economia-espanola-en-2023-de-24-superior-a-las-principales-economias-de-la-union-europea\/\" \/>\n<meta property=\"og:locale\" content=\"en_US\" \/>\n<meta property=\"og:type\" content=\"article\" \/>\n<meta property=\"og:title\" content=\"CARLOS CUERPO PREV\u00c9 UN CRECIMIENTO PARA LA ECONOM\u00cdA ESPA\u00d1OLA EN 2023 DE 2,4%, SUPERIOR A LAS PRINCIPALES ECONOM\u00cdAS DE LA UNI\u00d3N EUROPEA - Spain Investors Day\" \/>\n<meta property=\"og:description\" content=\"El ministro hizo hincapi\u00e9 en el excelente desempe\u00f1o de Espa\u00f1a como motor de crecimiento de Europa, con una previsi\u00f3n de crecimiento del 2,4% en 2023 Madrid 11\/01\/2024.- Carlos Cuerpo, ministro de Econom\u00eda, Comercio y Empresa, afirm\u00f3 hoy, en la XIV edici\u00f3n del foro econ\u00f3mico Spain Investors Day, que Espa\u00f1a ha registrado unos resultados excepcionales en&hellip; Continue reading CARLOS CUERPO PREV\u00c9 UN CRECIMIENTO PARA LA ECONOM\u00cdA ESPA\u00d1OLA EN 2023 DE 2,4%, SUPERIOR A LAS PRINCIPALES ECONOM\u00cdAS DE LA UNI\u00d3N EUROPEA\" \/>\n<meta property=\"og:url\" content=\"https:\/\/www.spaininvestorsday.com\/carlos-cuerpo-preve-un-crecimiento-para-la-economia-espanola-en-2023-de-24-superior-a-las-principales-economias-de-la-union-europea\/\" \/>\n<meta property=\"og:site_name\" content=\"Spain Investors Day\" \/>\n<meta property=\"article:published_time\" content=\"2024-01-11T14:36:02+00:00\" \/>\n<meta property=\"article:modified_time\" content=\"2024-01-11T14:37:23+00:00\" \/>\n<meta property=\"og:image\" content=\"https:\/\/www.spaininvestorsday.com\/wp-content\/uploads\/2024\/01\/NOTA-DE-PRENSA-8-scaled-e1704983834999.jpg\" \/>\n\t<meta property=\"og:image:width\" content=\"1706\" \/>\n\t<meta property=\"og:image:height\" content=\"1369\" \/>\n\t<meta property=\"og:image:type\" content=\"image\/jpeg\" \/>\n<meta name=\"author\" content=\"mmartin\" \/>\n<meta name=\"twitter:card\" content=\"summary_large_image\" \/>\n<meta name=\"twitter:label1\" content=\"Written by\" \/>\n\t<meta name=\"twitter:data1\" content=\"mmartin\" \/>\n\t<meta name=\"twitter:label2\" content=\"Est. reading time\" \/>\n\t<meta name=\"twitter:data2\" content=\"2 minutes\" \/>\n<script type=\"application\/ld+json\" class=\"yoast-schema-graph\">{\"@context\":\"https:\/\/schema.org\",\"@graph\":[{\"@type\":\"Article\",\"@id\":\"https:\/\/www.spaininvestorsday.com\/carlos-cuerpo-preve-un-crecimiento-para-la-economia-espanola-en-2023-de-24-superior-a-las-principales-economias-de-la-union-europea\/#article\",\"isPartOf\":{\"@id\":\"https:\/\/www.spaininvestorsday.com\/carlos-cuerpo-preve-un-crecimiento-para-la-economia-espanola-en-2023-de-24-superior-a-las-principales-economias-de-la-union-europea\/\"},\"author\":{\"name\":\"mmartin\",\"@id\":\"https:\/\/www.spaininvestorsday.com\/#\/schema\/person\/5a97fa83708e448b6ed2a99027d2c7a6\"},\"headline\":\"CARLOS CUERPO PREV\u00c9 UN CRECIMIENTO PARA LA ECONOM\u00cdA ESPA\u00d1OLA EN 2023 DE 2,4%, SUPERIOR A LAS PRINCIPALES ECONOM\u00cdAS DE LA UNI\u00d3N EUROPEA\",\"datePublished\":\"2024-01-11T14:36:02+00:00\",\"dateModified\":\"2024-01-11T14:37:23+00:00\",\"mainEntityOfPage\":{\"@id\":\"https:\/\/www.spaininvestorsday.com\/carlos-cuerpo-preve-un-crecimiento-para-la-economia-espanola-en-2023-de-24-superior-a-las-principales-economias-de-la-union-europea\/\"},\"wordCount\":503,\"commentCount\":0,\"publisher\":{\"@id\":\"https:\/\/www.spaininvestorsday.com\/#organization\"},\"image\":{\"@id\":\"https:\/\/www.spaininvestorsday.com\/carlos-cuerpo-preve-un-crecimiento-para-la-economia-espanola-en-2023-de-24-superior-a-las-principales-economias-de-la-union-europea\/#primaryimage\"},\"thumbnailUrl\":\"https:\/\/www.spaininvestorsday.com\/wp-content\/uploads\/2024\/01\/NOTA-DE-PRENSA-8-scaled-e1704983834999.jpg\",\"articleSection\":[\"Notas de Prensa\",\"Portada\"],\"inLanguage\":\"en-US\",\"potentialAction\":[{\"@type\":\"CommentAction\",\"name\":\"Comment\",\"target\":[\"https:\/\/www.spaininvestorsday.com\/carlos-cuerpo-preve-un-crecimiento-para-la-economia-espanola-en-2023-de-24-superior-a-las-principales-economias-de-la-union-europea\/#respond\"]}]},{\"@type\":\"WebPage\",\"@id\":\"https:\/\/www.spaininvestorsday.com\/carlos-cuerpo-preve-un-crecimiento-para-la-economia-espanola-en-2023-de-24-superior-a-las-principales-economias-de-la-union-europea\/\",\"url\":\"https:\/\/www.spaininvestorsday.com\/carlos-cuerpo-preve-un-crecimiento-para-la-economia-espanola-en-2023-de-24-superior-a-las-principales-economias-de-la-union-europea\/\",\"name\":\"CARLOS CUERPO PREV\u00c9 UN CRECIMIENTO PARA LA ECONOM\u00cdA ESPA\u00d1OLA EN 2023 DE 2,4%, SUPERIOR A LAS PRINCIPALES ECONOM\u00cdAS DE LA UNI\u00d3N EUROPEA - Spain Investors Day\",\"isPartOf\":{\"@id\":\"https:\/\/www.spaininvestorsday.com\/#website\"},\"primaryImageOfPage\":{\"@id\":\"https:\/\/www.spaininvestorsday.com\/carlos-cuerpo-preve-un-crecimiento-para-la-economia-espanola-en-2023-de-24-superior-a-las-principales-economias-de-la-union-europea\/#primaryimage\"},\"image\":{\"@id\":\"https:\/\/www.spaininvestorsday.com\/carlos-cuerpo-preve-un-crecimiento-para-la-economia-espanola-en-2023-de-24-superior-a-las-principales-economias-de-la-union-europea\/#primaryimage\"},\"thumbnailUrl\":\"https:\/\/www.spaininvestorsday.com\/wp-content\/uploads\/2024\/01\/NOTA-DE-PRENSA-8-scaled-e1704983834999.jpg\",\"datePublished\":\"2024-01-11T14:36:02+00:00\",\"dateModified\":\"2024-01-11T14:37:23+00:00\",\"breadcrumb\":{\"@id\":\"https:\/\/www.spaininvestorsday.com\/carlos-cuerpo-preve-un-crecimiento-para-la-economia-espanola-en-2023-de-24-superior-a-las-principales-economias-de-la-union-europea\/#breadcrumb\"},\"inLanguage\":\"en-US\",\"potentialAction\":[{\"@type\":\"ReadAction\",\"target\":[\"https:\/\/www.spaininvestorsday.com\/carlos-cuerpo-preve-un-crecimiento-para-la-economia-espanola-en-2023-de-24-superior-a-las-principales-economias-de-la-union-europea\/\"]}]},{\"@type\":\"ImageObject\",\"inLanguage\":\"en-US\",\"@id\":\"https:\/\/www.spaininvestorsday.com\/carlos-cuerpo-preve-un-crecimiento-para-la-economia-espanola-en-2023-de-24-superior-a-las-principales-economias-de-la-union-europea\/#primaryimage\",\"url\":\"https:\/\/www.spaininvestorsday.com\/wp-content\/uploads\/2024\/01\/NOTA-DE-PRENSA-8-scaled-e1704983834999.jpg\",\"contentUrl\":\"https:\/\/www.spaininvestorsday.com\/wp-content\/uploads\/2024\/01\/NOTA-DE-PRENSA-8-scaled-e1704983834999.jpg\",\"width\":1706,\"height\":1369},{\"@type\":\"BreadcrumbList\",\"@id\":\"https:\/\/www.spaininvestorsday.com\/carlos-cuerpo-preve-un-crecimiento-para-la-economia-espanola-en-2023-de-24-superior-a-las-principales-economias-de-la-union-europea\/#breadcrumb\",\"itemListElement\":[{\"@type\":\"ListItem\",\"position\":1,\"name\":\"Portada\",\"item\":\"https:\/\/www.spaininvestorsday.com\/\"},{\"@type\":\"ListItem\",\"position\":2,\"name\":\"CARLOS CUERPO PREV\u00c9 UN CRECIMIENTO PARA LA ECONOM\u00cdA ESPA\u00d1OLA EN 2023 DE 2,4%, SUPERIOR A LAS PRINCIPALES ECONOM\u00cdAS DE LA UNI\u00d3N EUROPEA\"}]},{\"@type\":\"WebSite\",\"@id\":\"https:\/\/www.spaininvestorsday.com\/#website\",\"url\":\"https:\/\/www.spaininvestorsday.com\/\",\"name\":\"Spain Investors Day\",\"description\":\"El foro profesional \u00fanico en Espa\u00f1a\",\"publisher\":{\"@id\":\"https:\/\/www.spaininvestorsday.com\/#organization\"},\"potentialAction\":[{\"@type\":\"SearchAction\",\"target\":{\"@type\":\"EntryPoint\",\"urlTemplate\":\"https:\/\/www.spaininvestorsday.com\/?s={search_term_string}\"},\"query-input\":{\"@type\":\"PropertyValueSpecification\",\"valueRequired\":true,\"valueName\":\"search_term_string\"}}],\"inLanguage\":\"en-US\"},{\"@type\":\"Organization\",\"@id\":\"https:\/\/www.spaininvestorsday.com\/#organization\",\"name\":\"Spain Investors Day\",\"url\":\"https:\/\/www.spaininvestorsday.com\/\",\"logo\":{\"@type\":\"ImageObject\",\"inLanguage\":\"en-US\",\"@id\":\"https:\/\/www.spaininvestorsday.com\/#\/schema\/logo\/image\/\",\"url\":\"https:\/\/www.spaininvestorsday.com\/wp-content\/uploads\/2021\/10\/SID-2021.svg\",\"contentUrl\":\"https:\/\/www.spaininvestorsday.com\/wp-content\/uploads\/2021\/10\/SID-2021.svg\",\"width\":199,\"height\":79,\"caption\":\"Spain Investors Day\"},\"image\":{\"@id\":\"https:\/\/www.spaininvestorsday.com\/#\/schema\/logo\/image\/\"}},{\"@type\":\"Person\",\"@id\":\"https:\/\/www.spaininvestorsday.com\/#\/schema\/person\/5a97fa83708e448b6ed2a99027d2c7a6\",\"name\":\"mmartin\",\"image\":{\"@type\":\"ImageObject\",\"inLanguage\":\"en-US\",\"@id\":\"https:\/\/www.spaininvestorsday.com\/#\/schema\/person\/image\/\",\"url\":\"https:\/\/secure.gravatar.com\/avatar\/2cdbc25794109186737f2b868bb8d6ff2bb08f76288d542344cbff2280751ac1?s=96&d=mm&r=g\",\"contentUrl\":\"https:\/\/secure.gravatar.com\/avatar\/2cdbc25794109186737f2b868bb8d6ff2bb08f76288d542344cbff2280751ac1?s=96&d=mm&r=g\",\"caption\":\"mmartin\"},\"url\":\"https:\/\/www.spaininvestorsday.com\/en\/author\/mmartin\/\"}]}<\/script>\n<!-- \/ Yoast SEO plugin. -->","yoast_head_json":{"title":"CARLOS CUERPO PREV\u00c9 UN CRECIMIENTO PARA LA ECONOM\u00cdA ESPA\u00d1OLA EN 2023 DE 2,4%, SUPERIOR A LAS PRINCIPALES ECONOM\u00cdAS DE LA UNI\u00d3N EUROPEA - Spain Investors Day","robots":{"index":"index","follow":"follow","max-snippet":"max-snippet:-1","max-image-preview":"max-image-preview:large","max-video-preview":"max-video-preview:-1"},"canonical":"https:\/\/www.spaininvestorsday.com\/carlos-cuerpo-preve-un-crecimiento-para-la-economia-espanola-en-2023-de-24-superior-a-las-principales-economias-de-la-union-europea\/","og_locale":"en_US","og_type":"article","og_title":"CARLOS CUERPO PREV\u00c9 UN CRECIMIENTO PARA LA ECONOM\u00cdA ESPA\u00d1OLA EN 2023 DE 2,4%, SUPERIOR A LAS PRINCIPALES ECONOM\u00cdAS DE LA UNI\u00d3N EUROPEA - Spain Investors Day","og_description":"El ministro hizo hincapi\u00e9 en el excelente desempe\u00f1o de Espa\u00f1a como motor de crecimiento de Europa, con una previsi\u00f3n de crecimiento del 2,4% en 2023 Madrid 11\/01\/2024.- Carlos Cuerpo, ministro de Econom\u00eda, Comercio y Empresa, afirm\u00f3 hoy, en la XIV edici\u00f3n del foro econ\u00f3mico Spain Investors Day, que Espa\u00f1a ha registrado unos resultados excepcionales en&hellip; Continue reading CARLOS CUERPO PREV\u00c9 UN CRECIMIENTO PARA LA ECONOM\u00cdA ESPA\u00d1OLA EN 2023 DE 2,4%, SUPERIOR A LAS PRINCIPALES ECONOM\u00cdAS DE LA UNI\u00d3N EUROPEA","og_url":"https:\/\/www.spaininvestorsday.com\/carlos-cuerpo-preve-un-crecimiento-para-la-economia-espanola-en-2023-de-24-superior-a-las-principales-economias-de-la-union-europea\/","og_site_name":"Spain Investors Day","article_published_time":"2024-01-11T14:36:02+00:00","article_modified_time":"2024-01-11T14:37:23+00:00","og_image":[{"width":1706,"height":1369,"url":"https:\/\/www.spaininvestorsday.com\/wp-content\/uploads\/2024\/01\/NOTA-DE-PRENSA-8-scaled-e1704983834999.jpg","type":"image\/jpeg"}],"author":"mmartin","twitter_card":"summary_large_image","twitter_misc":{"Written by":"mmartin","Est. reading time":"2 minutes"},"schema":{"@context":"https:\/\/schema.org","@graph":[{"@type":"Article","@id":"https:\/\/www.spaininvestorsday.com\/carlos-cuerpo-preve-un-crecimiento-para-la-economia-espanola-en-2023-de-24-superior-a-las-principales-economias-de-la-union-europea\/#article","isPartOf":{"@id":"https:\/\/www.spaininvestorsday.com\/carlos-cuerpo-preve-un-crecimiento-para-la-economia-espanola-en-2023-de-24-superior-a-las-principales-economias-de-la-union-europea\/"},"author":{"name":"mmartin","@id":"https:\/\/www.spaininvestorsday.com\/#\/schema\/person\/5a97fa83708e448b6ed2a99027d2c7a6"},"headline":"CARLOS CUERPO PREV\u00c9 UN CRECIMIENTO PARA LA ECONOM\u00cdA ESPA\u00d1OLA EN 2023 DE 2,4%, SUPERIOR A LAS PRINCIPALES ECONOM\u00cdAS DE LA UNI\u00d3N EUROPEA","datePublished":"2024-01-11T14:36:02+00:00","dateModified":"2024-01-11T14:37:23+00:00","mainEntityOfPage":{"@id":"https:\/\/www.spaininvestorsday.com\/carlos-cuerpo-preve-un-crecimiento-para-la-economia-espanola-en-2023-de-24-superior-a-las-principales-economias-de-la-union-europea\/"},"wordCount":503,"commentCount":0,"publisher":{"@id":"https:\/\/www.spaininvestorsday.com\/#organization"},"image":{"@id":"https:\/\/www.spaininvestorsday.com\/carlos-cuerpo-preve-un-crecimiento-para-la-economia-espanola-en-2023-de-24-superior-a-las-principales-economias-de-la-union-europea\/#primaryimage"},"thumbnailUrl":"https:\/\/www.spaininvestorsday.com\/wp-content\/uploads\/2024\/01\/NOTA-DE-PRENSA-8-scaled-e1704983834999.jpg","articleSection":["Notas de Prensa","Portada"],"inLanguage":"en-US","potentialAction":[{"@type":"CommentAction","name":"Comment","target":["https:\/\/www.spaininvestorsday.com\/carlos-cuerpo-preve-un-crecimiento-para-la-economia-espanola-en-2023-de-24-superior-a-las-principales-economias-de-la-union-europea\/#respond"]}]},{"@type":"WebPage","@id":"https:\/\/www.spaininvestorsday.com\/carlos-cuerpo-preve-un-crecimiento-para-la-economia-espanola-en-2023-de-24-superior-a-las-principales-economias-de-la-union-europea\/","url":"https:\/\/www.spaininvestorsday.com\/carlos-cuerpo-preve-un-crecimiento-para-la-economia-espanola-en-2023-de-24-superior-a-las-principales-economias-de-la-union-europea\/","name":"CARLOS CUERPO PREV\u00c9 UN CRECIMIENTO PARA LA ECONOM\u00cdA ESPA\u00d1OLA EN 2023 DE 2,4%, SUPERIOR A LAS PRINCIPALES ECONOM\u00cdAS DE LA UNI\u00d3N EUROPEA - Spain Investors Day","isPartOf":{"@id":"https:\/\/www.spaininvestorsday.com\/#website"},"primaryImageOfPage":{"@id":"https:\/\/www.spaininvestorsday.com\/carlos-cuerpo-preve-un-crecimiento-para-la-economia-espanola-en-2023-de-24-superior-a-las-principales-economias-de-la-union-europea\/#primaryimage"},"image":{"@id":"https:\/\/www.spaininvestorsday.com\/carlos-cuerpo-preve-un-crecimiento-para-la-economia-espanola-en-2023-de-24-superior-a-las-principales-economias-de-la-union-europea\/#primaryimage"},"thumbnailUrl":"https:\/\/www.spaininvestorsday.com\/wp-content\/uploads\/2024\/01\/NOTA-DE-PRENSA-8-scaled-e1704983834999.jpg","datePublished":"2024-01-11T14:36:02+00:00","dateModified":"2024-01-11T14:37:23+00:00","breadcrumb":{"@id":"https:\/\/www.spaininvestorsday.com\/carlos-cuerpo-preve-un-crecimiento-para-la-economia-espanola-en-2023-de-24-superior-a-las-principales-economias-de-la-union-europea\/#breadcrumb"},"inLanguage":"en-US","potentialAction":[{"@type":"ReadAction","target":["https:\/\/www.spaininvestorsday.com\/carlos-cuerpo-preve-un-crecimiento-para-la-economia-espanola-en-2023-de-24-superior-a-las-principales-economias-de-la-union-europea\/"]}]},{"@type":"ImageObject","inLanguage":"en-US","@id":"https:\/\/www.spaininvestorsday.com\/carlos-cuerpo-preve-un-crecimiento-para-la-economia-espanola-en-2023-de-24-superior-a-las-principales-economias-de-la-union-europea\/#primaryimage","url":"https:\/\/www.spaininvestorsday.com\/wp-content\/uploads\/2024\/01\/NOTA-DE-PRENSA-8-scaled-e1704983834999.jpg","contentUrl":"https:\/\/www.spaininvestorsday.com\/wp-content\/uploads\/2024\/01\/NOTA-DE-PRENSA-8-scaled-e1704983834999.jpg","width":1706,"height":1369},{"@type":"BreadcrumbList","@id":"https:\/\/www.spaininvestorsday.com\/carlos-cuerpo-preve-un-crecimiento-para-la-economia-espanola-en-2023-de-24-superior-a-las-principales-economias-de-la-union-europea\/#breadcrumb","itemListElement":[{"@type":"ListItem","position":1,"name":"Portada","item":"https:\/\/www.spaininvestorsday.com\/"},{"@type":"ListItem","position":2,"name":"CARLOS CUERPO PREV\u00c9 UN CRECIMIENTO PARA LA ECONOM\u00cdA ESPA\u00d1OLA EN 2023 DE 2,4%, SUPERIOR A LAS PRINCIPALES ECONOM\u00cdAS DE LA UNI\u00d3N EUROPEA"}]},{"@type":"WebSite","@id":"https:\/\/www.spaininvestorsday.com\/#website","url":"https:\/\/www.spaininvestorsday.com\/","name":"Spain Investors Day","description":"El foro profesional \u00fanico en Espa\u00f1a","publisher":{"@id":"https:\/\/www.spaininvestorsday.com\/#organization"},"potentialAction":[{"@type":"SearchAction","target":{"@type":"EntryPoint","urlTemplate":"https:\/\/www.spaininvestorsday.com\/?s={search_term_string}"},"query-input":{"@type":"PropertyValueSpecification","valueRequired":true,"valueName":"search_term_string"}}],"inLanguage":"en-US"},{"@type":"Organization","@id":"https:\/\/www.spaininvestorsday.com\/#organization","name":"Spain Investors Day","url":"https:\/\/www.spaininvestorsday.com\/","logo":{"@type":"ImageObject","inLanguage":"en-US","@id":"https:\/\/www.spaininvestorsday.com\/#\/schema\/logo\/image\/","url":"https:\/\/www.spaininvestorsday.com\/wp-content\/uploads\/2021\/10\/SID-2021.svg","contentUrl":"https:\/\/www.spaininvestorsday.com\/wp-content\/uploads\/2021\/10\/SID-2021.svg","width":199,"height":79,"caption":"Spain Investors Day"},"image":{"@id":"https:\/\/www.spaininvestorsday.com\/#\/schema\/logo\/image\/"}},{"@type":"Person","@id":"https:\/\/www.spaininvestorsday.com\/#\/schema\/person\/5a97fa83708e448b6ed2a99027d2c7a6","name":"mmartin","image":{"@type":"ImageObject","inLanguage":"en-US","@id":"https:\/\/www.spaininvestorsday.com\/#\/schema\/person\/image\/","url":"https:\/\/secure.gravatar.com\/avatar\/2cdbc25794109186737f2b868bb8d6ff2bb08f76288d542344cbff2280751ac1?s=96&d=mm&r=g","contentUrl":"https:\/\/secure.gravatar.com\/avatar\/2cdbc25794109186737f2b868bb8d6ff2bb08f76288d542344cbff2280751ac1?s=96&d=mm&r=g","caption":"mmartin"},"url":"https:\/\/www.spaininvestorsday.com\/en\/author\/mmartin\/"}]}},"_links":{"self":[{"href":"https:\/\/www.spaininvestorsday.com\/en\/wp-json\/wp\/v2\/posts\/21137","targetHints":{"allow":["GET"]}}],"collection":[{"href":"https:\/\/www.spaininvestorsday.com\/en\/wp-json\/wp\/v2\/posts"}],"about":[{"href":"https:\/\/www.spaininvestorsday.com\/en\/wp-json\/wp\/v2\/types\/post"}],"author":[{"embeddable":true,"href":"https:\/\/www.spaininvestorsday.com\/en\/wp-json\/wp\/v2\/users\/3"}],"replies":[{"embeddable":true,"href":"https:\/\/www.spaininvestorsday.com\/en\/wp-json\/wp\/v2\/comments?post=21137"}],"version-history":[{"count":1,"href":"https:\/\/www.spaininvestorsday.com\/en\/wp-json\/wp\/v2\/posts\/21137\/revisions"}],"predecessor-version":[{"id":21140,"href":"https:\/\/www.spaininvestorsday.com\/en\/wp-json\/wp\/v2\/posts\/21137\/revisions\/21140"}],"wp:featuredmedia":[{"embeddable":true,"href":"https:\/\/www.spaininvestorsday.com\/en\/wp-json\/wp\/v2\/media\/21138"}],"wp:attachment":[{"href":"https:\/\/www.spaininvestorsday.com\/en\/wp-json\/wp\/v2\/media?parent=21137"}],"wp:term":[{"taxonomy":"category","embeddable":true,"href":"https:\/\/www.spaininvestorsday.com\/en\/wp-json\/wp\/v2\/categories?post=21137"},{"taxonomy":"post_tag","embeddable":true,"href":"https:\/\/www.spaininvestorsday.com\/en\/wp-json\/wp\/v2\/tags?post=21137"}],"curies":[{"name":"wp","href":"https:\/\/api.w.org\/{rel}","templated":true}]}}