{"id":19891,"date":"2023-01-13T13:00:49","date_gmt":"2023-01-13T13:00:49","guid":{"rendered":"https:\/\/www.spaininvestorsday.com\/?p=19891"},"modified":"2023-01-19T12:45:30","modified_gmt":"2023-01-19T12:45:30","slug":"pedro-sanchez-asiste-al-acto-de-clausura-de-la-xiii-edicion-del-spain-investors-day","status":"publish","type":"post","link":"https:\/\/www.spaininvestorsday.com\/en\/pedro-sanchez-asiste-al-acto-de-clausura-de-la-xiii-edicion-del-spain-investors-day\/","title":{"rendered":"PEDRO S\u00c1NCHEZ ASISTE AL ACTO DE CLAUSURA DE LA XIII EDICI\u00d3N DEL SPAIN INVESTORS DAY"},"content":{"rendered":"<ul>\n<li><span style=\"background-color: var(--global--color-background); color: var(--global--color-primary); font-family: var(--global--font-secondary); font-size: var(--global--font-size-base);\">El jefe del Ejecutivo considera que &#8220;quienes m\u00e1s tienen deben ayudar a proteger a la sociedad a la que tanto deben&#8221; y ha defendido el plan de medidas contra el impacto de la guerra que moviliza 45.000 millones de euros.<\/span><\/li>\n<\/ul>\n<div id=\"VideoGalleryContainer\" class=\"banner-news mediaContainer video-gallery rs_skip rs_preserve\">\n<div id=\"mediaBtnContainerID\" class=\"mediaTopContainer mediaBtnContainer\"><\/div>\n<\/div>\n<p class=\"news-location\"><strong>12\/01\/2023-. <\/strong>El presidente del Gobierno, Pedro S\u00e1nchez, ha clausurado la XIII Edici\u00f3n del foro financiero internacional Spain Investors Day, donde ha remarcado que &#8220;Espa\u00f1a cuenta con extraordinarias fortalezas&#8221;, que explican que la econom\u00eda nacional vaya a ser una de las que &#8220;mejor navegue este periodo de incertidumbre&#8221;, como as\u00ed lo aseguran los principales organismos nacionales e internacionales. &#8220;Despu\u00e9s de la pandemia, despu\u00e9s de que estallara la guerra, Espa\u00f1a alcanza los mejores datos de empleo de su historia, crece por encima de la eurozona y registra la tasa de inflaci\u00f3n m\u00e1s baja de toda la Uni\u00f3n Europea&#8221;, ha valorado.<\/p>\n<p class=\"ms-rteElement-Parrafo_Normal\">El jefe del Ejecutivo ha puesto de relieve el ritmo &#8220;sin parang\u00f3n&#8221; de la modernizaci\u00f3n en Espa\u00f1a. &#8220;Tras d\u00e9cadas de deslocalizaci\u00f3n, hemos empezado a recuperar industrias estrat\u00e9gicas&#8221;, ha aseverado el jefe del Ejecutivo. De esta forma, Pedro S\u00e1nchez ha resaltado las inversiones de multinacionales anunciadas en los \u00faltimos meses en nuestro pa\u00eds para producir bater\u00edas el\u00e9ctricas para veh\u00edculos sostenibles, generar hidr\u00f3geno verde para &#8220;los barcos del futuro&#8221; y ubicar centros de almacenamiento y procesamiento de datos.<\/p>\n<p class=\"ms-rteElement-Parrafo_Normal\"><span class=\"default-content-image Centrado\"><span class=\"AutorF rs_skip renditionid33\"><span class=\"semibold\">El presidente del Gobierno, Pedro S\u00e1nchez, durante su intervenci\u00f3n en el acto de clausura de la XIII Edici\u00f3n del foro financiero internacional Spain Investors Day.<\/span>\u00a0| Pool Moncloa\/Fernando Calvo<\/span><\/span><\/p>\n<p class=\"ms-rteElement-Parrafo_Normal\">Entre las fortalezas de la econom\u00eda espa\u00f1ola, el jefe del Ejecutivo ha rese\u00f1ado el alto porcentaje de titulados superiores, cient\u00edficos e ingenieros, como tambi\u00e9n el despliegue de energ\u00edas renovables. &#8220;En la \u00faltima d\u00e9cada nuestra econom\u00eda ha crecido y ha crecido mucho y nuestras emisiones de gases de efecto invernadero, como el CO2, han ca\u00eddo de manera muy considerable&#8221;, ha descrito.<\/p>\n<p class=\"ms-rteElement-Parrafo_Normal\">Junto a ello, Espa\u00f1a es el pa\u00eds l\u00edder en el avance de los fondos europeos, habiendo recibido m\u00e1s de 31.000 millones de euros. &#8220;Hemos sido capaces de ser el primer pa\u00eds en cumplir con las exigencias para obtener los desembolsos por parte de la Comisi\u00f3n Europea&#8221;, ha resaltado el presidente del Gobierno. Los fondos han llegado ya a m\u00e1s de 100.000 empresa y a casi 6.000 de los 8.000 municipios del pa\u00eds, adem\u00e1s de haber lanzado convocatorias y licitaciones por importe de 43.060 millones de euros.<\/p>\n<p class=\"ms-rteElement-Parrafo_Normal\">A ello se suma que Espa\u00f1a va a solicitar a la Comisi\u00f3n Europea los 94.000 millones de euros adicionales de transferencias y prestamos previstos en la adenda del\u00a0<a href=\"https:\/\/planderecuperacion.gob.es\/\" target=\"_blank\" rel=\"noopener\">Plan de Recuperaci\u00f3n,<\/a>\u00a0destinados a ampliar los 12\u00a0<a href=\"https:\/\/planderecuperacion.gob.es\/como-acceder-a-los-fondos\/pertes\" target=\"_blank\" rel=\"noopener\">proyectos estrat\u00e9gicos para la recuperaci\u00f3n y transformaci\u00f3n econ\u00f3mica<\/a>\u00a0(PERTE) y a crear nuevos instrumentos de financiaci\u00f3n.<\/p>\n<p><strong>La autonom\u00eda estrat\u00e9gica, factor clave<\/strong><\/p>\n<p><span class=\"default-content-image Centrado\"><span class=\"AutorF rs_skip renditionid33\"><span class=\"semibold\">El presidente del Gobierno, Pedro S\u00e1nchez, en la foto de familia de la XIII Edici\u00f3n del foro financiero internacional Spain Investors Day.<\/span>\u00a0| Pool Moncloa\/Fernando Calvo<\/span><\/span><\/p>\n<p class=\"ms-rteElement-Parrafo_Normal\">&#8220;La autonom\u00eda estrat\u00e9gica no puede ser una excusa de nuevo para pol\u00edticas proteccionistas&#8221;, ha asegurado el jefe del Ejecutivo, que ha a\u00f1adido que &#8220;tenemos que industrializar Europa, de que Europa tambi\u00e9n debe contar con la presencia de industrias, de chips, de semiconductores&#8221;. De esta forma, el presidente del Gobierno ha explicado que la autonom\u00eda estrat\u00e9gica, junto al pilar social, van a ser los ejes centrales de la presidencia espa\u00f1ola de la Uni\u00f3n Europea durante el segundo semestre del a\u00f1o.<\/p>\n<p class=\"ms-rteElement-Parrafo_Normal\">Asimismo, Pedro S\u00e1nchez ha reconocido la labor de los inversores, empresarios y emprendedores. Ante el impacto econ\u00f3mico de la guerra, el jefe del Ejecutivo ha subrayado tambi\u00e9n la necesidad de que &#8220;quienes m\u00e1s tienen, deben ayudar para proteger a la sociedad a la que tanto deben y sin la cual ellos mismos no podr\u00edan prosperar&#8221;. Este compromiso, ha incidido, es el que explica los distintos paquetes de medidas aprobados por el Gobierno para enfrentar las consecuencias econ\u00f3micas y sociales de la invasi\u00f3n a Ucrania, que ya han movilizado 45.000 millones de euros.<\/p>\n<p><strong>Ambiciosa agenda reformista<\/strong><\/p>\n<p class=\"ms-rteElement-Parrafo_Normal\">De esta forma, el Ejecutivo ha emprendido una ambiciosa agenda reformista que incluye la nueva ley concursal, la ley de Startups, la de Ciencia, la de Universidades y la de Creaci\u00f3n y Crecimiento de Empresas. &#8220;Todo esto obedece a una hoja de ruta clara del Gobierno de Espa\u00f1a, con unas prioridades bien definidas y con un calendario ambicioso&#8221;, ha sostenido sobre la aprobaci\u00f3n de estas medidas, el despliegue de los fondos europeos y la acci\u00f3n e influencia de Espa\u00f1a en Europa.<\/p>\n<p class=\"ms-rteElement-Parrafo_Normal\">El presidente del Gobierno ha realzado las &#8220;bases robustas&#8221; y el &#8220;inmenso potencial&#8221; que detectan los organismos en Espa\u00f1a, dos aspectos que propician que nuestro pa\u00eds sea &#8220;uno de los mejores lugares del mundo para hacer negocios y por lo tanto para invertir&#8221;, ha sostenido. &#8220;Sigan apostando por Espa\u00f1a, porque Espa\u00f1a estar\u00e1 a la altura&#8221;, ha sentenciado.<\/p>\n","protected":false},"excerpt":{"rendered":"<p>El jefe del Ejecutivo considera que &#8220;quienes m\u00e1s tienen deben ayudar a proteger a la sociedad a la que tanto deben&#8221; y ha defendido el plan de medidas contra el impacto de la guerra que moviliza 45.000 millones de euros. 12\/01\/2023-. El presidente del Gobierno, Pedro S\u00e1nchez, ha clausurado la XIII Edici\u00f3n del foro financiero&hellip; <a class=\"more-link\" href=\"https:\/\/www.spaininvestorsday.com\/en\/pedro-sanchez-asiste-al-acto-de-clausura-de-la-xiii-edicion-del-spain-investors-day\/\">Continue reading <span class=\"screen-reader-text\">PEDRO S\u00c1NCHEZ ASISTE AL ACTO DE CLAUSURA DE LA XIII EDICI\u00d3N DEL SPAIN INVESTORS DAY<\/span><\/a><\/p>\n","protected":false},"author":3,"featured_media":18964,"comment_status":"open","ping_status":"open","sticky":false,"template":"","format":"standard","meta":{"inline_featured_image":false,"footnotes":""},"categories":[7,318],"tags":[],"class_list":["post-19891","post","type-post","status-publish","format-standard","has-post-thumbnail","hentry","category-notas-de-prensa","category-portada","entry"],"yoast_head":"<!-- This site is optimized with the Yoast SEO plugin v26.6 - https:\/\/yoast.com\/wordpress\/plugins\/seo\/ -->\n<title>PEDRO S\u00c1NCHEZ ASISTE AL ACTO DE CLAUSURA DE LA XIII EDICI\u00d3N DEL SPAIN INVESTORS DAY - Spain Investors Day<\/title>\n<meta name=\"robots\" content=\"index, follow, max-snippet:-1, max-image-preview:large, max-video-preview:-1\" \/>\n<link rel=\"canonical\" href=\"https:\/\/www.spaininvestorsday.com\/pedro-sanchez-asiste-al-acto-de-clausura-de-la-xiii-edicion-del-spain-investors-day\/\" \/>\n<meta property=\"og:locale\" content=\"en_US\" \/>\n<meta property=\"og:type\" content=\"article\" \/>\n<meta property=\"og:title\" content=\"PEDRO S\u00c1NCHEZ ASISTE AL ACTO DE CLAUSURA DE LA XIII EDICI\u00d3N DEL SPAIN INVESTORS DAY - Spain Investors Day\" \/>\n<meta property=\"og:description\" content=\"El jefe del Ejecutivo considera que &#8220;quienes m\u00e1s tienen deben ayudar a proteger a la sociedad a la que tanto deben&#8221; y ha defendido el plan de medidas contra el impacto de la guerra que moviliza 45.000 millones de euros. 12\/01\/2023-. El presidente del Gobierno, Pedro S\u00e1nchez, ha clausurado la XIII Edici\u00f3n del foro financiero&hellip; Continue reading PEDRO S\u00c1NCHEZ ASISTE AL ACTO DE CLAUSURA DE LA XIII EDICI\u00d3N DEL SPAIN INVESTORS DAY\" \/>\n<meta property=\"og:url\" content=\"https:\/\/www.spaininvestorsday.com\/pedro-sanchez-asiste-al-acto-de-clausura-de-la-xiii-edicion-del-spain-investors-day\/\" \/>\n<meta property=\"og:site_name\" content=\"Spain Investors Day\" \/>\n<meta property=\"article:published_time\" content=\"2023-01-13T13:00:49+00:00\" \/>\n<meta property=\"article:modified_time\" content=\"2023-01-19T12:45:30+00:00\" \/>\n<meta property=\"og:image\" content=\"https:\/\/www.spaininvestorsday.com\/wp-content\/uploads\/2023\/01\/JMC_3950-scaled-e1673608594351.jpg\" \/>\n\t<meta property=\"og:image:width\" content=\"2560\" \/>\n\t<meta property=\"og:image:height\" content=\"1267\" \/>\n\t<meta property=\"og:image:type\" content=\"image\/jpeg\" \/>\n<meta name=\"author\" content=\"mmartin\" \/>\n<meta name=\"twitter:card\" content=\"summary_large_image\" \/>\n<meta name=\"twitter:label1\" content=\"Written by\" \/>\n\t<meta name=\"twitter:data1\" content=\"mmartin\" \/>\n\t<meta name=\"twitter:label2\" content=\"Est. reading time\" \/>\n\t<meta name=\"twitter:data2\" content=\"4 minutes\" \/>\n<script type=\"application\/ld+json\" class=\"yoast-schema-graph\">{\"@context\":\"https:\/\/schema.org\",\"@graph\":[{\"@type\":\"Article\",\"@id\":\"https:\/\/www.spaininvestorsday.com\/pedro-sanchez-asiste-al-acto-de-clausura-de-la-xiii-edicion-del-spain-investors-day\/#article\",\"isPartOf\":{\"@id\":\"https:\/\/www.spaininvestorsday.com\/pedro-sanchez-asiste-al-acto-de-clausura-de-la-xiii-edicion-del-spain-investors-day\/\"},\"author\":{\"name\":\"mmartin\",\"@id\":\"https:\/\/www.spaininvestorsday.com\/#\/schema\/person\/5a97fa83708e448b6ed2a99027d2c7a6\"},\"headline\":\"PEDRO S\u00c1NCHEZ ASISTE AL ACTO DE CLAUSURA DE LA XIII EDICI\u00d3N DEL SPAIN INVESTORS DAY\",\"datePublished\":\"2023-01-13T13:00:49+00:00\",\"dateModified\":\"2023-01-19T12:45:30+00:00\",\"mainEntityOfPage\":{\"@id\":\"https:\/\/www.spaininvestorsday.com\/pedro-sanchez-asiste-al-acto-de-clausura-de-la-xiii-edicion-del-spain-investors-day\/\"},\"wordCount\":874,\"commentCount\":0,\"publisher\":{\"@id\":\"https:\/\/www.spaininvestorsday.com\/#organization\"},\"image\":{\"@id\":\"https:\/\/www.spaininvestorsday.com\/pedro-sanchez-asiste-al-acto-de-clausura-de-la-xiii-edicion-del-spain-investors-day\/#primaryimage\"},\"thumbnailUrl\":\"https:\/\/www.spaininvestorsday.com\/wp-content\/uploads\/2023\/01\/JMC_3950-scaled-e1673608594351.jpg\",\"articleSection\":[\"Notas de Prensa\",\"Portada\"],\"inLanguage\":\"en-US\",\"potentialAction\":[{\"@type\":\"CommentAction\",\"name\":\"Comment\",\"target\":[\"https:\/\/www.spaininvestorsday.com\/pedro-sanchez-asiste-al-acto-de-clausura-de-la-xiii-edicion-del-spain-investors-day\/#respond\"]}]},{\"@type\":\"WebPage\",\"@id\":\"https:\/\/www.spaininvestorsday.com\/pedro-sanchez-asiste-al-acto-de-clausura-de-la-xiii-edicion-del-spain-investors-day\/\",\"url\":\"https:\/\/www.spaininvestorsday.com\/pedro-sanchez-asiste-al-acto-de-clausura-de-la-xiii-edicion-del-spain-investors-day\/\",\"name\":\"PEDRO S\u00c1NCHEZ ASISTE AL ACTO DE CLAUSURA DE LA XIII EDICI\u00d3N DEL SPAIN INVESTORS DAY - Spain Investors Day\",\"isPartOf\":{\"@id\":\"https:\/\/www.spaininvestorsday.com\/#website\"},\"primaryImageOfPage\":{\"@id\":\"https:\/\/www.spaininvestorsday.com\/pedro-sanchez-asiste-al-acto-de-clausura-de-la-xiii-edicion-del-spain-investors-day\/#primaryimage\"},\"image\":{\"@id\":\"https:\/\/www.spaininvestorsday.com\/pedro-sanchez-asiste-al-acto-de-clausura-de-la-xiii-edicion-del-spain-investors-day\/#primaryimage\"},\"thumbnailUrl\":\"https:\/\/www.spaininvestorsday.com\/wp-content\/uploads\/2023\/01\/JMC_3950-scaled-e1673608594351.jpg\",\"datePublished\":\"2023-01-13T13:00:49+00:00\",\"dateModified\":\"2023-01-19T12:45:30+00:00\",\"breadcrumb\":{\"@id\":\"https:\/\/www.spaininvestorsday.com\/pedro-sanchez-asiste-al-acto-de-clausura-de-la-xiii-edicion-del-spain-investors-day\/#breadcrumb\"},\"inLanguage\":\"en-US\",\"potentialAction\":[{\"@type\":\"ReadAction\",\"target\":[\"https:\/\/www.spaininvestorsday.com\/pedro-sanchez-asiste-al-acto-de-clausura-de-la-xiii-edicion-del-spain-investors-day\/\"]}]},{\"@type\":\"ImageObject\",\"inLanguage\":\"en-US\",\"@id\":\"https:\/\/www.spaininvestorsday.com\/pedro-sanchez-asiste-al-acto-de-clausura-de-la-xiii-edicion-del-spain-investors-day\/#primaryimage\",\"url\":\"https:\/\/www.spaininvestorsday.com\/wp-content\/uploads\/2023\/01\/JMC_3950-scaled-e1673608594351.jpg\",\"contentUrl\":\"https:\/\/www.spaininvestorsday.com\/wp-content\/uploads\/2023\/01\/JMC_3950-scaled-e1673608594351.jpg\",\"width\":2560,\"height\":1267,\"caption\":\"Spain Investors Day\"},{\"@type\":\"BreadcrumbList\",\"@id\":\"https:\/\/www.spaininvestorsday.com\/pedro-sanchez-asiste-al-acto-de-clausura-de-la-xiii-edicion-del-spain-investors-day\/#breadcrumb\",\"itemListElement\":[{\"@type\":\"ListItem\",\"position\":1,\"name\":\"Portada\",\"item\":\"https:\/\/www.spaininvestorsday.com\/\"},{\"@type\":\"ListItem\",\"position\":2,\"name\":\"PEDRO S\u00c1NCHEZ ASISTE AL ACTO DE CLAUSURA DE LA XIII EDICI\u00d3N DEL SPAIN INVESTORS DAY\"}]},{\"@type\":\"WebSite\",\"@id\":\"https:\/\/www.spaininvestorsday.com\/#website\",\"url\":\"https:\/\/www.spaininvestorsday.com\/\",\"name\":\"Spain Investors Day\",\"description\":\"El foro profesional \u00fanico en Espa\u00f1a\",\"publisher\":{\"@id\":\"https:\/\/www.spaininvestorsday.com\/#organization\"},\"potentialAction\":[{\"@type\":\"SearchAction\",\"target\":{\"@type\":\"EntryPoint\",\"urlTemplate\":\"https:\/\/www.spaininvestorsday.com\/?s={search_term_string}\"},\"query-input\":{\"@type\":\"PropertyValueSpecification\",\"valueRequired\":true,\"valueName\":\"search_term_string\"}}],\"inLanguage\":\"en-US\"},{\"@type\":\"Organization\",\"@id\":\"https:\/\/www.spaininvestorsday.com\/#organization\",\"name\":\"Spain Investors Day\",\"url\":\"https:\/\/www.spaininvestorsday.com\/\",\"logo\":{\"@type\":\"ImageObject\",\"inLanguage\":\"en-US\",\"@id\":\"https:\/\/www.spaininvestorsday.com\/#\/schema\/logo\/image\/\",\"url\":\"https:\/\/www.spaininvestorsday.com\/wp-content\/uploads\/2021\/10\/SID-2021.svg\",\"contentUrl\":\"https:\/\/www.spaininvestorsday.com\/wp-content\/uploads\/2021\/10\/SID-2021.svg\",\"width\":199,\"height\":79,\"caption\":\"Spain Investors Day\"},\"image\":{\"@id\":\"https:\/\/www.spaininvestorsday.com\/#\/schema\/logo\/image\/\"}},{\"@type\":\"Person\",\"@id\":\"https:\/\/www.spaininvestorsday.com\/#\/schema\/person\/5a97fa83708e448b6ed2a99027d2c7a6\",\"name\":\"mmartin\",\"image\":{\"@type\":\"ImageObject\",\"inLanguage\":\"en-US\",\"@id\":\"https:\/\/www.spaininvestorsday.com\/#\/schema\/person\/image\/\",\"url\":\"https:\/\/secure.gravatar.com\/avatar\/2cdbc25794109186737f2b868bb8d6ff2bb08f76288d542344cbff2280751ac1?s=96&d=mm&r=g\",\"contentUrl\":\"https:\/\/secure.gravatar.com\/avatar\/2cdbc25794109186737f2b868bb8d6ff2bb08f76288d542344cbff2280751ac1?s=96&d=mm&r=g\",\"caption\":\"mmartin\"},\"url\":\"https:\/\/www.spaininvestorsday.com\/en\/author\/mmartin\/\"}]}<\/script>\n<!-- \/ Yoast SEO plugin. -->","yoast_head_json":{"title":"PEDRO S\u00c1NCHEZ ASISTE AL ACTO DE CLAUSURA DE LA XIII EDICI\u00d3N DEL SPAIN INVESTORS DAY - Spain Investors Day","robots":{"index":"index","follow":"follow","max-snippet":"max-snippet:-1","max-image-preview":"max-image-preview:large","max-video-preview":"max-video-preview:-1"},"canonical":"https:\/\/www.spaininvestorsday.com\/pedro-sanchez-asiste-al-acto-de-clausura-de-la-xiii-edicion-del-spain-investors-day\/","og_locale":"en_US","og_type":"article","og_title":"PEDRO S\u00c1NCHEZ ASISTE AL ACTO DE CLAUSURA DE LA XIII EDICI\u00d3N DEL SPAIN INVESTORS DAY - Spain Investors Day","og_description":"El jefe del Ejecutivo considera que &#8220;quienes m\u00e1s tienen deben ayudar a proteger a la sociedad a la que tanto deben&#8221; y ha defendido el plan de medidas contra el impacto de la guerra que moviliza 45.000 millones de euros. 12\/01\/2023-. El presidente del Gobierno, Pedro S\u00e1nchez, ha clausurado la XIII Edici\u00f3n del foro financiero&hellip; Continue reading PEDRO S\u00c1NCHEZ ASISTE AL ACTO DE CLAUSURA DE LA XIII EDICI\u00d3N DEL SPAIN INVESTORS DAY","og_url":"https:\/\/www.spaininvestorsday.com\/pedro-sanchez-asiste-al-acto-de-clausura-de-la-xiii-edicion-del-spain-investors-day\/","og_site_name":"Spain Investors Day","article_published_time":"2023-01-13T13:00:49+00:00","article_modified_time":"2023-01-19T12:45:30+00:00","og_image":[{"width":2560,"height":1267,"url":"https:\/\/www.spaininvestorsday.com\/wp-content\/uploads\/2023\/01\/JMC_3950-scaled-e1673608594351.jpg","type":"image\/jpeg"}],"author":"mmartin","twitter_card":"summary_large_image","twitter_misc":{"Written by":"mmartin","Est. reading time":"4 minutes"},"schema":{"@context":"https:\/\/schema.org","@graph":[{"@type":"Article","@id":"https:\/\/www.spaininvestorsday.com\/pedro-sanchez-asiste-al-acto-de-clausura-de-la-xiii-edicion-del-spain-investors-day\/#article","isPartOf":{"@id":"https:\/\/www.spaininvestorsday.com\/pedro-sanchez-asiste-al-acto-de-clausura-de-la-xiii-edicion-del-spain-investors-day\/"},"author":{"name":"mmartin","@id":"https:\/\/www.spaininvestorsday.com\/#\/schema\/person\/5a97fa83708e448b6ed2a99027d2c7a6"},"headline":"PEDRO S\u00c1NCHEZ ASISTE AL ACTO DE CLAUSURA DE LA XIII EDICI\u00d3N DEL SPAIN INVESTORS DAY","datePublished":"2023-01-13T13:00:49+00:00","dateModified":"2023-01-19T12:45:30+00:00","mainEntityOfPage":{"@id":"https:\/\/www.spaininvestorsday.com\/pedro-sanchez-asiste-al-acto-de-clausura-de-la-xiii-edicion-del-spain-investors-day\/"},"wordCount":874,"commentCount":0,"publisher":{"@id":"https:\/\/www.spaininvestorsday.com\/#organization"},"image":{"@id":"https:\/\/www.spaininvestorsday.com\/pedro-sanchez-asiste-al-acto-de-clausura-de-la-xiii-edicion-del-spain-investors-day\/#primaryimage"},"thumbnailUrl":"https:\/\/www.spaininvestorsday.com\/wp-content\/uploads\/2023\/01\/JMC_3950-scaled-e1673608594351.jpg","articleSection":["Notas de Prensa","Portada"],"inLanguage":"en-US","potentialAction":[{"@type":"CommentAction","name":"Comment","target":["https:\/\/www.spaininvestorsday.com\/pedro-sanchez-asiste-al-acto-de-clausura-de-la-xiii-edicion-del-spain-investors-day\/#respond"]}]},{"@type":"WebPage","@id":"https:\/\/www.spaininvestorsday.com\/pedro-sanchez-asiste-al-acto-de-clausura-de-la-xiii-edicion-del-spain-investors-day\/","url":"https:\/\/www.spaininvestorsday.com\/pedro-sanchez-asiste-al-acto-de-clausura-de-la-xiii-edicion-del-spain-investors-day\/","name":"PEDRO S\u00c1NCHEZ ASISTE AL ACTO DE CLAUSURA DE LA XIII EDICI\u00d3N DEL SPAIN INVESTORS DAY - Spain Investors Day","isPartOf":{"@id":"https:\/\/www.spaininvestorsday.com\/#website"},"primaryImageOfPage":{"@id":"https:\/\/www.spaininvestorsday.com\/pedro-sanchez-asiste-al-acto-de-clausura-de-la-xiii-edicion-del-spain-investors-day\/#primaryimage"},"image":{"@id":"https:\/\/www.spaininvestorsday.com\/pedro-sanchez-asiste-al-acto-de-clausura-de-la-xiii-edicion-del-spain-investors-day\/#primaryimage"},"thumbnailUrl":"https:\/\/www.spaininvestorsday.com\/wp-content\/uploads\/2023\/01\/JMC_3950-scaled-e1673608594351.jpg","datePublished":"2023-01-13T13:00:49+00:00","dateModified":"2023-01-19T12:45:30+00:00","breadcrumb":{"@id":"https:\/\/www.spaininvestorsday.com\/pedro-sanchez-asiste-al-acto-de-clausura-de-la-xiii-edicion-del-spain-investors-day\/#breadcrumb"},"inLanguage":"en-US","potentialAction":[{"@type":"ReadAction","target":["https:\/\/www.spaininvestorsday.com\/pedro-sanchez-asiste-al-acto-de-clausura-de-la-xiii-edicion-del-spain-investors-day\/"]}]},{"@type":"ImageObject","inLanguage":"en-US","@id":"https:\/\/www.spaininvestorsday.com\/pedro-sanchez-asiste-al-acto-de-clausura-de-la-xiii-edicion-del-spain-investors-day\/#primaryimage","url":"https:\/\/www.spaininvestorsday.com\/wp-content\/uploads\/2023\/01\/JMC_3950-scaled-e1673608594351.jpg","contentUrl":"https:\/\/www.spaininvestorsday.com\/wp-content\/uploads\/2023\/01\/JMC_3950-scaled-e1673608594351.jpg","width":2560,"height":1267,"caption":"Spain Investors Day"},{"@type":"BreadcrumbList","@id":"https:\/\/www.spaininvestorsday.com\/pedro-sanchez-asiste-al-acto-de-clausura-de-la-xiii-edicion-del-spain-investors-day\/#breadcrumb","itemListElement":[{"@type":"ListItem","position":1,"name":"Portada","item":"https:\/\/www.spaininvestorsday.com\/"},{"@type":"ListItem","position":2,"name":"PEDRO S\u00c1NCHEZ ASISTE AL ACTO DE CLAUSURA DE LA XIII EDICI\u00d3N DEL SPAIN INVESTORS DAY"}]},{"@type":"WebSite","@id":"https:\/\/www.spaininvestorsday.com\/#website","url":"https:\/\/www.spaininvestorsday.com\/","name":"Spain Investors Day","description":"El foro profesional \u00fanico en Espa\u00f1a","publisher":{"@id":"https:\/\/www.spaininvestorsday.com\/#organization"},"potentialAction":[{"@type":"SearchAction","target":{"@type":"EntryPoint","urlTemplate":"https:\/\/www.spaininvestorsday.com\/?s={search_term_string}"},"query-input":{"@type":"PropertyValueSpecification","valueRequired":true,"valueName":"search_term_string"}}],"inLanguage":"en-US"},{"@type":"Organization","@id":"https:\/\/www.spaininvestorsday.com\/#organization","name":"Spain Investors Day","url":"https:\/\/www.spaininvestorsday.com\/","logo":{"@type":"ImageObject","inLanguage":"en-US","@id":"https:\/\/www.spaininvestorsday.com\/#\/schema\/logo\/image\/","url":"https:\/\/www.spaininvestorsday.com\/wp-content\/uploads\/2021\/10\/SID-2021.svg","contentUrl":"https:\/\/www.spaininvestorsday.com\/wp-content\/uploads\/2021\/10\/SID-2021.svg","width":199,"height":79,"caption":"Spain Investors Day"},"image":{"@id":"https:\/\/www.spaininvestorsday.com\/#\/schema\/logo\/image\/"}},{"@type":"Person","@id":"https:\/\/www.spaininvestorsday.com\/#\/schema\/person\/5a97fa83708e448b6ed2a99027d2c7a6","name":"mmartin","image":{"@type":"ImageObject","inLanguage":"en-US","@id":"https:\/\/www.spaininvestorsday.com\/#\/schema\/person\/image\/","url":"https:\/\/secure.gravatar.com\/avatar\/2cdbc25794109186737f2b868bb8d6ff2bb08f76288d542344cbff2280751ac1?s=96&d=mm&r=g","contentUrl":"https:\/\/secure.gravatar.com\/avatar\/2cdbc25794109186737f2b868bb8d6ff2bb08f76288d542344cbff2280751ac1?s=96&d=mm&r=g","caption":"mmartin"},"url":"https:\/\/www.spaininvestorsday.com\/en\/author\/mmartin\/"}]}},"_links":{"self":[{"href":"https:\/\/www.spaininvestorsday.com\/en\/wp-json\/wp\/v2\/posts\/19891","targetHints":{"allow":["GET"]}}],"collection":[{"href":"https:\/\/www.spaininvestorsday.com\/en\/wp-json\/wp\/v2\/posts"}],"about":[{"href":"https:\/\/www.spaininvestorsday.com\/en\/wp-json\/wp\/v2\/types\/post"}],"author":[{"embeddable":true,"href":"https:\/\/www.spaininvestorsday.com\/en\/wp-json\/wp\/v2\/users\/3"}],"replies":[{"embeddable":true,"href":"https:\/\/www.spaininvestorsday.com\/en\/wp-json\/wp\/v2\/comments?post=19891"}],"version-history":[{"count":2,"href":"https:\/\/www.spaininvestorsday.com\/en\/wp-json\/wp\/v2\/posts\/19891\/revisions"}],"predecessor-version":[{"id":19893,"href":"https:\/\/www.spaininvestorsday.com\/en\/wp-json\/wp\/v2\/posts\/19891\/revisions\/19893"}],"wp:featuredmedia":[{"embeddable":true,"href":"https:\/\/www.spaininvestorsday.com\/en\/wp-json\/wp\/v2\/media\/18964"}],"wp:attachment":[{"href":"https:\/\/www.spaininvestorsday.com\/en\/wp-json\/wp\/v2\/media?parent=19891"}],"wp:term":[{"taxonomy":"category","embeddable":true,"href":"https:\/\/www.spaininvestorsday.com\/en\/wp-json\/wp\/v2\/categories?post=19891"},{"taxonomy":"post_tag","embeddable":true,"href":"https:\/\/www.spaininvestorsday.com\/en\/wp-json\/wp\/v2\/tags?post=19891"}],"curies":[{"name":"wp","href":"https:\/\/api.w.org\/{rel}","templated":true}]}}