{"id":18950,"date":"2023-01-13T09:02:24","date_gmt":"2023-01-13T09:02:24","guid":{"rendered":"https:\/\/www.spaininvestorsday.com\/?p=18950"},"modified":"2023-01-13T09:02:24","modified_gmt":"2023-01-13T09:02:24","slug":"nadia-calvino-estamos-impulsando-el-pacto-de-rentas-para-dar-confianza-a-las-familias-empresas-e-inversores","status":"publish","type":"post","link":"https:\/\/www.spaininvestorsday.com\/en\/nadia-calvino-estamos-impulsando-el-pacto-de-rentas-para-dar-confianza-a-las-familias-empresas-e-inversores\/","title":{"rendered":"NADIA CALVI\u00d1O: \u201cESTAMOS IMPULSANDO EL PACTO DE RENTAS PARA DAR CONFIANZA A LAS FAMILIAS, EMPRESAS E INVERSORES\u201d"},"content":{"rendered":"<ul>\n<li><strong>H\u00e9ctor Fl\u00f3rez, CEO de Deloitte Espa\u00f1a, resalt\u00f3 el potencial de nuestro pa\u00eds en la construcci\u00f3n de una econom\u00eda fuerte en Europa y un futuro de certidumbre<\/strong><\/li>\n<\/ul>\n<p>&nbsp;<\/p>\n<p><strong>12\/01\/2022-.<\/strong> <strong>Nadia Calvi\u00f1o, Vicepresidenta Primera y Ministra de Asuntos Econ\u00f3micos y Transformaci\u00f3n Digital<\/strong>, afirm\u00f3 este jueves, en el coloquio de la segunda sesi\u00f3n del foro Econ\u00f3mico <em>Spain Investors Day (<\/em>SID<em>)<\/em>, que el Gobierno est\u00e1 &#8220;impulsando el pacto de rentas para poder dar confianza a las familias, empresas e inversores en un clima de incertidumbre global derivado de la crisis energ\u00e9tica, la guerra de Ucrania y la inflaci\u00f3n\u201d.<\/p>\n<p>&nbsp;<\/p>\n<p>La ministra tambi\u00e9n destac\u00f3 que, en esta coyuntura, \u201cla econom\u00eda espa\u00f1ola est\u00e1 mostrando una sobresaliente fortaleza y resiliencia. De hecho, todas las previsiones indican que en 2022 hemos crecido por encima del 5%\u201d. No obstante, la ministra tambi\u00e9n apunt\u00f3 que \u201clas estimaciones esperan que el crecimiento se modere en 2023, pero tambi\u00e9n se espera que Espa\u00f1a supere al resto de pa\u00edses de su entorno en \u00edndices de crecimiento\u201d.<\/p>\n<p>&nbsp;<\/p>\n<p>Respecto a la inversi\u00f3n extranjera, Calvi\u00f1o resalt\u00f3 que \u201cse increment\u00f3 en casi un 55% en los primeros tres trimestres de 2022 en comparaci\u00f3n con el mismo periodo del a\u00f1o anterior\u201d, algo que, en palabras de la Ministra de Asuntos Econ\u00f3micos pone de manifiesto \u201cel clima de negocios de confianza y certidumbre que responden al Plan de Recuperaci\u00f3n\u201d. A este respecto, Calvi\u00f1o aprovech\u00f3 tambi\u00e9n para explicar los seis paquetes de medidas tomadas por el Ejecutivo para \u201ccontener la inflaci\u00f3n y el impacto de la guerra, de cara a ofrecer una respuesta flexible a los hogares vulnerables y a los sectores afectados por estas amenazas\u201d. En este sentido, la Ministra comparti\u00f3 que el Gobierno \u201cha movilizado 45.000 millones de euros de ingresos p\u00fablicos para afrontar esta situaci\u00f3n\u201d.<\/p>\n<p>&nbsp;<\/p>\n<p>Por su parte, <strong>H\u00e9ctor Fl\u00f3rez, CEO de Deloitte Espa\u00f1a<\/strong>, incidi\u00f3 en que \u201cel mundo necesita una Europa fuerte, que asegure estabilidad y esperanza y Espa\u00f1a puede ser un elemento clave en la construcci\u00f3n de un futuro de certidumbre\u201d.<\/p>\n<p>&nbsp;<\/p>\n<p>Los asociados estrat\u00e9gicos que hacen posible el Foro <em>Spain Investors Day<\/em> son BNP PARIBAS, l\u00edder europeo en servicios financieros, y BNP PARIBAS EXANE, uno de los principales intermediarios en renta variable europea. El Foro cuenta con el patrocinio de DELOITTE, ENDESA, CECABANK, PRISA, AON y BME. Tambi\u00e9n apoyan el encuentro LINKLATERS, EQUIPO ECON\u00d3MICO, HCLTech y las entidades p\u00fablicas ICEX-Invest in Spain, ICO, COFIDES e Invest in Madrid. <em>Spain Investors Day<\/em> es una empresa de ESTUDIO DE COMUNICACI\u00d3N.<\/p>\n","protected":false},"excerpt":{"rendered":"<p>H\u00e9ctor Fl\u00f3rez, CEO de Deloitte Espa\u00f1a, resalt\u00f3 el potencial de nuestro pa\u00eds en la construcci\u00f3n de una econom\u00eda fuerte en Europa y un futuro de certidumbre &nbsp; 12\/01\/2022-. Nadia Calvi\u00f1o, Vicepresidenta Primera y Ministra de Asuntos Econ\u00f3micos y Transformaci\u00f3n Digital, afirm\u00f3 este jueves, en el coloquio de la segunda sesi\u00f3n del foro Econ\u00f3mico Spain Investors&hellip; <a class=\"more-link\" href=\"https:\/\/www.spaininvestorsday.com\/en\/nadia-calvino-estamos-impulsando-el-pacto-de-rentas-para-dar-confianza-a-las-familias-empresas-e-inversores\/\">Continue reading <span class=\"screen-reader-text\">NADIA CALVI\u00d1O: \u201cESTAMOS IMPULSANDO EL PACTO DE RENTAS PARA DAR CONFIANZA A LAS FAMILIAS, EMPRESAS E INVERSORES\u201d<\/span><\/a><\/p>\n","protected":false},"author":3,"featured_media":18952,"comment_status":"open","ping_status":"open","sticky":false,"template":"","format":"standard","meta":{"inline_featured_image":false,"footnotes":""},"categories":[7,318],"tags":[],"class_list":["post-18950","post","type-post","status-publish","format-standard","has-post-thumbnail","hentry","category-notas-de-prensa","category-portada","entry"],"yoast_head":"<!-- This site is optimized with the Yoast SEO plugin v26.6 - https:\/\/yoast.com\/wordpress\/plugins\/seo\/ -->\n<title>NADIA CALVI\u00d1O: \u201cESTAMOS IMPULSANDO EL PACTO DE RENTAS PARA DAR CONFIANZA A LAS FAMILIAS, EMPRESAS E INVERSORES\u201d<\/title>\n<meta name=\"description\" content=\"NADIA CALVI\u00d1O: \u201cESTAMOS IMPULSANDO EL PACTO DE RENTAS PARA DAR CONFIANZA A LAS FAMILIAS, EMPRESAS E INVERSORES\u201d\" \/>\n<meta name=\"robots\" content=\"index, follow, max-snippet:-1, max-image-preview:large, max-video-preview:-1\" \/>\n<link rel=\"canonical\" href=\"https:\/\/www.spaininvestorsday.com\/nadia-calvino-estamos-impulsando-el-pacto-de-rentas-para-dar-confianza-a-las-familias-empresas-e-inversores\/\" \/>\n<meta property=\"og:locale\" content=\"en_US\" \/>\n<meta property=\"og:type\" content=\"article\" \/>\n<meta property=\"og:title\" content=\"NADIA CALVI\u00d1O: \u201cESTAMOS IMPULSANDO EL PACTO DE RENTAS PARA DAR CONFIANZA A LAS FAMILIAS, EMPRESAS E INVERSORES\u201d\" \/>\n<meta property=\"og:description\" content=\"NADIA CALVI\u00d1O: \u201cESTAMOS IMPULSANDO EL PACTO DE RENTAS PARA DAR CONFIANZA A LAS FAMILIAS, EMPRESAS E INVERSORES\u201d\" \/>\n<meta property=\"og:url\" content=\"https:\/\/www.spaininvestorsday.com\/nadia-calvino-estamos-impulsando-el-pacto-de-rentas-para-dar-confianza-a-las-familias-empresas-e-inversores\/\" \/>\n<meta property=\"og:site_name\" content=\"Spain Investors Day\" \/>\n<meta property=\"article:published_time\" content=\"2023-01-13T09:02:24+00:00\" \/>\n<meta property=\"og:image\" content=\"https:\/\/www.spaininvestorsday.com\/wp-content\/uploads\/2023\/01\/MicrosoftTeams-image-100-scaled.jpg\" \/>\n\t<meta property=\"og:image:width\" content=\"2560\" \/>\n\t<meta property=\"og:image:height\" content=\"1706\" \/>\n\t<meta property=\"og:image:type\" content=\"image\/jpeg\" \/>\n<meta name=\"author\" content=\"mmartin\" \/>\n<meta name=\"twitter:card\" content=\"summary_large_image\" \/>\n<meta name=\"twitter:label1\" content=\"Written by\" \/>\n\t<meta name=\"twitter:data1\" content=\"mmartin\" \/>\n\t<meta name=\"twitter:label2\" content=\"Est. reading time\" \/>\n\t<meta name=\"twitter:data2\" content=\"2 minutes\" \/>\n<script type=\"application\/ld+json\" class=\"yoast-schema-graph\">{\"@context\":\"https:\/\/schema.org\",\"@graph\":[{\"@type\":\"Article\",\"@id\":\"https:\/\/www.spaininvestorsday.com\/nadia-calvino-estamos-impulsando-el-pacto-de-rentas-para-dar-confianza-a-las-familias-empresas-e-inversores\/#article\",\"isPartOf\":{\"@id\":\"https:\/\/www.spaininvestorsday.com\/nadia-calvino-estamos-impulsando-el-pacto-de-rentas-para-dar-confianza-a-las-familias-empresas-e-inversores\/\"},\"author\":{\"name\":\"mmartin\",\"@id\":\"https:\/\/www.spaininvestorsday.com\/#\/schema\/person\/5a97fa83708e448b6ed2a99027d2c7a6\"},\"headline\":\"NADIA CALVI\u00d1O: \u201cESTAMOS IMPULSANDO EL PACTO DE RENTAS PARA DAR CONFIANZA A LAS FAMILIAS, EMPRESAS E INVERSORES\u201d\",\"datePublished\":\"2023-01-13T09:02:24+00:00\",\"mainEntityOfPage\":{\"@id\":\"https:\/\/www.spaininvestorsday.com\/nadia-calvino-estamos-impulsando-el-pacto-de-rentas-para-dar-confianza-a-las-familias-empresas-e-inversores\/\"},\"wordCount\":460,\"commentCount\":0,\"publisher\":{\"@id\":\"https:\/\/www.spaininvestorsday.com\/#organization\"},\"image\":{\"@id\":\"https:\/\/www.spaininvestorsday.com\/nadia-calvino-estamos-impulsando-el-pacto-de-rentas-para-dar-confianza-a-las-familias-empresas-e-inversores\/#primaryimage\"},\"thumbnailUrl\":\"https:\/\/www.spaininvestorsday.com\/wp-content\/uploads\/2023\/01\/MicrosoftTeams-image-100-scaled.jpg\",\"articleSection\":[\"Notas de Prensa\",\"Portada\"],\"inLanguage\":\"en-US\",\"potentialAction\":[{\"@type\":\"CommentAction\",\"name\":\"Comment\",\"target\":[\"https:\/\/www.spaininvestorsday.com\/nadia-calvino-estamos-impulsando-el-pacto-de-rentas-para-dar-confianza-a-las-familias-empresas-e-inversores\/#respond\"]}]},{\"@type\":\"WebPage\",\"@id\":\"https:\/\/www.spaininvestorsday.com\/nadia-calvino-estamos-impulsando-el-pacto-de-rentas-para-dar-confianza-a-las-familias-empresas-e-inversores\/\",\"url\":\"https:\/\/www.spaininvestorsday.com\/nadia-calvino-estamos-impulsando-el-pacto-de-rentas-para-dar-confianza-a-las-familias-empresas-e-inversores\/\",\"name\":\"NADIA CALVI\u00d1O: \u201cESTAMOS IMPULSANDO EL PACTO DE RENTAS PARA DAR CONFIANZA A LAS FAMILIAS, EMPRESAS E INVERSORES\u201d\",\"isPartOf\":{\"@id\":\"https:\/\/www.spaininvestorsday.com\/#website\"},\"primaryImageOfPage\":{\"@id\":\"https:\/\/www.spaininvestorsday.com\/nadia-calvino-estamos-impulsando-el-pacto-de-rentas-para-dar-confianza-a-las-familias-empresas-e-inversores\/#primaryimage\"},\"image\":{\"@id\":\"https:\/\/www.spaininvestorsday.com\/nadia-calvino-estamos-impulsando-el-pacto-de-rentas-para-dar-confianza-a-las-familias-empresas-e-inversores\/#primaryimage\"},\"thumbnailUrl\":\"https:\/\/www.spaininvestorsday.com\/wp-content\/uploads\/2023\/01\/MicrosoftTeams-image-100-scaled.jpg\",\"datePublished\":\"2023-01-13T09:02:24+00:00\",\"description\":\"NADIA CALVI\u00d1O: \u201cESTAMOS IMPULSANDO EL PACTO DE RENTAS PARA DAR CONFIANZA A LAS FAMILIAS, EMPRESAS E INVERSORES\u201d\",\"breadcrumb\":{\"@id\":\"https:\/\/www.spaininvestorsday.com\/nadia-calvino-estamos-impulsando-el-pacto-de-rentas-para-dar-confianza-a-las-familias-empresas-e-inversores\/#breadcrumb\"},\"inLanguage\":\"en-US\",\"potentialAction\":[{\"@type\":\"ReadAction\",\"target\":[\"https:\/\/www.spaininvestorsday.com\/nadia-calvino-estamos-impulsando-el-pacto-de-rentas-para-dar-confianza-a-las-familias-empresas-e-inversores\/\"]}]},{\"@type\":\"ImageObject\",\"inLanguage\":\"en-US\",\"@id\":\"https:\/\/www.spaininvestorsday.com\/nadia-calvino-estamos-impulsando-el-pacto-de-rentas-para-dar-confianza-a-las-familias-empresas-e-inversores\/#primaryimage\",\"url\":\"https:\/\/www.spaininvestorsday.com\/wp-content\/uploads\/2023\/01\/MicrosoftTeams-image-100-scaled.jpg\",\"contentUrl\":\"https:\/\/www.spaininvestorsday.com\/wp-content\/uploads\/2023\/01\/MicrosoftTeams-image-100-scaled.jpg\",\"width\":2560,\"height\":1706,\"caption\":\"Spain Investors Day\"},{\"@type\":\"BreadcrumbList\",\"@id\":\"https:\/\/www.spaininvestorsday.com\/nadia-calvino-estamos-impulsando-el-pacto-de-rentas-para-dar-confianza-a-las-familias-empresas-e-inversores\/#breadcrumb\",\"itemListElement\":[{\"@type\":\"ListItem\",\"position\":1,\"name\":\"Portada\",\"item\":\"https:\/\/www.spaininvestorsday.com\/\"},{\"@type\":\"ListItem\",\"position\":2,\"name\":\"NADIA CALVI\u00d1O: \u201cESTAMOS IMPULSANDO EL PACTO DE RENTAS PARA DAR CONFIANZA A LAS FAMILIAS, EMPRESAS E INVERSORES\u201d\"}]},{\"@type\":\"WebSite\",\"@id\":\"https:\/\/www.spaininvestorsday.com\/#website\",\"url\":\"https:\/\/www.spaininvestorsday.com\/\",\"name\":\"Spain Investors Day\",\"description\":\"El foro profesional \u00fanico en Espa\u00f1a\",\"publisher\":{\"@id\":\"https:\/\/www.spaininvestorsday.com\/#organization\"},\"potentialAction\":[{\"@type\":\"SearchAction\",\"target\":{\"@type\":\"EntryPoint\",\"urlTemplate\":\"https:\/\/www.spaininvestorsday.com\/?s={search_term_string}\"},\"query-input\":{\"@type\":\"PropertyValueSpecification\",\"valueRequired\":true,\"valueName\":\"search_term_string\"}}],\"inLanguage\":\"en-US\"},{\"@type\":\"Organization\",\"@id\":\"https:\/\/www.spaininvestorsday.com\/#organization\",\"name\":\"Spain Investors Day\",\"url\":\"https:\/\/www.spaininvestorsday.com\/\",\"logo\":{\"@type\":\"ImageObject\",\"inLanguage\":\"en-US\",\"@id\":\"https:\/\/www.spaininvestorsday.com\/#\/schema\/logo\/image\/\",\"url\":\"https:\/\/www.spaininvestorsday.com\/wp-content\/uploads\/2021\/10\/SID-2021.svg\",\"contentUrl\":\"https:\/\/www.spaininvestorsday.com\/wp-content\/uploads\/2021\/10\/SID-2021.svg\",\"width\":199,\"height\":79,\"caption\":\"Spain Investors Day\"},\"image\":{\"@id\":\"https:\/\/www.spaininvestorsday.com\/#\/schema\/logo\/image\/\"}},{\"@type\":\"Person\",\"@id\":\"https:\/\/www.spaininvestorsday.com\/#\/schema\/person\/5a97fa83708e448b6ed2a99027d2c7a6\",\"name\":\"mmartin\",\"image\":{\"@type\":\"ImageObject\",\"inLanguage\":\"en-US\",\"@id\":\"https:\/\/www.spaininvestorsday.com\/#\/schema\/person\/image\/\",\"url\":\"https:\/\/secure.gravatar.com\/avatar\/2cdbc25794109186737f2b868bb8d6ff2bb08f76288d542344cbff2280751ac1?s=96&d=mm&r=g\",\"contentUrl\":\"https:\/\/secure.gravatar.com\/avatar\/2cdbc25794109186737f2b868bb8d6ff2bb08f76288d542344cbff2280751ac1?s=96&d=mm&r=g\",\"caption\":\"mmartin\"},\"url\":\"https:\/\/www.spaininvestorsday.com\/en\/author\/mmartin\/\"}]}<\/script>\n<!-- \/ Yoast SEO plugin. -->","yoast_head_json":{"title":"NADIA CALVI\u00d1O: \u201cESTAMOS IMPULSANDO EL PACTO DE RENTAS PARA DAR CONFIANZA A LAS FAMILIAS, EMPRESAS E INVERSORES\u201d","description":"NADIA CALVI\u00d1O: \u201cESTAMOS IMPULSANDO EL PACTO DE RENTAS PARA DAR CONFIANZA A LAS FAMILIAS, EMPRESAS E INVERSORES\u201d","robots":{"index":"index","follow":"follow","max-snippet":"max-snippet:-1","max-image-preview":"max-image-preview:large","max-video-preview":"max-video-preview:-1"},"canonical":"https:\/\/www.spaininvestorsday.com\/nadia-calvino-estamos-impulsando-el-pacto-de-rentas-para-dar-confianza-a-las-familias-empresas-e-inversores\/","og_locale":"en_US","og_type":"article","og_title":"NADIA CALVI\u00d1O: \u201cESTAMOS IMPULSANDO EL PACTO DE RENTAS PARA DAR CONFIANZA A LAS FAMILIAS, EMPRESAS E INVERSORES\u201d","og_description":"NADIA CALVI\u00d1O: \u201cESTAMOS IMPULSANDO EL PACTO DE RENTAS PARA DAR CONFIANZA A LAS FAMILIAS, EMPRESAS E INVERSORES\u201d","og_url":"https:\/\/www.spaininvestorsday.com\/nadia-calvino-estamos-impulsando-el-pacto-de-rentas-para-dar-confianza-a-las-familias-empresas-e-inversores\/","og_site_name":"Spain Investors Day","article_published_time":"2023-01-13T09:02:24+00:00","og_image":[{"width":2560,"height":1706,"url":"https:\/\/www.spaininvestorsday.com\/wp-content\/uploads\/2023\/01\/MicrosoftTeams-image-100-scaled.jpg","type":"image\/jpeg"}],"author":"mmartin","twitter_card":"summary_large_image","twitter_misc":{"Written by":"mmartin","Est. reading time":"2 minutes"},"schema":{"@context":"https:\/\/schema.org","@graph":[{"@type":"Article","@id":"https:\/\/www.spaininvestorsday.com\/nadia-calvino-estamos-impulsando-el-pacto-de-rentas-para-dar-confianza-a-las-familias-empresas-e-inversores\/#article","isPartOf":{"@id":"https:\/\/www.spaininvestorsday.com\/nadia-calvino-estamos-impulsando-el-pacto-de-rentas-para-dar-confianza-a-las-familias-empresas-e-inversores\/"},"author":{"name":"mmartin","@id":"https:\/\/www.spaininvestorsday.com\/#\/schema\/person\/5a97fa83708e448b6ed2a99027d2c7a6"},"headline":"NADIA CALVI\u00d1O: \u201cESTAMOS IMPULSANDO EL PACTO DE RENTAS PARA DAR CONFIANZA A LAS FAMILIAS, EMPRESAS E INVERSORES\u201d","datePublished":"2023-01-13T09:02:24+00:00","mainEntityOfPage":{"@id":"https:\/\/www.spaininvestorsday.com\/nadia-calvino-estamos-impulsando-el-pacto-de-rentas-para-dar-confianza-a-las-familias-empresas-e-inversores\/"},"wordCount":460,"commentCount":0,"publisher":{"@id":"https:\/\/www.spaininvestorsday.com\/#organization"},"image":{"@id":"https:\/\/www.spaininvestorsday.com\/nadia-calvino-estamos-impulsando-el-pacto-de-rentas-para-dar-confianza-a-las-familias-empresas-e-inversores\/#primaryimage"},"thumbnailUrl":"https:\/\/www.spaininvestorsday.com\/wp-content\/uploads\/2023\/01\/MicrosoftTeams-image-100-scaled.jpg","articleSection":["Notas de Prensa","Portada"],"inLanguage":"en-US","potentialAction":[{"@type":"CommentAction","name":"Comment","target":["https:\/\/www.spaininvestorsday.com\/nadia-calvino-estamos-impulsando-el-pacto-de-rentas-para-dar-confianza-a-las-familias-empresas-e-inversores\/#respond"]}]},{"@type":"WebPage","@id":"https:\/\/www.spaininvestorsday.com\/nadia-calvino-estamos-impulsando-el-pacto-de-rentas-para-dar-confianza-a-las-familias-empresas-e-inversores\/","url":"https:\/\/www.spaininvestorsday.com\/nadia-calvino-estamos-impulsando-el-pacto-de-rentas-para-dar-confianza-a-las-familias-empresas-e-inversores\/","name":"NADIA CALVI\u00d1O: \u201cESTAMOS IMPULSANDO EL PACTO DE RENTAS PARA DAR CONFIANZA A LAS FAMILIAS, EMPRESAS E INVERSORES\u201d","isPartOf":{"@id":"https:\/\/www.spaininvestorsday.com\/#website"},"primaryImageOfPage":{"@id":"https:\/\/www.spaininvestorsday.com\/nadia-calvino-estamos-impulsando-el-pacto-de-rentas-para-dar-confianza-a-las-familias-empresas-e-inversores\/#primaryimage"},"image":{"@id":"https:\/\/www.spaininvestorsday.com\/nadia-calvino-estamos-impulsando-el-pacto-de-rentas-para-dar-confianza-a-las-familias-empresas-e-inversores\/#primaryimage"},"thumbnailUrl":"https:\/\/www.spaininvestorsday.com\/wp-content\/uploads\/2023\/01\/MicrosoftTeams-image-100-scaled.jpg","datePublished":"2023-01-13T09:02:24+00:00","description":"NADIA CALVI\u00d1O: \u201cESTAMOS IMPULSANDO EL PACTO DE RENTAS PARA DAR CONFIANZA A LAS FAMILIAS, EMPRESAS E INVERSORES\u201d","breadcrumb":{"@id":"https:\/\/www.spaininvestorsday.com\/nadia-calvino-estamos-impulsando-el-pacto-de-rentas-para-dar-confianza-a-las-familias-empresas-e-inversores\/#breadcrumb"},"inLanguage":"en-US","potentialAction":[{"@type":"ReadAction","target":["https:\/\/www.spaininvestorsday.com\/nadia-calvino-estamos-impulsando-el-pacto-de-rentas-para-dar-confianza-a-las-familias-empresas-e-inversores\/"]}]},{"@type":"ImageObject","inLanguage":"en-US","@id":"https:\/\/www.spaininvestorsday.com\/nadia-calvino-estamos-impulsando-el-pacto-de-rentas-para-dar-confianza-a-las-familias-empresas-e-inversores\/#primaryimage","url":"https:\/\/www.spaininvestorsday.com\/wp-content\/uploads\/2023\/01\/MicrosoftTeams-image-100-scaled.jpg","contentUrl":"https:\/\/www.spaininvestorsday.com\/wp-content\/uploads\/2023\/01\/MicrosoftTeams-image-100-scaled.jpg","width":2560,"height":1706,"caption":"Spain Investors Day"},{"@type":"BreadcrumbList","@id":"https:\/\/www.spaininvestorsday.com\/nadia-calvino-estamos-impulsando-el-pacto-de-rentas-para-dar-confianza-a-las-familias-empresas-e-inversores\/#breadcrumb","itemListElement":[{"@type":"ListItem","position":1,"name":"Portada","item":"https:\/\/www.spaininvestorsday.com\/"},{"@type":"ListItem","position":2,"name":"NADIA CALVI\u00d1O: \u201cESTAMOS IMPULSANDO EL PACTO DE RENTAS PARA DAR CONFIANZA A LAS FAMILIAS, EMPRESAS E INVERSORES\u201d"}]},{"@type":"WebSite","@id":"https:\/\/www.spaininvestorsday.com\/#website","url":"https:\/\/www.spaininvestorsday.com\/","name":"Spain Investors Day","description":"El foro profesional \u00fanico en Espa\u00f1a","publisher":{"@id":"https:\/\/www.spaininvestorsday.com\/#organization"},"potentialAction":[{"@type":"SearchAction","target":{"@type":"EntryPoint","urlTemplate":"https:\/\/www.spaininvestorsday.com\/?s={search_term_string}"},"query-input":{"@type":"PropertyValueSpecification","valueRequired":true,"valueName":"search_term_string"}}],"inLanguage":"en-US"},{"@type":"Organization","@id":"https:\/\/www.spaininvestorsday.com\/#organization","name":"Spain Investors Day","url":"https:\/\/www.spaininvestorsday.com\/","logo":{"@type":"ImageObject","inLanguage":"en-US","@id":"https:\/\/www.spaininvestorsday.com\/#\/schema\/logo\/image\/","url":"https:\/\/www.spaininvestorsday.com\/wp-content\/uploads\/2021\/10\/SID-2021.svg","contentUrl":"https:\/\/www.spaininvestorsday.com\/wp-content\/uploads\/2021\/10\/SID-2021.svg","width":199,"height":79,"caption":"Spain Investors Day"},"image":{"@id":"https:\/\/www.spaininvestorsday.com\/#\/schema\/logo\/image\/"}},{"@type":"Person","@id":"https:\/\/www.spaininvestorsday.com\/#\/schema\/person\/5a97fa83708e448b6ed2a99027d2c7a6","name":"mmartin","image":{"@type":"ImageObject","inLanguage":"en-US","@id":"https:\/\/www.spaininvestorsday.com\/#\/schema\/person\/image\/","url":"https:\/\/secure.gravatar.com\/avatar\/2cdbc25794109186737f2b868bb8d6ff2bb08f76288d542344cbff2280751ac1?s=96&d=mm&r=g","contentUrl":"https:\/\/secure.gravatar.com\/avatar\/2cdbc25794109186737f2b868bb8d6ff2bb08f76288d542344cbff2280751ac1?s=96&d=mm&r=g","caption":"mmartin"},"url":"https:\/\/www.spaininvestorsday.com\/en\/author\/mmartin\/"}]}},"_links":{"self":[{"href":"https:\/\/www.spaininvestorsday.com\/en\/wp-json\/wp\/v2\/posts\/18950","targetHints":{"allow":["GET"]}}],"collection":[{"href":"https:\/\/www.spaininvestorsday.com\/en\/wp-json\/wp\/v2\/posts"}],"about":[{"href":"https:\/\/www.spaininvestorsday.com\/en\/wp-json\/wp\/v2\/types\/post"}],"author":[{"embeddable":true,"href":"https:\/\/www.spaininvestorsday.com\/en\/wp-json\/wp\/v2\/users\/3"}],"replies":[{"embeddable":true,"href":"https:\/\/www.spaininvestorsday.com\/en\/wp-json\/wp\/v2\/comments?post=18950"}],"version-history":[{"count":2,"href":"https:\/\/www.spaininvestorsday.com\/en\/wp-json\/wp\/v2\/posts\/18950\/revisions"}],"predecessor-version":[{"id":18954,"href":"https:\/\/www.spaininvestorsday.com\/en\/wp-json\/wp\/v2\/posts\/18950\/revisions\/18954"}],"wp:featuredmedia":[{"embeddable":true,"href":"https:\/\/www.spaininvestorsday.com\/en\/wp-json\/wp\/v2\/media\/18952"}],"wp:attachment":[{"href":"https:\/\/www.spaininvestorsday.com\/en\/wp-json\/wp\/v2\/media?parent=18950"}],"wp:term":[{"taxonomy":"category","embeddable":true,"href":"https:\/\/www.spaininvestorsday.com\/en\/wp-json\/wp\/v2\/categories?post=18950"},{"taxonomy":"post_tag","embeddable":true,"href":"https:\/\/www.spaininvestorsday.com\/en\/wp-json\/wp\/v2\/tags?post=18950"}],"curies":[{"name":"wp","href":"https:\/\/api.w.org\/{rel}","templated":true}]}}