{"id":18918,"date":"2023-01-11T15:39:19","date_gmt":"2023-01-11T15:39:19","guid":{"rendered":"https:\/\/www.spaininvestorsday.com\/?p=18918"},"modified":"2023-01-11T15:40:39","modified_gmt":"2023-01-11T15:40:39","slug":"teresa-ribera-la-descarbonizacion-de-la-economia-es-clave-para-el-modelo-de-transicion-ecologica-de-espana","status":"publish","type":"post","link":"https:\/\/www.spaininvestorsday.com\/en\/teresa-ribera-la-descarbonizacion-de-la-economia-es-clave-para-el-modelo-de-transicion-ecologica-de-espana\/","title":{"rendered":"TERESA RIBERA: \u201cLA DESCARBONIZACI\u00d3N DE LA ECONOM\u00cdA ES CLAVE PARA EL MODELO DE TRANSICI\u00d3N ECOL\u00d3GICA DE ESPA\u00d1A&#8221;"},"content":{"rendered":"<ul>\n<li>\u201cEs importante que empresas, gobiernos e instituciones p\u00fablicas sigan un modelo de colaboraci\u00f3n, de compromiso e innovaci\u00f3n de cara al futuro\u201d, seg\u00fan Jos\u00e9 D. Bogas, Consejero Delegado de Endesa<\/li>\n<\/ul>\n<p>&nbsp;<\/p>\n<p><strong>11\/01\/2023.-<\/strong> La <strong>Vicepresidenta Tercera del Gobierno y Ministra para la Transici\u00f3n Ecol\u00f3gica y el Reto Demogr\u00e1fico, Teresa Ribera<\/strong>, se\u00f1al\u00f3 que \u201cla guerra en Ucrania ha provocado una crisis energ\u00e9tica que afecta a todo el mundo, cuando a\u00fan nos estamos recuperando de la pandemia. Estamos expuestos a vulnerabilidades cr\u00edticas en el \u00e1mbito energ\u00e9tico, que afectan tanto a la industria como a los ciudadanos\u201d. Ribera realiz\u00f3 estas declaraciones durante su intervenci\u00f3n en el foro econ\u00f3mico <em>Spain Investors Day<\/em>, en su edici\u00f3n XIII.<\/p>\n<p>&nbsp;<\/p>\n<p>Adem\u00e1s, destac\u00f3 la importancia de \u201cuna transici\u00f3n justa y verde hacia un nuevo modelo de industria energ\u00e9tica, cumpliendo con las expectativas sociales y con la innovaci\u00f3n como ejes vertebrales de todas las decisiones institucionales\u201d. La Ministra destac\u00f3 la importancia de la descarbonizaci\u00f3n de la econom\u00eda espa\u00f1ola como un elemento clave para la transici\u00f3n ecol\u00f3gica, con una inversi\u00f3n prevista de 8.900 millones de euros en proyectos de hidr\u00f3geno verde hasta 2030. Este plan sigue un curso favorable para Espa\u00f1a, que suma el 20% de todo el proyecto mundial de hidr\u00f3geno, s\u00f3lo superado por Estados Unidos. \u201cEspa\u00f1a ofrece condiciones ideales para atraer nuevos vectores sostenibles, gracias a nuestra posici\u00f3n geogr\u00e1fica\u201d, concluy\u00f3 Ribera.<\/p>\n<p>&nbsp;<\/p>\n<p>Por su parte, <strong>Jos\u00e9 D. Bogas, Consejero Delegado de Endesa<\/strong>, subray\u00f3 que \u201cel sector el\u00e9ctrico est\u00e1 experimentando una reconversi\u00f3n industrial sin precedentes, y es responsabilidad del Estado promover escenarios estables para que podamos dar pasos hacia el futuro. El foro <em>Spain Investors Day<\/em> permite que gobiernos y empresas privadas sigan trabajando de manera conjunta, para construir un modelo de colaboraci\u00f3n, compromiso e innovaci\u00f3n de cara al futuro que beneficie a todos los ciudadanos\u201d.<\/p>\n<p>&nbsp;<\/p>\n<p>Los asociados estrat\u00e9gicos que hacen posible el Foro <em>Spain Investors Day<\/em> son BNP PARIBAS, l\u00edder europeo en servicios financieros, y BNP PARIBAS EXANE, uno de los principales intermediarios en renta variable europea. El Foro cuenta con el patrocinio de DELOITTE, ENDESA, CECABANK, PRISA, AON y BME. Tambi\u00e9n apoyan el encuentro LINKLATERS, EQUIPO ECON\u00d3MICO, HCLTech y las entidades p\u00fablicas ICEX-Invest in Spain, ICO, COFIDES e Invest in Madrid. <em>Spain Investors Day<\/em> es una empresa de ESTUDIO DE COMUNICACI\u00d3N.<\/p>\n","protected":false},"excerpt":{"rendered":"<p>\u201cEs importante que empresas, gobiernos e instituciones p\u00fablicas sigan un modelo de colaboraci\u00f3n, de compromiso e innovaci\u00f3n de cara al futuro\u201d, seg\u00fan Jos\u00e9 D. Bogas, Consejero Delegado de Endesa &nbsp; 11\/01\/2023.- La Vicepresidenta Tercera del Gobierno y Ministra para la Transici\u00f3n Ecol\u00f3gica y el Reto Demogr\u00e1fico, Teresa Ribera, se\u00f1al\u00f3 que \u201cla guerra en Ucrania ha&hellip; <a class=\"more-link\" href=\"https:\/\/www.spaininvestorsday.com\/en\/teresa-ribera-la-descarbonizacion-de-la-economia-es-clave-para-el-modelo-de-transicion-ecologica-de-espana\/\">Continue reading <span class=\"screen-reader-text\">TERESA RIBERA: \u201cLA DESCARBONIZACI\u00d3N DE LA ECONOM\u00cdA ES CLAVE PARA EL MODELO DE TRANSICI\u00d3N ECOL\u00d3GICA DE ESPA\u00d1A&#8221;<\/span><\/a><\/p>\n","protected":false},"author":3,"featured_media":18922,"comment_status":"open","ping_status":"open","sticky":false,"template":"","format":"standard","meta":{"inline_featured_image":false,"footnotes":""},"categories":[7,318],"tags":[],"class_list":["post-18918","post","type-post","status-publish","format-standard","has-post-thumbnail","hentry","category-notas-de-prensa","category-portada","entry"],"yoast_head":"<!-- This site is optimized with the Yoast SEO plugin v26.6 - https:\/\/yoast.com\/wordpress\/plugins\/seo\/ -->\n<title>TERESA RIBERA: \u201cLA DESCARBONIZACI\u00d3N DE LA ECONOM\u00cdA ES CLAVE PARA EL MODELO DE TRANSICI\u00d3N ECOL\u00d3GICA DE ESPA\u00d1A&quot; - Spain Investors Day<\/title>\n<meta name=\"description\" content=\"TERESA RIBERA: \u201cLA DESCARBONIZACI\u00d3N DE LA ECONOM\u00cdA ES CLAVE PARA EL MODELO DE TRANSICI\u00d3N ECOL\u00d3GICA DE ESPA\u00d1A&quot;\" \/>\n<meta name=\"robots\" content=\"index, follow, max-snippet:-1, max-image-preview:large, max-video-preview:-1\" \/>\n<link rel=\"canonical\" href=\"https:\/\/www.spaininvestorsday.com\/teresa-ribera-la-descarbonizacion-de-la-economia-es-clave-para-el-modelo-de-transicion-ecologica-de-espana\/\" \/>\n<meta property=\"og:locale\" content=\"en_US\" \/>\n<meta property=\"og:type\" content=\"article\" \/>\n<meta property=\"og:title\" content=\"TERESA RIBERA: \u201cLA DESCARBONIZACI\u00d3N DE LA ECONOM\u00cdA ES CLAVE PARA EL MODELO DE TRANSICI\u00d3N ECOL\u00d3GICA DE ESPA\u00d1A&quot; - Spain Investors Day\" \/>\n<meta property=\"og:description\" content=\"TERESA RIBERA: \u201cLA DESCARBONIZACI\u00d3N DE LA ECONOM\u00cdA ES CLAVE PARA EL MODELO DE TRANSICI\u00d3N ECOL\u00d3GICA DE ESPA\u00d1A&quot;\" \/>\n<meta property=\"og:url\" content=\"https:\/\/www.spaininvestorsday.com\/teresa-ribera-la-descarbonizacion-de-la-economia-es-clave-para-el-modelo-de-transicion-ecologica-de-espana\/\" \/>\n<meta property=\"og:site_name\" content=\"Spain Investors Day\" \/>\n<meta property=\"article:published_time\" content=\"2023-01-11T15:39:19+00:00\" \/>\n<meta property=\"article:modified_time\" content=\"2023-01-11T15:40:39+00:00\" \/>\n<meta property=\"og:image\" content=\"https:\/\/www.spaininvestorsday.com\/wp-content\/uploads\/2023\/01\/tERESA-RIBERA-2023-1-scaled.jpg\" \/>\n\t<meta property=\"og:image:width\" content=\"2560\" \/>\n\t<meta property=\"og:image:height\" content=\"1403\" \/>\n\t<meta property=\"og:image:type\" content=\"image\/jpeg\" \/>\n<meta name=\"author\" content=\"mmartin\" \/>\n<meta name=\"twitter:card\" content=\"summary_large_image\" \/>\n<meta name=\"twitter:label1\" content=\"Written by\" \/>\n\t<meta name=\"twitter:data1\" content=\"mmartin\" \/>\n\t<meta name=\"twitter:label2\" content=\"Est. reading time\" \/>\n\t<meta name=\"twitter:data2\" content=\"2 minutes\" \/>\n<script type=\"application\/ld+json\" class=\"yoast-schema-graph\">{\"@context\":\"https:\/\/schema.org\",\"@graph\":[{\"@type\":\"Article\",\"@id\":\"https:\/\/www.spaininvestorsday.com\/teresa-ribera-la-descarbonizacion-de-la-economia-es-clave-para-el-modelo-de-transicion-ecologica-de-espana\/#article\",\"isPartOf\":{\"@id\":\"https:\/\/www.spaininvestorsday.com\/teresa-ribera-la-descarbonizacion-de-la-economia-es-clave-para-el-modelo-de-transicion-ecologica-de-espana\/\"},\"author\":{\"name\":\"mmartin\",\"@id\":\"https:\/\/www.spaininvestorsday.com\/#\/schema\/person\/5a97fa83708e448b6ed2a99027d2c7a6\"},\"headline\":\"TERESA RIBERA: \u201cLA DESCARBONIZACI\u00d3N DE LA ECONOM\u00cdA ES CLAVE PARA EL MODELO DE TRANSICI\u00d3N ECOL\u00d3GICA DE ESPA\u00d1A&#8221;\",\"datePublished\":\"2023-01-11T15:39:19+00:00\",\"dateModified\":\"2023-01-11T15:40:39+00:00\",\"mainEntityOfPage\":{\"@id\":\"https:\/\/www.spaininvestorsday.com\/teresa-ribera-la-descarbonizacion-de-la-economia-es-clave-para-el-modelo-de-transicion-ecologica-de-espana\/\"},\"wordCount\":434,\"commentCount\":0,\"publisher\":{\"@id\":\"https:\/\/www.spaininvestorsday.com\/#organization\"},\"image\":{\"@id\":\"https:\/\/www.spaininvestorsday.com\/teresa-ribera-la-descarbonizacion-de-la-economia-es-clave-para-el-modelo-de-transicion-ecologica-de-espana\/#primaryimage\"},\"thumbnailUrl\":\"https:\/\/www.spaininvestorsday.com\/wp-content\/uploads\/2023\/01\/tERESA-RIBERA-2023-1-scaled.jpg\",\"articleSection\":[\"Notas de Prensa\",\"Portada\"],\"inLanguage\":\"en-US\",\"potentialAction\":[{\"@type\":\"CommentAction\",\"name\":\"Comment\",\"target\":[\"https:\/\/www.spaininvestorsday.com\/teresa-ribera-la-descarbonizacion-de-la-economia-es-clave-para-el-modelo-de-transicion-ecologica-de-espana\/#respond\"]}]},{\"@type\":\"WebPage\",\"@id\":\"https:\/\/www.spaininvestorsday.com\/teresa-ribera-la-descarbonizacion-de-la-economia-es-clave-para-el-modelo-de-transicion-ecologica-de-espana\/\",\"url\":\"https:\/\/www.spaininvestorsday.com\/teresa-ribera-la-descarbonizacion-de-la-economia-es-clave-para-el-modelo-de-transicion-ecologica-de-espana\/\",\"name\":\"TERESA RIBERA: \u201cLA DESCARBONIZACI\u00d3N DE LA ECONOM\u00cdA ES CLAVE PARA EL MODELO DE TRANSICI\u00d3N ECOL\u00d3GICA DE ESPA\u00d1A\\\" - Spain Investors Day\",\"isPartOf\":{\"@id\":\"https:\/\/www.spaininvestorsday.com\/#website\"},\"primaryImageOfPage\":{\"@id\":\"https:\/\/www.spaininvestorsday.com\/teresa-ribera-la-descarbonizacion-de-la-economia-es-clave-para-el-modelo-de-transicion-ecologica-de-espana\/#primaryimage\"},\"image\":{\"@id\":\"https:\/\/www.spaininvestorsday.com\/teresa-ribera-la-descarbonizacion-de-la-economia-es-clave-para-el-modelo-de-transicion-ecologica-de-espana\/#primaryimage\"},\"thumbnailUrl\":\"https:\/\/www.spaininvestorsday.com\/wp-content\/uploads\/2023\/01\/tERESA-RIBERA-2023-1-scaled.jpg\",\"datePublished\":\"2023-01-11T15:39:19+00:00\",\"dateModified\":\"2023-01-11T15:40:39+00:00\",\"description\":\"TERESA RIBERA: \u201cLA DESCARBONIZACI\u00d3N DE LA ECONOM\u00cdA ES CLAVE PARA EL MODELO DE TRANSICI\u00d3N ECOL\u00d3GICA DE ESPA\u00d1A\\\"\",\"breadcrumb\":{\"@id\":\"https:\/\/www.spaininvestorsday.com\/teresa-ribera-la-descarbonizacion-de-la-economia-es-clave-para-el-modelo-de-transicion-ecologica-de-espana\/#breadcrumb\"},\"inLanguage\":\"en-US\",\"potentialAction\":[{\"@type\":\"ReadAction\",\"target\":[\"https:\/\/www.spaininvestorsday.com\/teresa-ribera-la-descarbonizacion-de-la-economia-es-clave-para-el-modelo-de-transicion-ecologica-de-espana\/\"]}]},{\"@type\":\"ImageObject\",\"inLanguage\":\"en-US\",\"@id\":\"https:\/\/www.spaininvestorsday.com\/teresa-ribera-la-descarbonizacion-de-la-economia-es-clave-para-el-modelo-de-transicion-ecologica-de-espana\/#primaryimage\",\"url\":\"https:\/\/www.spaininvestorsday.com\/wp-content\/uploads\/2023\/01\/tERESA-RIBERA-2023-1-scaled.jpg\",\"contentUrl\":\"https:\/\/www.spaininvestorsday.com\/wp-content\/uploads\/2023\/01\/tERESA-RIBERA-2023-1-scaled.jpg\",\"width\":2560,\"height\":1403,\"caption\":\"Spain Investors Day\"},{\"@type\":\"BreadcrumbList\",\"@id\":\"https:\/\/www.spaininvestorsday.com\/teresa-ribera-la-descarbonizacion-de-la-economia-es-clave-para-el-modelo-de-transicion-ecologica-de-espana\/#breadcrumb\",\"itemListElement\":[{\"@type\":\"ListItem\",\"position\":1,\"name\":\"Portada\",\"item\":\"https:\/\/www.spaininvestorsday.com\/\"},{\"@type\":\"ListItem\",\"position\":2,\"name\":\"TERESA RIBERA: \u201cLA DESCARBONIZACI\u00d3N DE LA ECONOM\u00cdA ES CLAVE PARA EL MODELO DE TRANSICI\u00d3N ECOL\u00d3GICA DE ESPA\u00d1A\u00bb\"}]},{\"@type\":\"WebSite\",\"@id\":\"https:\/\/www.spaininvestorsday.com\/#website\",\"url\":\"https:\/\/www.spaininvestorsday.com\/\",\"name\":\"Spain Investors Day\",\"description\":\"El foro profesional \u00fanico en Espa\u00f1a\",\"publisher\":{\"@id\":\"https:\/\/www.spaininvestorsday.com\/#organization\"},\"potentialAction\":[{\"@type\":\"SearchAction\",\"target\":{\"@type\":\"EntryPoint\",\"urlTemplate\":\"https:\/\/www.spaininvestorsday.com\/?s={search_term_string}\"},\"query-input\":{\"@type\":\"PropertyValueSpecification\",\"valueRequired\":true,\"valueName\":\"search_term_string\"}}],\"inLanguage\":\"en-US\"},{\"@type\":\"Organization\",\"@id\":\"https:\/\/www.spaininvestorsday.com\/#organization\",\"name\":\"Spain Investors Day\",\"url\":\"https:\/\/www.spaininvestorsday.com\/\",\"logo\":{\"@type\":\"ImageObject\",\"inLanguage\":\"en-US\",\"@id\":\"https:\/\/www.spaininvestorsday.com\/#\/schema\/logo\/image\/\",\"url\":\"https:\/\/www.spaininvestorsday.com\/wp-content\/uploads\/2021\/10\/SID-2021.svg\",\"contentUrl\":\"https:\/\/www.spaininvestorsday.com\/wp-content\/uploads\/2021\/10\/SID-2021.svg\",\"width\":199,\"height\":79,\"caption\":\"Spain Investors Day\"},\"image\":{\"@id\":\"https:\/\/www.spaininvestorsday.com\/#\/schema\/logo\/image\/\"}},{\"@type\":\"Person\",\"@id\":\"https:\/\/www.spaininvestorsday.com\/#\/schema\/person\/5a97fa83708e448b6ed2a99027d2c7a6\",\"name\":\"mmartin\",\"image\":{\"@type\":\"ImageObject\",\"inLanguage\":\"en-US\",\"@id\":\"https:\/\/www.spaininvestorsday.com\/#\/schema\/person\/image\/\",\"url\":\"https:\/\/secure.gravatar.com\/avatar\/2cdbc25794109186737f2b868bb8d6ff2bb08f76288d542344cbff2280751ac1?s=96&d=mm&r=g\",\"contentUrl\":\"https:\/\/secure.gravatar.com\/avatar\/2cdbc25794109186737f2b868bb8d6ff2bb08f76288d542344cbff2280751ac1?s=96&d=mm&r=g\",\"caption\":\"mmartin\"},\"url\":\"https:\/\/www.spaininvestorsday.com\/en\/author\/mmartin\/\"}]}<\/script>\n<!-- \/ Yoast SEO plugin. -->","yoast_head_json":{"title":"TERESA RIBERA: \u201cLA DESCARBONIZACI\u00d3N DE LA ECONOM\u00cdA ES CLAVE PARA EL MODELO DE TRANSICI\u00d3N ECOL\u00d3GICA DE ESPA\u00d1A\" - Spain Investors Day","description":"TERESA RIBERA: \u201cLA DESCARBONIZACI\u00d3N DE LA ECONOM\u00cdA ES CLAVE PARA EL MODELO DE TRANSICI\u00d3N ECOL\u00d3GICA DE ESPA\u00d1A\"","robots":{"index":"index","follow":"follow","max-snippet":"max-snippet:-1","max-image-preview":"max-image-preview:large","max-video-preview":"max-video-preview:-1"},"canonical":"https:\/\/www.spaininvestorsday.com\/teresa-ribera-la-descarbonizacion-de-la-economia-es-clave-para-el-modelo-de-transicion-ecologica-de-espana\/","og_locale":"en_US","og_type":"article","og_title":"TERESA RIBERA: \u201cLA DESCARBONIZACI\u00d3N DE LA ECONOM\u00cdA ES CLAVE PARA EL MODELO DE TRANSICI\u00d3N ECOL\u00d3GICA DE ESPA\u00d1A\" - Spain Investors Day","og_description":"TERESA RIBERA: \u201cLA DESCARBONIZACI\u00d3N DE LA ECONOM\u00cdA ES CLAVE PARA EL MODELO DE TRANSICI\u00d3N ECOL\u00d3GICA DE ESPA\u00d1A\"","og_url":"https:\/\/www.spaininvestorsday.com\/teresa-ribera-la-descarbonizacion-de-la-economia-es-clave-para-el-modelo-de-transicion-ecologica-de-espana\/","og_site_name":"Spain Investors Day","article_published_time":"2023-01-11T15:39:19+00:00","article_modified_time":"2023-01-11T15:40:39+00:00","og_image":[{"width":2560,"height":1403,"url":"https:\/\/www.spaininvestorsday.com\/wp-content\/uploads\/2023\/01\/tERESA-RIBERA-2023-1-scaled.jpg","type":"image\/jpeg"}],"author":"mmartin","twitter_card":"summary_large_image","twitter_misc":{"Written by":"mmartin","Est. reading time":"2 minutes"},"schema":{"@context":"https:\/\/schema.org","@graph":[{"@type":"Article","@id":"https:\/\/www.spaininvestorsday.com\/teresa-ribera-la-descarbonizacion-de-la-economia-es-clave-para-el-modelo-de-transicion-ecologica-de-espana\/#article","isPartOf":{"@id":"https:\/\/www.spaininvestorsday.com\/teresa-ribera-la-descarbonizacion-de-la-economia-es-clave-para-el-modelo-de-transicion-ecologica-de-espana\/"},"author":{"name":"mmartin","@id":"https:\/\/www.spaininvestorsday.com\/#\/schema\/person\/5a97fa83708e448b6ed2a99027d2c7a6"},"headline":"TERESA RIBERA: \u201cLA DESCARBONIZACI\u00d3N DE LA ECONOM\u00cdA ES CLAVE PARA EL MODELO DE TRANSICI\u00d3N ECOL\u00d3GICA DE ESPA\u00d1A&#8221;","datePublished":"2023-01-11T15:39:19+00:00","dateModified":"2023-01-11T15:40:39+00:00","mainEntityOfPage":{"@id":"https:\/\/www.spaininvestorsday.com\/teresa-ribera-la-descarbonizacion-de-la-economia-es-clave-para-el-modelo-de-transicion-ecologica-de-espana\/"},"wordCount":434,"commentCount":0,"publisher":{"@id":"https:\/\/www.spaininvestorsday.com\/#organization"},"image":{"@id":"https:\/\/www.spaininvestorsday.com\/teresa-ribera-la-descarbonizacion-de-la-economia-es-clave-para-el-modelo-de-transicion-ecologica-de-espana\/#primaryimage"},"thumbnailUrl":"https:\/\/www.spaininvestorsday.com\/wp-content\/uploads\/2023\/01\/tERESA-RIBERA-2023-1-scaled.jpg","articleSection":["Notas de Prensa","Portada"],"inLanguage":"en-US","potentialAction":[{"@type":"CommentAction","name":"Comment","target":["https:\/\/www.spaininvestorsday.com\/teresa-ribera-la-descarbonizacion-de-la-economia-es-clave-para-el-modelo-de-transicion-ecologica-de-espana\/#respond"]}]},{"@type":"WebPage","@id":"https:\/\/www.spaininvestorsday.com\/teresa-ribera-la-descarbonizacion-de-la-economia-es-clave-para-el-modelo-de-transicion-ecologica-de-espana\/","url":"https:\/\/www.spaininvestorsday.com\/teresa-ribera-la-descarbonizacion-de-la-economia-es-clave-para-el-modelo-de-transicion-ecologica-de-espana\/","name":"TERESA RIBERA: \u201cLA DESCARBONIZACI\u00d3N DE LA ECONOM\u00cdA ES CLAVE PARA EL MODELO DE TRANSICI\u00d3N ECOL\u00d3GICA DE ESPA\u00d1A\" - Spain Investors Day","isPartOf":{"@id":"https:\/\/www.spaininvestorsday.com\/#website"},"primaryImageOfPage":{"@id":"https:\/\/www.spaininvestorsday.com\/teresa-ribera-la-descarbonizacion-de-la-economia-es-clave-para-el-modelo-de-transicion-ecologica-de-espana\/#primaryimage"},"image":{"@id":"https:\/\/www.spaininvestorsday.com\/teresa-ribera-la-descarbonizacion-de-la-economia-es-clave-para-el-modelo-de-transicion-ecologica-de-espana\/#primaryimage"},"thumbnailUrl":"https:\/\/www.spaininvestorsday.com\/wp-content\/uploads\/2023\/01\/tERESA-RIBERA-2023-1-scaled.jpg","datePublished":"2023-01-11T15:39:19+00:00","dateModified":"2023-01-11T15:40:39+00:00","description":"TERESA RIBERA: \u201cLA DESCARBONIZACI\u00d3N DE LA ECONOM\u00cdA ES CLAVE PARA EL MODELO DE TRANSICI\u00d3N ECOL\u00d3GICA DE ESPA\u00d1A\"","breadcrumb":{"@id":"https:\/\/www.spaininvestorsday.com\/teresa-ribera-la-descarbonizacion-de-la-economia-es-clave-para-el-modelo-de-transicion-ecologica-de-espana\/#breadcrumb"},"inLanguage":"en-US","potentialAction":[{"@type":"ReadAction","target":["https:\/\/www.spaininvestorsday.com\/teresa-ribera-la-descarbonizacion-de-la-economia-es-clave-para-el-modelo-de-transicion-ecologica-de-espana\/"]}]},{"@type":"ImageObject","inLanguage":"en-US","@id":"https:\/\/www.spaininvestorsday.com\/teresa-ribera-la-descarbonizacion-de-la-economia-es-clave-para-el-modelo-de-transicion-ecologica-de-espana\/#primaryimage","url":"https:\/\/www.spaininvestorsday.com\/wp-content\/uploads\/2023\/01\/tERESA-RIBERA-2023-1-scaled.jpg","contentUrl":"https:\/\/www.spaininvestorsday.com\/wp-content\/uploads\/2023\/01\/tERESA-RIBERA-2023-1-scaled.jpg","width":2560,"height":1403,"caption":"Spain Investors Day"},{"@type":"BreadcrumbList","@id":"https:\/\/www.spaininvestorsday.com\/teresa-ribera-la-descarbonizacion-de-la-economia-es-clave-para-el-modelo-de-transicion-ecologica-de-espana\/#breadcrumb","itemListElement":[{"@type":"ListItem","position":1,"name":"Portada","item":"https:\/\/www.spaininvestorsday.com\/"},{"@type":"ListItem","position":2,"name":"TERESA RIBERA: \u201cLA DESCARBONIZACI\u00d3N DE LA ECONOM\u00cdA ES CLAVE PARA EL MODELO DE TRANSICI\u00d3N ECOL\u00d3GICA DE ESPA\u00d1A\u00bb"}]},{"@type":"WebSite","@id":"https:\/\/www.spaininvestorsday.com\/#website","url":"https:\/\/www.spaininvestorsday.com\/","name":"Spain Investors Day","description":"El foro profesional \u00fanico en Espa\u00f1a","publisher":{"@id":"https:\/\/www.spaininvestorsday.com\/#organization"},"potentialAction":[{"@type":"SearchAction","target":{"@type":"EntryPoint","urlTemplate":"https:\/\/www.spaininvestorsday.com\/?s={search_term_string}"},"query-input":{"@type":"PropertyValueSpecification","valueRequired":true,"valueName":"search_term_string"}}],"inLanguage":"en-US"},{"@type":"Organization","@id":"https:\/\/www.spaininvestorsday.com\/#organization","name":"Spain Investors Day","url":"https:\/\/www.spaininvestorsday.com\/","logo":{"@type":"ImageObject","inLanguage":"en-US","@id":"https:\/\/www.spaininvestorsday.com\/#\/schema\/logo\/image\/","url":"https:\/\/www.spaininvestorsday.com\/wp-content\/uploads\/2021\/10\/SID-2021.svg","contentUrl":"https:\/\/www.spaininvestorsday.com\/wp-content\/uploads\/2021\/10\/SID-2021.svg","width":199,"height":79,"caption":"Spain Investors Day"},"image":{"@id":"https:\/\/www.spaininvestorsday.com\/#\/schema\/logo\/image\/"}},{"@type":"Person","@id":"https:\/\/www.spaininvestorsday.com\/#\/schema\/person\/5a97fa83708e448b6ed2a99027d2c7a6","name":"mmartin","image":{"@type":"ImageObject","inLanguage":"en-US","@id":"https:\/\/www.spaininvestorsday.com\/#\/schema\/person\/image\/","url":"https:\/\/secure.gravatar.com\/avatar\/2cdbc25794109186737f2b868bb8d6ff2bb08f76288d542344cbff2280751ac1?s=96&d=mm&r=g","contentUrl":"https:\/\/secure.gravatar.com\/avatar\/2cdbc25794109186737f2b868bb8d6ff2bb08f76288d542344cbff2280751ac1?s=96&d=mm&r=g","caption":"mmartin"},"url":"https:\/\/www.spaininvestorsday.com\/en\/author\/mmartin\/"}]}},"_links":{"self":[{"href":"https:\/\/www.spaininvestorsday.com\/en\/wp-json\/wp\/v2\/posts\/18918","targetHints":{"allow":["GET"]}}],"collection":[{"href":"https:\/\/www.spaininvestorsday.com\/en\/wp-json\/wp\/v2\/posts"}],"about":[{"href":"https:\/\/www.spaininvestorsday.com\/en\/wp-json\/wp\/v2\/types\/post"}],"author":[{"embeddable":true,"href":"https:\/\/www.spaininvestorsday.com\/en\/wp-json\/wp\/v2\/users\/3"}],"replies":[{"embeddable":true,"href":"https:\/\/www.spaininvestorsday.com\/en\/wp-json\/wp\/v2\/comments?post=18918"}],"version-history":[{"count":1,"href":"https:\/\/www.spaininvestorsday.com\/en\/wp-json\/wp\/v2\/posts\/18918\/revisions"}],"predecessor-version":[{"id":18921,"href":"https:\/\/www.spaininvestorsday.com\/en\/wp-json\/wp\/v2\/posts\/18918\/revisions\/18921"}],"wp:featuredmedia":[{"embeddable":true,"href":"https:\/\/www.spaininvestorsday.com\/en\/wp-json\/wp\/v2\/media\/18922"}],"wp:attachment":[{"href":"https:\/\/www.spaininvestorsday.com\/en\/wp-json\/wp\/v2\/media?parent=18918"}],"wp:term":[{"taxonomy":"category","embeddable":true,"href":"https:\/\/www.spaininvestorsday.com\/en\/wp-json\/wp\/v2\/categories?post=18918"},{"taxonomy":"post_tag","embeddable":true,"href":"https:\/\/www.spaininvestorsday.com\/en\/wp-json\/wp\/v2\/tags?post=18918"}],"curies":[{"name":"wp","href":"https:\/\/api.w.org\/{rel}","templated":true}]}}