{"id":18045,"date":"2022-11-23T08:34:55","date_gmt":"2022-11-23T08:34:55","guid":{"rendered":"https:\/\/www.spaininvestorsday.com\/?p=18045"},"modified":"2022-11-23T08:39:12","modified_gmt":"2022-11-23T08:39:12","slug":"la-xiii-edicion-del-foro-spain-investors-day-sid-se-celebrara-los-dias-11-y-12-de-enero-en-madrid","status":"publish","type":"post","link":"https:\/\/www.spaininvestorsday.com\/en\/la-xiii-edicion-del-foro-spain-investors-day-sid-se-celebrara-los-dias-11-y-12-de-enero-en-madrid\/","title":{"rendered":"LA XIII EDICI\u00d3N DEL FORO SPAIN INVESTORS DAY (SID) SE CELEBRAR\u00c1 LOS D\u00cdAS 11 Y 12 DE ENERO, EN MADRID"},"content":{"rendered":"<ul>\n<li data-leveltext=\"\uf0a7\" data-font=\"Wingdings\" data-listid=\"10\" data-list-defn-props=\"{&quot;335552541&quot;:1,&quot;335559684&quot;:-2,&quot;335559685&quot;:720,&quot;335559991&quot;:360,&quot;469769226&quot;:&quot;Wingdings&quot;,&quot;469769242&quot;:[9642],&quot;469777803&quot;:&quot;left&quot;,&quot;469777804&quot;:&quot;\uf0a7&quot;,&quot;469777815&quot;:&quot;hybridMultilevel&quot;}\" aria-setsize=\"-1\" data-aria-posinset=\"1\" data-aria-level=\"1\"><span data-contrast=\"auto\">Empresas cotizadas, miembros del equipo econ\u00f3mico del Gobierno y reguladores del mercado avanzar\u00e1n sus planes para 2023 a los principales inversores internacionales<\/span><span data-ccp-props=\"{&quot;201341983&quot;:0,&quot;335551550&quot;:6,&quot;335551620&quot;:6,&quot;335559685&quot;:567,&quot;335559739&quot;:0,&quot;335559740&quot;:240,&quot;335559991&quot;:357}\">\u00a0<\/span><\/li>\n<\/ul>\n<p><span data-ccp-props=\"{&quot;201341983&quot;:0,&quot;335551550&quot;:6,&quot;335551620&quot;:6,&quot;335559685&quot;:567,&quot;335559739&quot;:0,&quot;335559740&quot;:264}\">\u00a0<\/span><\/p>\n<p><b><span data-contrast=\"auto\">Madrid, 17\/11\/2022.-<\/span><\/b><span data-contrast=\"auto\"> El Foro Financiero<\/span><i><span data-contrast=\"auto\"> Spain Investors Day<\/span><\/i><span data-contrast=\"auto\"> (SID) tiene una nueva cita los pr\u00f3ximos d\u00edas 11 y 12 de enero, en Madrid, seg\u00fan el acuerdo alcanzado por el Consejo Rector. El Rey Felipe VI presidir\u00e1 el Comit\u00e9 de Honor de la XIII edici\u00f3n del encuentro econ\u00f3mico que reunir\u00e1 a destacados inversores internacionales con los responsables de compa\u00f1\u00edas cotizadas espa\u00f1olas, as\u00ed como con representantes del Gobierno de Espa\u00f1a y de los organismos reguladores y supervisores del mercado. El objetivo es impulsar la confianza en Espa\u00f1a y consolidar nuestro pa\u00eds como polo de atracci\u00f3n de la inversi\u00f3n en un escenario in\u00e9dito, marcado por la guerra de Ucrania y sus consecuencias.<\/span><span data-ccp-props=\"{&quot;201341983&quot;:0,&quot;335551550&quot;:6,&quot;335551620&quot;:6,&quot;335559739&quot;:160,&quot;335559740&quot;:264}\">\u00a0<\/span><\/p>\n<p><span data-contrast=\"auto\">Los asistentes analizar\u00e1n los retos y oportunidades que ofrecen el mercado y las empresas espa\u00f1olas, en un momento en el que impera la prudencia, a la espera de la evoluci\u00f3n de la guerra que ha impactado, de forma determinante, en la econom\u00eda global y que ha provocado una fuerte sacudida en el escenario geopol\u00edtico.\u00a0<\/span><span data-ccp-props=\"{&quot;201341983&quot;:0,&quot;335551550&quot;:6,&quot;335551620&quot;:6,&quot;335559739&quot;:0,&quot;335559740&quot;:240}\">\u00a0<\/span><\/p>\n<p><span data-ccp-props=\"{&quot;201341983&quot;:0,&quot;335551550&quot;:6,&quot;335551620&quot;:6,&quot;335559739&quot;:0,&quot;335559740&quot;:240}\">\u00a0<\/span><\/p>\n<p><span data-contrast=\"auto\">Los criterios ESG (<\/span><i><span data-contrast=\"auto\">Environmental, Social and Governance<\/span><\/i><span data-contrast=\"auto\">) medioambientales, sociales y de gobierno corporativo, que est\u00e1n hoy en el eje del debate social, ser\u00e1n analizados, tambi\u00e9n por inversores, empresarios y pol\u00edticos.<\/span><span data-ccp-props=\"{&quot;201341983&quot;:0,&quot;335551550&quot;:6,&quot;335551620&quot;:6,&quot;335559739&quot;:0,&quot;335559740&quot;:240}\">\u00a0<\/span><\/p>\n<p><span data-contrast=\"auto\">\u00a0<\/span><span data-ccp-props=\"{&quot;134233117&quot;:false,&quot;134233118&quot;:false,&quot;201341983&quot;:0,&quot;335551550&quot;:6,&quot;335551620&quot;:6,&quot;335559738&quot;:0,&quot;335559739&quot;:0,&quot;335559740&quot;:240}\">\u00a0<\/span><\/p>\n<p><span data-contrast=\"auto\">En opini\u00f3n del Presidente del SID, Benito Berceruelo, \u201cEspa\u00f1a mantiene su atractivo inversor, pero en un momento como el actual, marcado por la guerra y la inflaci\u00f3n, resulta crucial exponer nuestras fortalezas como pa\u00eds y trasladar un mensaje de tranquilidad a todos aquellos inversores internacionales que son propietarios de m\u00e1s del del 50% de las compa\u00f1\u00edas que cotizan en la bolsa espa\u00f1ola. Durante estas trece ediciones -agrega- el Foro <\/span><i><span data-contrast=\"auto\">Spain Investors Day<\/span><\/i><span data-contrast=\"auto\"> (SID) ha sido testigo directo y excepcional de la evoluci\u00f3n de la econom\u00eda espa\u00f1ola, por lo que, hoy, es el escaparate id\u00f3neo desde el que ofrecer una fotograf\u00eda certera de la realidad econ\u00f3mica del pa\u00eds. Contaremos con la presencia de los principales directivos de empresas cotizadas y con los miembros del equipo econ\u00f3mico del Gobierno que avanzar\u00e1n sus planes para el a\u00f1o 2023, lo que servir\u00e1 de gu\u00eda a los inversores\u201d.<\/span><span data-ccp-props=\"{&quot;134233117&quot;:false,&quot;134233118&quot;:false,&quot;201341983&quot;:0,&quot;335551550&quot;:6,&quot;335551620&quot;:6,&quot;335559738&quot;:0,&quot;335559739&quot;:0,&quot;335559740&quot;:240}\">\u00a0<\/span><\/p>\n<p><span data-ccp-props=\"{&quot;134233117&quot;:false,&quot;134233118&quot;:false,&quot;201341983&quot;:0,&quot;335551550&quot;:6,&quot;335551620&quot;:6,&quot;335559738&quot;:0,&quot;335559739&quot;:0,&quot;335559740&quot;:240}\">\u00a0<\/span><\/p>\n<p><span data-contrast=\"auto\">El Consejo Rector del <\/span><i><span data-contrast=\"auto\">Spain Investors Day<\/span><\/i><span data-contrast=\"auto\"> est\u00e1 formado por:<\/span><span data-ccp-props=\"{&quot;201341983&quot;:0,&quot;335551550&quot;:6,&quot;335551620&quot;:6,&quot;335559739&quot;:160,&quot;335559740&quot;:264}\">\u00a0<\/span><\/p>\n<p><span data-contrast=\"auto\">Presidente de Honor:\u00a0<\/span><span data-ccp-props=\"{&quot;201341983&quot;:0,&quot;335551550&quot;:6,&quot;335551620&quot;:6,&quot;335559739&quot;:0,&quot;335559740&quot;:264}\">\u00a0<\/span><\/p>\n<ul>\n<li><span data-contrast=\"auto\">S.M. El Rey Felipe VI<\/span><span data-ccp-props=\"{&quot;201341983&quot;:0,&quot;335551550&quot;:6,&quot;335551620&quot;:6,&quot;335559739&quot;:0,&quot;335559740&quot;:264}\">\u00a0<\/span><\/li>\n<\/ul>\n<p><span data-contrast=\"auto\">Presidente:\u00a0<\/span><span data-ccp-props=\"{&quot;201341983&quot;:0,&quot;335551550&quot;:6,&quot;335551620&quot;:6,&quot;335559739&quot;:0,&quot;335559740&quot;:264}\">\u00a0<\/span><\/p>\n<ul>\n<li data-leveltext=\"\uf0b7\" data-font=\"Symbol\" data-listid=\"15\" data-list-defn-props=\"{&quot;335552541&quot;:1,&quot;335559684&quot;:-2,&quot;335559685&quot;:720,&quot;335559991&quot;:360,&quot;469769226&quot;:&quot;Symbol&quot;,&quot;469769242&quot;:[8226],&quot;469777803&quot;:&quot;left&quot;,&quot;469777804&quot;:&quot;\uf0b7&quot;,&quot;469777815&quot;:&quot;hybridMultilevel&quot;}\" aria-setsize=\"-1\" data-aria-posinset=\"2\" data-aria-level=\"1\"><span data-contrast=\"auto\">Benito Berceruelo, CEO de Estudio de Comunicaci\u00f3n\u00a0<\/span><span data-ccp-props=\"{&quot;201341983&quot;:0,&quot;335551550&quot;:6,&quot;335551620&quot;:6,&quot;335559739&quot;:0,&quot;335559740&quot;:264}\">\u00a0<\/span><\/li>\n<\/ul>\n<p>&nbsp;<\/p>\n<p><span data-contrast=\"auto\">Consejeros:<\/span><span data-ccp-props=\"{&quot;201341983&quot;:0,&quot;335551550&quot;:6,&quot;335551620&quot;:6,&quot;335559739&quot;:0,&quot;335559740&quot;:264}\">\u00a0<\/span><\/p>\n<ul>\n<li data-leveltext=\"\uf0b7\" data-font=\"Symbol\" data-listid=\"17\" data-list-defn-props=\"{&quot;335552541&quot;:1,&quot;335559684&quot;:-2,&quot;335559685&quot;:720,&quot;335559991&quot;:360,&quot;469769226&quot;:&quot;Symbol&quot;,&quot;469769242&quot;:[8226],&quot;469777803&quot;:&quot;left&quot;,&quot;469777804&quot;:&quot;\uf0b7&quot;,&quot;469777815&quot;:&quot;hybridMultilevel&quot;}\" aria-setsize=\"-1\" data-aria-posinset=\"3\" data-aria-level=\"1\"><span data-contrast=\"auto\">Cecilia Boned \u2013 Presidenta BNP PARIBAS<\/span><span data-ccp-props=\"{&quot;201341983&quot;:0,&quot;335551550&quot;:6,&quot;335551620&quot;:6,&quot;335559739&quot;:0,&quot;335559740&quot;:264}\">\u00a0<\/span><\/li>\n<li data-leveltext=\"\uf0b7\" data-font=\"Symbol\" data-listid=\"17\" data-list-defn-props=\"{&quot;335552541&quot;:1,&quot;335559684&quot;:-2,&quot;335559685&quot;:720,&quot;335559991&quot;:360,&quot;469769226&quot;:&quot;Symbol&quot;,&quot;469769242&quot;:[8226],&quot;469777803&quot;:&quot;left&quot;,&quot;469777804&quot;:&quot;\uf0b7&quot;,&quot;469777815&quot;:&quot;hybridMultilevel&quot;}\" aria-setsize=\"-1\" data-aria-posinset=\"3\" data-aria-level=\"1\"><span data-contrast=\"auto\">H\u00e9ctor Fl\u00f3rez \u2013 Presidente Deloitte<\/span><span data-ccp-props=\"{&quot;201341983&quot;:0,&quot;335551550&quot;:6,&quot;335551620&quot;:6,&quot;335559739&quot;:0,&quot;335559740&quot;:264}\">\u00a0<\/span><\/li>\n<li data-leveltext=\"\uf0b7\" data-font=\"Symbol\" data-listid=\"17\" data-list-defn-props=\"{&quot;335552541&quot;:1,&quot;335559684&quot;:-2,&quot;335559685&quot;:720,&quot;335559991&quot;:360,&quot;469769226&quot;:&quot;Symbol&quot;,&quot;469769242&quot;:[8226],&quot;469777803&quot;:&quot;left&quot;,&quot;469777804&quot;:&quot;\uf0b7&quot;,&quot;469777815&quot;:&quot;hybridMultilevel&quot;}\" aria-setsize=\"-1\" data-aria-posinset=\"3\" data-aria-level=\"1\"><span data-contrast=\"auto\">Jos\u00e9 D. Bogas \u2013 CEO Endesa<\/span><span data-ccp-props=\"{&quot;201341983&quot;:0,&quot;335551550&quot;:6,&quot;335551620&quot;:6,&quot;335559739&quot;:0,&quot;335559740&quot;:264}\">\u00a0<\/span><\/li>\n<li data-leveltext=\"\uf0b7\" data-font=\"Symbol\" data-listid=\"17\" data-list-defn-props=\"{&quot;335552541&quot;:1,&quot;335559684&quot;:-2,&quot;335559685&quot;:720,&quot;335559991&quot;:360,&quot;469769226&quot;:&quot;Symbol&quot;,&quot;469769242&quot;:[8226],&quot;469777803&quot;:&quot;left&quot;,&quot;469777804&quot;:&quot;\uf0b7&quot;,&quot;469777815&quot;:&quot;hybridMultilevel&quot;}\" aria-setsize=\"-1\" data-aria-posinset=\"3\" data-aria-level=\"1\"><span data-contrast=\"auto\">Jos\u00e9 Mar\u00eda M\u00e9ndez \u2013 Director General de Cecabank<\/span><span data-ccp-props=\"{&quot;201341983&quot;:0,&quot;335551550&quot;:6,&quot;335551620&quot;:6,&quot;335559739&quot;:0,&quot;335559740&quot;:264}\">\u00a0<\/span><\/li>\n<li data-leveltext=\"\uf0b7\" data-font=\"Symbol\" data-listid=\"17\" data-list-defn-props=\"{&quot;335552541&quot;:1,&quot;335559684&quot;:-2,&quot;335559685&quot;:720,&quot;335559991&quot;:360,&quot;469769226&quot;:&quot;Symbol&quot;,&quot;469769242&quot;:[8226],&quot;469777803&quot;:&quot;left&quot;,&quot;469777804&quot;:&quot;\uf0b7&quot;,&quot;469777815&quot;:&quot;hybridMultilevel&quot;}\" aria-setsize=\"-1\" data-aria-posinset=\"3\" data-aria-level=\"1\"><span data-contrast=\"auto\">Joseph Oughourlian \u2013 Presidente Grupo Prisa<\/span><span data-ccp-props=\"{&quot;201341983&quot;:0,&quot;335551550&quot;:6,&quot;335551620&quot;:6,&quot;335559739&quot;:0,&quot;335559740&quot;:264}\">\u00a0<\/span><\/li>\n<li data-leveltext=\"\uf0b7\" data-font=\"Symbol\" data-listid=\"17\" data-list-defn-props=\"{&quot;335552541&quot;:1,&quot;335559684&quot;:-2,&quot;335559685&quot;:720,&quot;335559991&quot;:360,&quot;469769226&quot;:&quot;Symbol&quot;,&quot;469769242&quot;:[8226],&quot;469777803&quot;:&quot;left&quot;,&quot;469777804&quot;:&quot;\uf0b7&quot;,&quot;469777815&quot;:&quot;hybridMultilevel&quot;}\" aria-setsize=\"-1\" data-aria-posinset=\"3\" data-aria-level=\"1\"><span data-contrast=\"auto\">Jacobo Hornedo \u2013 CEO Aon<\/span><span data-ccp-props=\"{&quot;201341983&quot;:0,&quot;335551550&quot;:6,&quot;335551620&quot;:6,&quot;335559739&quot;:0,&quot;335559740&quot;:264}\">\u00a0<\/span><\/li>\n<li data-leveltext=\"\uf0b7\" data-font=\"Symbol\" data-listid=\"17\" data-list-defn-props=\"{&quot;335552541&quot;:1,&quot;335559684&quot;:-2,&quot;335559685&quot;:720,&quot;335559991&quot;:360,&quot;469769226&quot;:&quot;Symbol&quot;,&quot;469769242&quot;:[8226],&quot;469777803&quot;:&quot;left&quot;,&quot;469777804&quot;:&quot;\uf0b7&quot;,&quot;469777815&quot;:&quot;hybridMultilevel&quot;}\" aria-setsize=\"-1\" data-aria-posinset=\"3\" data-aria-level=\"1\"><span data-contrast=\"auto\">Jos Dijsselhof \u2013 Presidente de BME (Grupo SIX)<\/span><span data-ccp-props=\"{&quot;201341983&quot;:0,&quot;335551550&quot;:6,&quot;335551620&quot;:6,&quot;335559739&quot;:0,&quot;335559740&quot;:264}\">\u00a0<\/span><\/li>\n<li data-leveltext=\"\uf0b7\" data-font=\"Symbol\" data-listid=\"17\" data-list-defn-props=\"{&quot;335552541&quot;:1,&quot;335559684&quot;:-2,&quot;335559685&quot;:720,&quot;335559991&quot;:360,&quot;469769226&quot;:&quot;Symbol&quot;,&quot;469769242&quot;:[8226],&quot;469777803&quot;:&quot;left&quot;,&quot;469777804&quot;:&quot;\uf0b7&quot;,&quot;469777815&quot;:&quot;hybridMultilevel&quot;}\" aria-setsize=\"-1\" data-aria-posinset=\"3\" data-aria-level=\"1\"><span data-contrast=\"auto\">Ricardo Mart\u00ednez Rico \u2013 Presidente Equipo Econ\u00f3mico<\/span><span data-ccp-props=\"{&quot;201341983&quot;:0,&quot;335551550&quot;:6,&quot;335551620&quot;:6,&quot;335559739&quot;:0,&quot;335559740&quot;:264}\">\u00a0<\/span><\/li>\n<li data-leveltext=\"\uf0b7\" data-font=\"Symbol\" data-listid=\"17\" data-list-defn-props=\"{&quot;335552541&quot;:1,&quot;335559684&quot;:-2,&quot;335559685&quot;:720,&quot;335559991&quot;:360,&quot;469769226&quot;:&quot;Symbol&quot;,&quot;469769242&quot;:[8226],&quot;469777803&quot;:&quot;left&quot;,&quot;469777804&quot;:&quot;\uf0b7&quot;,&quot;469777815&quot;:&quot;hybridMultilevel&quot;}\" aria-setsize=\"-1\" data-aria-posinset=\"3\" data-aria-level=\"1\"><span data-contrast=\"auto\">Jos\u00e9 Gim\u00e9nez \u2013 Socio-Director Linklaters<\/span><span data-ccp-props=\"{&quot;201341983&quot;:0,&quot;335551550&quot;:6,&quot;335551620&quot;:6,&quot;335559739&quot;:0,&quot;335559740&quot;:264}\">\u00a0<\/span><\/li>\n<li data-leveltext=\"\uf0b7\" data-font=\"Symbol\" data-listid=\"17\" data-list-defn-props=\"{&quot;335552541&quot;:1,&quot;335559684&quot;:-2,&quot;335559685&quot;:720,&quot;335559991&quot;:360,&quot;469769226&quot;:&quot;Symbol&quot;,&quot;469769242&quot;:[8226],&quot;469777803&quot;:&quot;left&quot;,&quot;469777804&quot;:&quot;\uf0b7&quot;,&quot;469777815&quot;:&quot;hybridMultilevel&quot;}\" aria-setsize=\"-1\" data-aria-posinset=\"3\" data-aria-level=\"1\"><span data-contrast=\"auto\">Angel Corc\u00f3stegui \u2013 Presidente Magnum<\/span><span data-ccp-props=\"{&quot;201341983&quot;:0,&quot;335551550&quot;:6,&quot;335551620&quot;:6,&quot;335559739&quot;:0,&quot;335559740&quot;:264}\">\u00a0<\/span><\/li>\n<li data-leveltext=\"\uf0b7\" data-font=\"Symbol\" data-listid=\"17\" data-list-defn-props=\"{&quot;335552541&quot;:1,&quot;335559684&quot;:-2,&quot;335559685&quot;:720,&quot;335559991&quot;:360,&quot;469769226&quot;:&quot;Symbol&quot;,&quot;469769242&quot;:[8226],&quot;469777803&quot;:&quot;left&quot;,&quot;469777804&quot;:&quot;\uf0b7&quot;,&quot;469777815&quot;:&quot;hybridMultilevel&quot;}\" aria-setsize=\"-1\" data-aria-posinset=\"3\" data-aria-level=\"1\"><span data-contrast=\"auto\">Fernando Ruiz \u2013 Presidente Fundaci\u00f3n Seres<\/span><span data-ccp-props=\"{&quot;201341983&quot;:0,&quot;335551550&quot;:6,&quot;335551620&quot;:6,&quot;335559739&quot;:0,&quot;335559740&quot;:264}\">\u00a0<\/span><\/li>\n<li data-leveltext=\"\uf0b7\" data-font=\"Symbol\" data-listid=\"17\" data-list-defn-props=\"{&quot;335552541&quot;:1,&quot;335559684&quot;:-2,&quot;335559685&quot;:720,&quot;335559991&quot;:360,&quot;469769226&quot;:&quot;Symbol&quot;,&quot;469769242&quot;:[8226],&quot;469777803&quot;:&quot;left&quot;,&quot;469777804&quot;:&quot;\uf0b7&quot;,&quot;469777815&quot;:&quot;hybridMultilevel&quot;}\" aria-setsize=\"-1\" data-aria-posinset=\"3\" data-aria-level=\"1\"><span data-contrast=\"auto\">Juan Carlos Ureta \u2013 Presidente Renta 4<\/span><span data-ccp-props=\"{&quot;201341983&quot;:0,&quot;335551550&quot;:6,&quot;335551620&quot;:6,&quot;335559739&quot;:0,&quot;335559740&quot;:264}\">\u00a0<\/span><\/li>\n<li data-leveltext=\"\uf0b7\" data-font=\"Symbol\" data-listid=\"17\" data-list-defn-props=\"{&quot;335552541&quot;:1,&quot;335559684&quot;:-2,&quot;335559685&quot;:720,&quot;335559991&quot;:360,&quot;469769226&quot;:&quot;Symbol&quot;,&quot;469769242&quot;:[8226],&quot;469777803&quot;:&quot;left&quot;,&quot;469777804&quot;:&quot;\uf0b7&quot;,&quot;469777815&quot;:&quot;hybridMultilevel&quot;}\" aria-setsize=\"-1\" data-aria-posinset=\"3\" data-aria-level=\"1\"><span data-contrast=\"auto\">Xiana Margarida M\u00e9ndez \u2013 Presidenta del ICEX Espa\u00f1a Exportaci\u00f3n e Inversores<\/span><span data-ccp-props=\"{&quot;201341983&quot;:0,&quot;335551550&quot;:6,&quot;335551620&quot;:6,&quot;335559739&quot;:0,&quot;335559740&quot;:264}\">\u00a0<\/span><\/li>\n<li data-leveltext=\"\uf0b7\" data-font=\"Symbol\" data-listid=\"17\" data-list-defn-props=\"{&quot;335552541&quot;:1,&quot;335559684&quot;:-2,&quot;335559685&quot;:720,&quot;335559991&quot;:360,&quot;469769226&quot;:&quot;Symbol&quot;,&quot;469769242&quot;:[8226],&quot;469777803&quot;:&quot;left&quot;,&quot;469777804&quot;:&quot;\uf0b7&quot;,&quot;469777815&quot;:&quot;hybridMultilevel&quot;}\" aria-setsize=\"-1\" data-aria-posinset=\"3\" data-aria-level=\"1\"><span data-contrast=\"auto\">Jos\u00e9 Carlos Garc\u00eda de Quevedo \u2013 Presidente ICO<\/span><span data-ccp-props=\"{&quot;201341983&quot;:0,&quot;335551550&quot;:6,&quot;335551620&quot;:6,&quot;335559739&quot;:0,&quot;335559740&quot;:264}\">\u00a0<\/span><\/li>\n<li data-leveltext=\"\uf0b7\" data-font=\"Symbol\" data-listid=\"17\" data-list-defn-props=\"{&quot;335552541&quot;:1,&quot;335559684&quot;:-2,&quot;335559685&quot;:720,&quot;335559991&quot;:360,&quot;469769226&quot;:&quot;Symbol&quot;,&quot;469769242&quot;:[8226],&quot;469777803&quot;:&quot;left&quot;,&quot;469777804&quot;:&quot;\uf0b7&quot;,&quot;469777815&quot;:&quot;hybridMultilevel&quot;}\" aria-setsize=\"-1\" data-aria-posinset=\"3\" data-aria-level=\"1\"><span data-contrast=\"auto\">Ladislao Azcona \u2013 Presidente Estudio de Comunicaci\u00f3n<\/span><span data-ccp-props=\"{&quot;201341983&quot;:0,&quot;335551550&quot;:6,&quot;335551620&quot;:6,&quot;335559739&quot;:0,&quot;335559740&quot;:264}\">\u00a0<\/span><\/li>\n<li data-leveltext=\"\uf0b7\" data-font=\"Symbol\" data-listid=\"17\" data-list-defn-props=\"{&quot;335552541&quot;:1,&quot;335559684&quot;:-2,&quot;335559685&quot;:720,&quot;335559991&quot;:360,&quot;469769226&quot;:&quot;Symbol&quot;,&quot;469769242&quot;:[8226],&quot;469777803&quot;:&quot;left&quot;,&quot;469777804&quot;:&quot;\uf0b7&quot;,&quot;469777815&quot;:&quot;hybridMultilevel&quot;}\" aria-setsize=\"-1\" data-aria-posinset=\"3\" data-aria-level=\"1\"><span data-contrast=\"auto\">Luis Sancho \u2013 Head of Client Coverage, Financing &amp; Advisory Spain<\/span> <span data-contrast=\"auto\">de BNP Paribas Corporate and Investment Banking<\/span><span data-ccp-props=\"{&quot;201341983&quot;:0,&quot;335559739&quot;:0,&quot;335559740&quot;:240}\">\u00a0<\/span><\/li>\n<li data-leveltext=\"\uf0b7\" data-font=\"Symbol\" data-listid=\"17\" data-list-defn-props=\"{&quot;335552541&quot;:1,&quot;335559684&quot;:-2,&quot;335559685&quot;:720,&quot;335559991&quot;:360,&quot;469769226&quot;:&quot;Symbol&quot;,&quot;469769242&quot;:[8226],&quot;469777803&quot;:&quot;left&quot;,&quot;469777804&quot;:&quot;\uf0b7&quot;,&quot;469777815&quot;:&quot;hybridMultilevel&quot;}\" aria-setsize=\"-1\" data-aria-posinset=\"3\" data-aria-level=\"1\"><span data-contrast=\"auto\">Victor Steinberg\u00a0<\/span><span data-ccp-props=\"{&quot;201341983&quot;:0,&quot;335551550&quot;:6,&quot;335551620&quot;:6,&quot;335559739&quot;:0,&quot;335559740&quot;:264}\">\u00a0<\/span><\/li>\n<li data-leveltext=\"\uf0b7\" data-font=\"Symbol\" data-listid=\"17\" data-list-defn-props=\"{&quot;335552541&quot;:1,&quot;335559684&quot;:-2,&quot;335559685&quot;:720,&quot;335559991&quot;:360,&quot;469769226&quot;:&quot;Symbol&quot;,&quot;469769242&quot;:[8226],&quot;469777803&quot;:&quot;left&quot;,&quot;469777804&quot;:&quot;\uf0b7&quot;,&quot;469777815&quot;:&quot;hybridMultilevel&quot;}\" aria-setsize=\"-1\" data-aria-posinset=\"3\" data-aria-level=\"1\"><span data-contrast=\"auto\">Sonia D\u00edaz \u2013 Directora del SID<\/span><span data-ccp-props=\"{&quot;201341983&quot;:0,&quot;335551550&quot;:6,&quot;335551620&quot;:6,&quot;335559739&quot;:0,&quot;335559740&quot;:264}\">\u00a0<\/span><\/li>\n<\/ul>\n<p><span data-ccp-props=\"{&quot;201341983&quot;:0,&quot;335551550&quot;:6,&quot;335551620&quot;:6,&quot;335559739&quot;:160,&quot;335559740&quot;:264}\">\u00a0<\/span><\/p>\n<p><span data-ccp-props=\"{&quot;201341983&quot;:0,&quot;335551550&quot;:6,&quot;335551620&quot;:6,&quot;335559739&quot;:160,&quot;335559740&quot;:264}\">\u00a0<\/span><\/p>\n<p><span data-contrast=\"auto\">Los asociados estrat\u00e9gicos que hacen posible el Foro <\/span><i><span data-contrast=\"auto\">Spain Investors Day<\/span><\/i><span data-contrast=\"auto\"> son BNP PARIBAS, l\u00edder europeo en servicios financieros, y BNP PARIBAS EXANE, uno de los principales intermediarios en renta variable europea. El Foro cuenta con el patrocinio de DELOITTE, ENDESA, CECABANK, PRISA, AON y BME. Tambi\u00e9n apoyan el encuentro LINKLATERS y EQUIPO ECON\u00d3MICO y las entidades p\u00fablicas ICEX-Invest in Spain, ICO y COFIDES. <\/span><i><span data-contrast=\"auto\">Spain Investors Day<\/span><\/i><span data-contrast=\"auto\"> es una empresa de ESTUDIO DE COMUNICACI\u00d3N.\u00a0<\/span><span data-ccp-props=\"{&quot;201341983&quot;:0,&quot;335551550&quot;:6,&quot;335551620&quot;:6,&quot;335559739&quot;:160,&quot;335559740&quot;:264}\">\u00a0<\/span><\/p>\n","protected":false},"excerpt":{"rendered":"<p>Empresas cotizadas, miembros del equipo econ\u00f3mico del Gobierno y reguladores del mercado avanzar\u00e1n sus planes para 2023 a los principales inversores internacionales\u00a0 \u00a0 Madrid, 17\/11\/2022.- El Foro Financiero Spain Investors Day (SID) tiene una nueva cita los pr\u00f3ximos d\u00edas 11 y 12 de enero, en Madrid, seg\u00fan el acuerdo alcanzado por el Consejo Rector. El&hellip; <a class=\"more-link\" href=\"https:\/\/www.spaininvestorsday.com\/en\/la-xiii-edicion-del-foro-spain-investors-day-sid-se-celebrara-los-dias-11-y-12-de-enero-en-madrid\/\">Continue reading <span class=\"screen-reader-text\">LA XIII EDICI\u00d3N DEL FORO SPAIN INVESTORS DAY (SID) SE CELEBRAR\u00c1 LOS D\u00cdAS 11 Y 12 DE ENERO, EN MADRID<\/span><\/a><\/p>\n","protected":false},"author":3,"featured_media":18046,"comment_status":"open","ping_status":"open","sticky":false,"template":"","format":"standard","meta":{"inline_featured_image":false,"footnotes":""},"categories":[169,7,318],"tags":[],"class_list":["post-18045","post","type-post","status-publish","format-standard","has-post-thumbnail","hentry","category-169","category-notas-de-prensa","category-portada","entry"],"yoast_head":"<!-- This site is optimized with the Yoast SEO plugin v26.6 - https:\/\/yoast.com\/wordpress\/plugins\/seo\/ -->\n<title>LA XIII EDICI\u00d3N DEL FORO SPAIN INVESTORS DAY (SID) SE CELEBRAR\u00c1 LOS D\u00cdAS 11 Y 12 DE ENERO, EN MADRID<\/title>\n<meta name=\"description\" content=\"LA XIII EDICI\u00d3N DEL FORO SPAIN INVESTORS DAY (SID) SE CELEBRAR\u00c1 LOS D\u00cdAS 11 Y 12 DE ENERO, EN MADRID\" \/>\n<meta name=\"robots\" content=\"index, follow, max-snippet:-1, max-image-preview:large, max-video-preview:-1\" \/>\n<link rel=\"canonical\" href=\"https:\/\/www.spaininvestorsday.com\/la-xiii-edicion-del-foro-spain-investors-day-sid-se-celebrara-los-dias-11-y-12-de-enero-en-madrid\/\" \/>\n<meta property=\"og:locale\" content=\"en_US\" \/>\n<meta property=\"og:type\" content=\"article\" \/>\n<meta property=\"og:title\" content=\"LA XIII EDICI\u00d3N DEL FORO SPAIN INVESTORS DAY (SID) SE CELEBRAR\u00c1 LOS D\u00cdAS 11 Y 12 DE ENERO, EN MADRID\" \/>\n<meta property=\"og:description\" content=\"LA XIII EDICI\u00d3N DEL FORO SPAIN INVESTORS DAY (SID) SE CELEBRAR\u00c1 LOS D\u00cdAS 11 Y 12 DE ENERO, EN MADRID\" \/>\n<meta property=\"og:url\" content=\"https:\/\/www.spaininvestorsday.com\/la-xiii-edicion-del-foro-spain-investors-day-sid-se-celebrara-los-dias-11-y-12-de-enero-en-madrid\/\" \/>\n<meta property=\"og:site_name\" content=\"Spain Investors Day\" \/>\n<meta property=\"article:published_time\" content=\"2022-11-23T08:34:55+00:00\" \/>\n<meta property=\"article:modified_time\" content=\"2022-11-23T08:39:12+00:00\" \/>\n<meta property=\"og:image\" content=\"https:\/\/www.spaininvestorsday.com\/wp-content\/uploads\/2022\/11\/MicrosoftTeams-image-79.jpg\" \/>\n\t<meta property=\"og:image:width\" content=\"1920\" \/>\n\t<meta property=\"og:image:height\" content=\"1080\" \/>\n\t<meta property=\"og:image:type\" content=\"image\/jpeg\" \/>\n<meta name=\"author\" content=\"mmartin\" \/>\n<meta name=\"twitter:card\" content=\"summary_large_image\" \/>\n<meta name=\"twitter:label1\" content=\"Written by\" \/>\n\t<meta name=\"twitter:data1\" content=\"mmartin\" \/>\n\t<meta name=\"twitter:label2\" content=\"Est. reading time\" \/>\n\t<meta name=\"twitter:data2\" content=\"3 minutes\" \/>\n<script type=\"application\/ld+json\" class=\"yoast-schema-graph\">{\"@context\":\"https:\/\/schema.org\",\"@graph\":[{\"@type\":\"Article\",\"@id\":\"https:\/\/www.spaininvestorsday.com\/la-xiii-edicion-del-foro-spain-investors-day-sid-se-celebrara-los-dias-11-y-12-de-enero-en-madrid\/#article\",\"isPartOf\":{\"@id\":\"https:\/\/www.spaininvestorsday.com\/la-xiii-edicion-del-foro-spain-investors-day-sid-se-celebrara-los-dias-11-y-12-de-enero-en-madrid\/\"},\"author\":{\"name\":\"mmartin\",\"@id\":\"https:\/\/www.spaininvestorsday.com\/#\/schema\/person\/5a97fa83708e448b6ed2a99027d2c7a6\"},\"headline\":\"LA XIII EDICI\u00d3N DEL FORO SPAIN INVESTORS DAY (SID) SE CELEBRAR\u00c1 LOS D\u00cdAS 11 Y 12 DE ENERO, EN MADRID\",\"datePublished\":\"2022-11-23T08:34:55+00:00\",\"dateModified\":\"2022-11-23T08:39:12+00:00\",\"mainEntityOfPage\":{\"@id\":\"https:\/\/www.spaininvestorsday.com\/la-xiii-edicion-del-foro-spain-investors-day-sid-se-celebrara-los-dias-11-y-12-de-enero-en-madrid\/\"},\"wordCount\":648,\"commentCount\":0,\"publisher\":{\"@id\":\"https:\/\/www.spaininvestorsday.com\/#organization\"},\"image\":{\"@id\":\"https:\/\/www.spaininvestorsday.com\/la-xiii-edicion-del-foro-spain-investors-day-sid-se-celebrara-los-dias-11-y-12-de-enero-en-madrid\/#primaryimage\"},\"thumbnailUrl\":\"https:\/\/www.spaininvestorsday.com\/wp-content\/uploads\/2022\/11\/MicrosoftTeams-image-79.jpg\",\"articleSection\":[\"2022\",\"Notas de Prensa\",\"Portada\"],\"inLanguage\":\"en-US\",\"potentialAction\":[{\"@type\":\"CommentAction\",\"name\":\"Comment\",\"target\":[\"https:\/\/www.spaininvestorsday.com\/la-xiii-edicion-del-foro-spain-investors-day-sid-se-celebrara-los-dias-11-y-12-de-enero-en-madrid\/#respond\"]}]},{\"@type\":\"WebPage\",\"@id\":\"https:\/\/www.spaininvestorsday.com\/la-xiii-edicion-del-foro-spain-investors-day-sid-se-celebrara-los-dias-11-y-12-de-enero-en-madrid\/\",\"url\":\"https:\/\/www.spaininvestorsday.com\/la-xiii-edicion-del-foro-spain-investors-day-sid-se-celebrara-los-dias-11-y-12-de-enero-en-madrid\/\",\"name\":\"LA XIII EDICI\u00d3N DEL FORO SPAIN INVESTORS DAY (SID) SE CELEBRAR\u00c1 LOS D\u00cdAS 11 Y 12 DE ENERO, EN MADRID\",\"isPartOf\":{\"@id\":\"https:\/\/www.spaininvestorsday.com\/#website\"},\"primaryImageOfPage\":{\"@id\":\"https:\/\/www.spaininvestorsday.com\/la-xiii-edicion-del-foro-spain-investors-day-sid-se-celebrara-los-dias-11-y-12-de-enero-en-madrid\/#primaryimage\"},\"image\":{\"@id\":\"https:\/\/www.spaininvestorsday.com\/la-xiii-edicion-del-foro-spain-investors-day-sid-se-celebrara-los-dias-11-y-12-de-enero-en-madrid\/#primaryimage\"},\"thumbnailUrl\":\"https:\/\/www.spaininvestorsday.com\/wp-content\/uploads\/2022\/11\/MicrosoftTeams-image-79.jpg\",\"datePublished\":\"2022-11-23T08:34:55+00:00\",\"dateModified\":\"2022-11-23T08:39:12+00:00\",\"description\":\"LA XIII EDICI\u00d3N DEL FORO SPAIN INVESTORS DAY (SID) SE CELEBRAR\u00c1 LOS D\u00cdAS 11 Y 12 DE ENERO, EN MADRID\",\"breadcrumb\":{\"@id\":\"https:\/\/www.spaininvestorsday.com\/la-xiii-edicion-del-foro-spain-investors-day-sid-se-celebrara-los-dias-11-y-12-de-enero-en-madrid\/#breadcrumb\"},\"inLanguage\":\"en-US\",\"potentialAction\":[{\"@type\":\"ReadAction\",\"target\":[\"https:\/\/www.spaininvestorsday.com\/la-xiii-edicion-del-foro-spain-investors-day-sid-se-celebrara-los-dias-11-y-12-de-enero-en-madrid\/\"]}]},{\"@type\":\"ImageObject\",\"inLanguage\":\"en-US\",\"@id\":\"https:\/\/www.spaininvestorsday.com\/la-xiii-edicion-del-foro-spain-investors-day-sid-se-celebrara-los-dias-11-y-12-de-enero-en-madrid\/#primaryimage\",\"url\":\"https:\/\/www.spaininvestorsday.com\/wp-content\/uploads\/2022\/11\/MicrosoftTeams-image-79.jpg\",\"contentUrl\":\"https:\/\/www.spaininvestorsday.com\/wp-content\/uploads\/2022\/11\/MicrosoftTeams-image-79.jpg\",\"width\":1920,\"height\":1080},{\"@type\":\"BreadcrumbList\",\"@id\":\"https:\/\/www.spaininvestorsday.com\/la-xiii-edicion-del-foro-spain-investors-day-sid-se-celebrara-los-dias-11-y-12-de-enero-en-madrid\/#breadcrumb\",\"itemListElement\":[{\"@type\":\"ListItem\",\"position\":1,\"name\":\"Portada\",\"item\":\"https:\/\/www.spaininvestorsday.com\/\"},{\"@type\":\"ListItem\",\"position\":2,\"name\":\"LA XIII EDICI\u00d3N DEL FORO SPAIN INVESTORS DAY (SID) SE CELEBRAR\u00c1 LOS D\u00cdAS 11 Y 12 DE ENERO, EN MADRID\"}]},{\"@type\":\"WebSite\",\"@id\":\"https:\/\/www.spaininvestorsday.com\/#website\",\"url\":\"https:\/\/www.spaininvestorsday.com\/\",\"name\":\"Spain Investors Day\",\"description\":\"El foro profesional \u00fanico en Espa\u00f1a\",\"publisher\":{\"@id\":\"https:\/\/www.spaininvestorsday.com\/#organization\"},\"potentialAction\":[{\"@type\":\"SearchAction\",\"target\":{\"@type\":\"EntryPoint\",\"urlTemplate\":\"https:\/\/www.spaininvestorsday.com\/?s={search_term_string}\"},\"query-input\":{\"@type\":\"PropertyValueSpecification\",\"valueRequired\":true,\"valueName\":\"search_term_string\"}}],\"inLanguage\":\"en-US\"},{\"@type\":\"Organization\",\"@id\":\"https:\/\/www.spaininvestorsday.com\/#organization\",\"name\":\"Spain Investors Day\",\"url\":\"https:\/\/www.spaininvestorsday.com\/\",\"logo\":{\"@type\":\"ImageObject\",\"inLanguage\":\"en-US\",\"@id\":\"https:\/\/www.spaininvestorsday.com\/#\/schema\/logo\/image\/\",\"url\":\"https:\/\/www.spaininvestorsday.com\/wp-content\/uploads\/2021\/10\/SID-2021.svg\",\"contentUrl\":\"https:\/\/www.spaininvestorsday.com\/wp-content\/uploads\/2021\/10\/SID-2021.svg\",\"width\":199,\"height\":79,\"caption\":\"Spain Investors Day\"},\"image\":{\"@id\":\"https:\/\/www.spaininvestorsday.com\/#\/schema\/logo\/image\/\"}},{\"@type\":\"Person\",\"@id\":\"https:\/\/www.spaininvestorsday.com\/#\/schema\/person\/5a97fa83708e448b6ed2a99027d2c7a6\",\"name\":\"mmartin\",\"image\":{\"@type\":\"ImageObject\",\"inLanguage\":\"en-US\",\"@id\":\"https:\/\/www.spaininvestorsday.com\/#\/schema\/person\/image\/\",\"url\":\"https:\/\/secure.gravatar.com\/avatar\/2cdbc25794109186737f2b868bb8d6ff2bb08f76288d542344cbff2280751ac1?s=96&d=mm&r=g\",\"contentUrl\":\"https:\/\/secure.gravatar.com\/avatar\/2cdbc25794109186737f2b868bb8d6ff2bb08f76288d542344cbff2280751ac1?s=96&d=mm&r=g\",\"caption\":\"mmartin\"},\"url\":\"https:\/\/www.spaininvestorsday.com\/en\/author\/mmartin\/\"}]}<\/script>\n<!-- \/ Yoast SEO plugin. -->","yoast_head_json":{"title":"LA XIII EDICI\u00d3N DEL FORO SPAIN INVESTORS DAY (SID) SE CELEBRAR\u00c1 LOS D\u00cdAS 11 Y 12 DE ENERO, EN MADRID","description":"LA XIII EDICI\u00d3N DEL FORO SPAIN INVESTORS DAY (SID) SE CELEBRAR\u00c1 LOS D\u00cdAS 11 Y 12 DE ENERO, EN MADRID","robots":{"index":"index","follow":"follow","max-snippet":"max-snippet:-1","max-image-preview":"max-image-preview:large","max-video-preview":"max-video-preview:-1"},"canonical":"https:\/\/www.spaininvestorsday.com\/la-xiii-edicion-del-foro-spain-investors-day-sid-se-celebrara-los-dias-11-y-12-de-enero-en-madrid\/","og_locale":"en_US","og_type":"article","og_title":"LA XIII EDICI\u00d3N DEL FORO SPAIN INVESTORS DAY (SID) SE CELEBRAR\u00c1 LOS D\u00cdAS 11 Y 12 DE ENERO, EN MADRID","og_description":"LA XIII EDICI\u00d3N DEL FORO SPAIN INVESTORS DAY (SID) SE CELEBRAR\u00c1 LOS D\u00cdAS 11 Y 12 DE ENERO, EN MADRID","og_url":"https:\/\/www.spaininvestorsday.com\/la-xiii-edicion-del-foro-spain-investors-day-sid-se-celebrara-los-dias-11-y-12-de-enero-en-madrid\/","og_site_name":"Spain Investors Day","article_published_time":"2022-11-23T08:34:55+00:00","article_modified_time":"2022-11-23T08:39:12+00:00","og_image":[{"width":1920,"height":1080,"url":"https:\/\/www.spaininvestorsday.com\/wp-content\/uploads\/2022\/11\/MicrosoftTeams-image-79.jpg","type":"image\/jpeg"}],"author":"mmartin","twitter_card":"summary_large_image","twitter_misc":{"Written by":"mmartin","Est. reading time":"3 minutes"},"schema":{"@context":"https:\/\/schema.org","@graph":[{"@type":"Article","@id":"https:\/\/www.spaininvestorsday.com\/la-xiii-edicion-del-foro-spain-investors-day-sid-se-celebrara-los-dias-11-y-12-de-enero-en-madrid\/#article","isPartOf":{"@id":"https:\/\/www.spaininvestorsday.com\/la-xiii-edicion-del-foro-spain-investors-day-sid-se-celebrara-los-dias-11-y-12-de-enero-en-madrid\/"},"author":{"name":"mmartin","@id":"https:\/\/www.spaininvestorsday.com\/#\/schema\/person\/5a97fa83708e448b6ed2a99027d2c7a6"},"headline":"LA XIII EDICI\u00d3N DEL FORO SPAIN INVESTORS DAY (SID) SE CELEBRAR\u00c1 LOS D\u00cdAS 11 Y 12 DE ENERO, EN MADRID","datePublished":"2022-11-23T08:34:55+00:00","dateModified":"2022-11-23T08:39:12+00:00","mainEntityOfPage":{"@id":"https:\/\/www.spaininvestorsday.com\/la-xiii-edicion-del-foro-spain-investors-day-sid-se-celebrara-los-dias-11-y-12-de-enero-en-madrid\/"},"wordCount":648,"commentCount":0,"publisher":{"@id":"https:\/\/www.spaininvestorsday.com\/#organization"},"image":{"@id":"https:\/\/www.spaininvestorsday.com\/la-xiii-edicion-del-foro-spain-investors-day-sid-se-celebrara-los-dias-11-y-12-de-enero-en-madrid\/#primaryimage"},"thumbnailUrl":"https:\/\/www.spaininvestorsday.com\/wp-content\/uploads\/2022\/11\/MicrosoftTeams-image-79.jpg","articleSection":["2022","Notas de Prensa","Portada"],"inLanguage":"en-US","potentialAction":[{"@type":"CommentAction","name":"Comment","target":["https:\/\/www.spaininvestorsday.com\/la-xiii-edicion-del-foro-spain-investors-day-sid-se-celebrara-los-dias-11-y-12-de-enero-en-madrid\/#respond"]}]},{"@type":"WebPage","@id":"https:\/\/www.spaininvestorsday.com\/la-xiii-edicion-del-foro-spain-investors-day-sid-se-celebrara-los-dias-11-y-12-de-enero-en-madrid\/","url":"https:\/\/www.spaininvestorsday.com\/la-xiii-edicion-del-foro-spain-investors-day-sid-se-celebrara-los-dias-11-y-12-de-enero-en-madrid\/","name":"LA XIII EDICI\u00d3N DEL FORO SPAIN INVESTORS DAY (SID) SE CELEBRAR\u00c1 LOS D\u00cdAS 11 Y 12 DE ENERO, EN MADRID","isPartOf":{"@id":"https:\/\/www.spaininvestorsday.com\/#website"},"primaryImageOfPage":{"@id":"https:\/\/www.spaininvestorsday.com\/la-xiii-edicion-del-foro-spain-investors-day-sid-se-celebrara-los-dias-11-y-12-de-enero-en-madrid\/#primaryimage"},"image":{"@id":"https:\/\/www.spaininvestorsday.com\/la-xiii-edicion-del-foro-spain-investors-day-sid-se-celebrara-los-dias-11-y-12-de-enero-en-madrid\/#primaryimage"},"thumbnailUrl":"https:\/\/www.spaininvestorsday.com\/wp-content\/uploads\/2022\/11\/MicrosoftTeams-image-79.jpg","datePublished":"2022-11-23T08:34:55+00:00","dateModified":"2022-11-23T08:39:12+00:00","description":"LA XIII EDICI\u00d3N DEL FORO SPAIN INVESTORS DAY (SID) SE CELEBRAR\u00c1 LOS D\u00cdAS 11 Y 12 DE ENERO, EN MADRID","breadcrumb":{"@id":"https:\/\/www.spaininvestorsday.com\/la-xiii-edicion-del-foro-spain-investors-day-sid-se-celebrara-los-dias-11-y-12-de-enero-en-madrid\/#breadcrumb"},"inLanguage":"en-US","potentialAction":[{"@type":"ReadAction","target":["https:\/\/www.spaininvestorsday.com\/la-xiii-edicion-del-foro-spain-investors-day-sid-se-celebrara-los-dias-11-y-12-de-enero-en-madrid\/"]}]},{"@type":"ImageObject","inLanguage":"en-US","@id":"https:\/\/www.spaininvestorsday.com\/la-xiii-edicion-del-foro-spain-investors-day-sid-se-celebrara-los-dias-11-y-12-de-enero-en-madrid\/#primaryimage","url":"https:\/\/www.spaininvestorsday.com\/wp-content\/uploads\/2022\/11\/MicrosoftTeams-image-79.jpg","contentUrl":"https:\/\/www.spaininvestorsday.com\/wp-content\/uploads\/2022\/11\/MicrosoftTeams-image-79.jpg","width":1920,"height":1080},{"@type":"BreadcrumbList","@id":"https:\/\/www.spaininvestorsday.com\/la-xiii-edicion-del-foro-spain-investors-day-sid-se-celebrara-los-dias-11-y-12-de-enero-en-madrid\/#breadcrumb","itemListElement":[{"@type":"ListItem","position":1,"name":"Portada","item":"https:\/\/www.spaininvestorsday.com\/"},{"@type":"ListItem","position":2,"name":"LA XIII EDICI\u00d3N DEL FORO SPAIN INVESTORS DAY (SID) SE CELEBRAR\u00c1 LOS D\u00cdAS 11 Y 12 DE ENERO, EN MADRID"}]},{"@type":"WebSite","@id":"https:\/\/www.spaininvestorsday.com\/#website","url":"https:\/\/www.spaininvestorsday.com\/","name":"Spain Investors Day","description":"El foro profesional \u00fanico en Espa\u00f1a","publisher":{"@id":"https:\/\/www.spaininvestorsday.com\/#organization"},"potentialAction":[{"@type":"SearchAction","target":{"@type":"EntryPoint","urlTemplate":"https:\/\/www.spaininvestorsday.com\/?s={search_term_string}"},"query-input":{"@type":"PropertyValueSpecification","valueRequired":true,"valueName":"search_term_string"}}],"inLanguage":"en-US"},{"@type":"Organization","@id":"https:\/\/www.spaininvestorsday.com\/#organization","name":"Spain Investors Day","url":"https:\/\/www.spaininvestorsday.com\/","logo":{"@type":"ImageObject","inLanguage":"en-US","@id":"https:\/\/www.spaininvestorsday.com\/#\/schema\/logo\/image\/","url":"https:\/\/www.spaininvestorsday.com\/wp-content\/uploads\/2021\/10\/SID-2021.svg","contentUrl":"https:\/\/www.spaininvestorsday.com\/wp-content\/uploads\/2021\/10\/SID-2021.svg","width":199,"height":79,"caption":"Spain Investors Day"},"image":{"@id":"https:\/\/www.spaininvestorsday.com\/#\/schema\/logo\/image\/"}},{"@type":"Person","@id":"https:\/\/www.spaininvestorsday.com\/#\/schema\/person\/5a97fa83708e448b6ed2a99027d2c7a6","name":"mmartin","image":{"@type":"ImageObject","inLanguage":"en-US","@id":"https:\/\/www.spaininvestorsday.com\/#\/schema\/person\/image\/","url":"https:\/\/secure.gravatar.com\/avatar\/2cdbc25794109186737f2b868bb8d6ff2bb08f76288d542344cbff2280751ac1?s=96&d=mm&r=g","contentUrl":"https:\/\/secure.gravatar.com\/avatar\/2cdbc25794109186737f2b868bb8d6ff2bb08f76288d542344cbff2280751ac1?s=96&d=mm&r=g","caption":"mmartin"},"url":"https:\/\/www.spaininvestorsday.com\/en\/author\/mmartin\/"}]}},"_links":{"self":[{"href":"https:\/\/www.spaininvestorsday.com\/en\/wp-json\/wp\/v2\/posts\/18045","targetHints":{"allow":["GET"]}}],"collection":[{"href":"https:\/\/www.spaininvestorsday.com\/en\/wp-json\/wp\/v2\/posts"}],"about":[{"href":"https:\/\/www.spaininvestorsday.com\/en\/wp-json\/wp\/v2\/types\/post"}],"author":[{"embeddable":true,"href":"https:\/\/www.spaininvestorsday.com\/en\/wp-json\/wp\/v2\/users\/3"}],"replies":[{"embeddable":true,"href":"https:\/\/www.spaininvestorsday.com\/en\/wp-json\/wp\/v2\/comments?post=18045"}],"version-history":[{"count":3,"href":"https:\/\/www.spaininvestorsday.com\/en\/wp-json\/wp\/v2\/posts\/18045\/revisions"}],"predecessor-version":[{"id":18050,"href":"https:\/\/www.spaininvestorsday.com\/en\/wp-json\/wp\/v2\/posts\/18045\/revisions\/18050"}],"wp:featuredmedia":[{"embeddable":true,"href":"https:\/\/www.spaininvestorsday.com\/en\/wp-json\/wp\/v2\/media\/18046"}],"wp:attachment":[{"href":"https:\/\/www.spaininvestorsday.com\/en\/wp-json\/wp\/v2\/media?parent=18045"}],"wp:term":[{"taxonomy":"category","embeddable":true,"href":"https:\/\/www.spaininvestorsday.com\/en\/wp-json\/wp\/v2\/categories?post=18045"},{"taxonomy":"post_tag","embeddable":true,"href":"https:\/\/www.spaininvestorsday.com\/en\/wp-json\/wp\/v2\/tags?post=18045"}],"curies":[{"name":"wp","href":"https:\/\/api.w.org\/{rel}","templated":true}]}}